{"id":127586,"date":"2025-12-09T14:42:56","date_gmt":"2025-12-09T17:42:56","guid":{"rendered":"https:\/\/rem.sema.mt.gov.br\/?p=127586"},"modified":"2025-12-10T11:27:49","modified_gmt":"2025-12-10T14:27:49","slug":"cepct-aprova-regimento-cria-comenda-e-planeja-acoes-para-2026-em-oficina-estrategica","status":"publish","type":"post","link":"https:\/\/rem.sema.mt.gov.br\/en\/agricultura-familiar\/cepct-aprova-regimento-cria-comenda-e-planeja-acoes-para-2026-em-oficina-estrategica\/","title":{"rendered":"CEPCT aprova regimento, cria comenda e planeja a\u00e7\u00f5es para 2026 em oficina estrat\u00e9gica"},"content":{"rendered":"<p class=\"has-medium-font-size\">O Conselho Estadual de Povos e Comunidades Tradicionais (CEPCT) realizou, nos dias 4 e 5 de dezembro, a 2\u00aa Oficina de Planejamento Estrat\u00e9gico, que contou com apoio do Programa REM MT. O encontro teve como foco debates essenciais para a consolida\u00e7\u00e3o de suas a\u00e7\u00f5es, como as normas internas e o planejamento das a\u00e7\u00f5es que ir\u00e3o orientar os trabalhos em 2026.<\/p>\n\n\n\n<p class=\"has-medium-font-size\">Foi realizada uma constru\u00e7\u00e3o coletiva do Regimento Interno, documento fundamental para a normatiza\u00e7\u00e3o do funcionamento do conselho, que foi aprovado pelos conselheiros, com poucas ressalvas. A professora Vivian Dan, do curso de Direito da Unemat\/C\u00e1ceres, foi convidada a apoiar tecnicamente a elabora\u00e7\u00e3o do regimento interno. Ela destacou a import\u00e2ncia hist\u00f3rica desse processo:<\/p>\n\n\n\n<p class=\"has-medium-font-size\">\u201cEstou aqui com os membros do Conselho Estadual de Povos e Comunidades Tradicionais para discutir e debater o regimento interno deste conselho. A minha contribui\u00e7\u00e3o \u00e9 fazer o rascunho deste regimento para que os conselheiros verifiquem a pertin\u00eancia em rela\u00e7\u00e3o \u00e0s finalidades, compet\u00eancias, princ\u00edpios e estrutura organizacional. A import\u00e2ncia da constru\u00e7\u00e3o deste regimento \u00e9 que ele dar\u00e1 voz aos povos e comunidades tradicionais para avaliar pol\u00edticas p\u00fablicas e se mobilizar melhor. A partir dele poder\u00e3o aprovar mo\u00e7\u00f5es, notas t\u00e9cnicas, recomenda\u00e7\u00f5es e estudar temas sens\u00edveis ligados ao desenvolvimento sustent\u00e1vel e ao enfrentamento das vulnerabilidades. Agrade\u00e7o ao REM pela oportunidade de contribuir com esse momento hist\u00f3rico e \u00edmpar\u201d, disse a professora.<\/p>\n\n\n\n<p class=\"has-medium-font-size\">Tamb\u00e9m foram definidos os crit\u00e9rios e formatos da Comenda e Premia\u00e7\u00e3o do CEPCT, honrarias que reconhecem personalidades, institui\u00e7\u00f5es e representantes de povos e comunidades tradicionais que contribuem para a promo\u00e7\u00e3o de direitos, para a prote\u00e7\u00e3o territorial e para o desenvolvimento sustent\u00e1vel em Mato Grosso. O presidente do CEPCT, Marcos Ant\u00f4nio Camargo Ferreira, ressaltou o avan\u00e7o institucional proporcionado pela oficina e destacou a cria\u00e7\u00e3o da nova Comenda do conselho.<\/p>\n\n\n\n<p class=\"has-medium-font-size\">\u201cEstamos realizando a segunda Oficina de Planejamento Estrat\u00e9gico, que, entre as v\u00e1rias pautas, est\u00e1 criando uma Comenda para reconhecer trabalhos e iniciativas em benef\u00edcio dos povos e comunidades tradicionais. Ela ser\u00e1 entregue a personalidades p\u00fablicas, artistas, institui\u00e7\u00f5es, iniciativas acad\u00eamicas, pol\u00edticas, de sa\u00fade e educa\u00e7\u00e3o, al\u00e9m de reconhecer representantes desses povos dentro do conselho\u201d.<\/p>\n\n\n\n<figure class=\"wp-block-image size-large\"><img fetchpriority=\"high\" decoding=\"async\" width=\"1024\" height=\"683\" src=\"https:\/\/rem.sema.mt.gov.br\/wp-content\/uploads\/2025\/12\/IMG_5394-1024x683.webp\" alt=\"\" class=\"wp-image-127589\" srcset=\"https:\/\/rem.sema.mt.gov.br\/wp-content\/uploads\/2025\/12\/IMG_5394-1024x683.webp 1024w, https:\/\/rem.sema.mt.gov.br\/wp-content\/uploads\/2025\/12\/IMG_5394-300x200.webp 300w, https:\/\/rem.sema.mt.gov.br\/wp-content\/uploads\/2025\/12\/IMG_5394-768x512.webp 768w, https:\/\/rem.sema.mt.gov.br\/wp-content\/uploads\/2025\/12\/IMG_5394-1536x1024.webp 1536w, https:\/\/rem.sema.mt.gov.br\/wp-content\/uploads\/2025\/12\/IMG_5394-2048x1365.webp 2048w, https:\/\/rem.sema.mt.gov.br\/wp-content\/uploads\/2025\/12\/IMG_5394-18x12.webp 18w\" sizes=\"(max-width: 1024px) 100vw, 1024px\" \/><\/figure>\n\n\n\n<p>Diploma\u00e7\u00e3o oficial dos conselheiros do CEPCT &#8211; Foto: Priscila Soares\/Programa REM MT<\/p>\n\n\n\n<p class=\"has-medium-font-size\">O encontro tamb\u00e9m marcou o planejamento das a\u00e7\u00f5es para 2026, com a defini\u00e7\u00e3o de uma agenda de eventos e atividades priorit\u00e1rias. Al\u00e9m disso, os conselheiros foram oficialmente diplomados, recebendo sua honraria de conselheiro. \u201cCom a recente publica\u00e7\u00e3o dos novos conselheiros da sociedade civil, finalmente o conselho pode decidir os rumos das suas atividades, entre elas o planejamento para as a\u00e7\u00f5es de 2026\u201d, comemora Marcos Antonio.<\/p>\n\n\n\n<p class=\"has-medium-font-size\">Outra decis\u00e3o importante feita pelos conselheiros durante a oficina foi a indica\u00e7\u00e3o, vota\u00e7\u00e3o a aceite do nome da conselheira M\u00e3e Joyce, como vice-presidente do Conselho Estadual de Povos e Comunidades Tradicionais.&nbsp;<\/p>\n\n\n\n<p class=\"has-medium-font-size\">Representando a Secretaria de Estado de Assist\u00eancia Social e Cidadania (SETASC), o secret\u00e1rio adjunto de Direitos Humanos, Cristiano Nogueira, refor\u00e7ou a import\u00e2ncia do CEPCT como espa\u00e7o de constru\u00e7\u00e3o participativa:<\/p>\n\n\n\n<p class=\"has-medium-font-size\">\u201c\u00c9 miss\u00e3o da secretaria ser parceira dos conselhos e ouvir suas demandas para contribuir na implanta\u00e7\u00e3o das pol\u00edticas p\u00fablicas e enfrentar os desafios dos territ\u00f3rios. Os conselhos aprimoram muito a efetividade do servi\u00e7o p\u00fablico. Sem eles, ter\u00edamos pouca efici\u00eancia e qualidade nas a\u00e7\u00f5es e nos planos de trabalho. \u00c9 fundamental que os conselhos sejam fortalecidos para que a secretaria seja cada vez melhor\u201d.<\/p>\n\n\n\n<h3 class=\"wp-block-heading has-large-font-size\"><strong>REM MT REFOR\u00c7A PARCERIA COM POVOS E COMUNIDADES TRADICIONAIS<\/strong><\/h3>\n\n\n\n<p class=\"has-medium-font-size\">O Programa REM MT, por meio do Subprograma Agricultura Familiar e de Povos e Comunidades Tradicionais, apresentou aos conselheiros as diretrizes que nortear\u00e3o a segunda fase do programa. O coordenador, Henrique Ramos, enfatizou o di\u00e1logo e as novas oportunidades.<\/p>\n\n\n\n<p class=\"has-medium-font-size\">\u201cParticipamos do planejamento das a\u00e7\u00f5es do pr\u00f3ximo ano e aproveitamos para apresentar o nosso planejamento para a segunda fase do REM MT, que ter\u00e1 um eixo exclusivo para povos e comunidades tradicionais. Teremos abertura de editais para projetos, apoio ao mapeamento desses povos, que foi uma demanda que ouvimos dentro do conselho. Vamos continuar apoiando o funcionamento do conselho para que as a\u00e7\u00f5es possam ser implementadas.\u201d<\/p>\n\n\n\n<p class=\"has-medium-font-size\">A 2\u00aa Oficina de Planejamento Estrat\u00e9gico do CEPCT foi um avan\u00e7o importante das atividades do conselheiro, que se estrutura como um importante espa\u00e7o de participa\u00e7\u00e3o social, valoriza\u00e7\u00e3o dos povos e comunidades tradicionais e&nbsp; fortalecimento das pol\u00edticas p\u00fablicas voltadas \u00e0 prote\u00e7\u00e3o de direitos, ao desenvolvimento sustent\u00e1vel e \u00e0 promo\u00e7\u00e3o da diversidade cultural em Mato Grosso.<\/p>\n\n\n\n<figure class=\"wp-block-image size-large\"><img decoding=\"async\" width=\"1024\" height=\"683\" src=\"https:\/\/rem.sema.mt.gov.br\/wp-content\/uploads\/2025\/12\/IMG_5185-1024x683.webp\" alt=\"\" class=\"wp-image-127590\" srcset=\"https:\/\/rem.sema.mt.gov.br\/wp-content\/uploads\/2025\/12\/IMG_5185-1024x683.webp 1024w, https:\/\/rem.sema.mt.gov.br\/wp-content\/uploads\/2025\/12\/IMG_5185-300x200.webp 300w, https:\/\/rem.sema.mt.gov.br\/wp-content\/uploads\/2025\/12\/IMG_5185-768x512.webp 768w, https:\/\/rem.sema.mt.gov.br\/wp-content\/uploads\/2025\/12\/IMG_5185-1536x1024.webp 1536w, https:\/\/rem.sema.mt.gov.br\/wp-content\/uploads\/2025\/12\/IMG_5185-2048x1365.webp 2048w, https:\/\/rem.sema.mt.gov.br\/wp-content\/uploads\/2025\/12\/IMG_5185-18x12.webp 18w\" sizes=\"(max-width: 1024px) 100vw, 1024px\" \/><\/figure>\n\n\n\n<p>Plen\u00e1ria durante a oficina estrat\u00e9gica, realizada nos dias 4 e 5 de dezembro &#8211; Foto: Fernanda Fidelis\/Programa REM MT<\/p>\n\n\n\n<p class=\"has-large-font-size\"><strong>CONHE\u00c7A O REM MT<\/strong><\/p>\n\n\n\n<p class=\"has-medium-font-size\">O Programa REM MT \u00e9 uma premia\u00e7\u00e3o dos governos da Alemanha e do Reino Unido, por meio do Banco Alem\u00e3o de Desenvolvimento (KfW), ao Estado de Mato Grosso pelos resultados na redu\u00e7\u00e3o do desmatamento.&nbsp;<\/p>\n\n\n\n<p class=\"has-medium-font-size\">Na fase I, o Programa REM MT apoiou 155 projetos, beneficiando 131 organiza\u00e7\u00f5es sociais, entre elas, 104 associa\u00e7\u00f5es ou cooperativas. Os projetos abrangem os tr\u00eas biomas de Mato Grosso: Amaz\u00f4nia, Cerrado e Pantanal.<\/p>\n\n\n\n<p class=\"has-medium-font-size\">Dentre os resultados alcan\u00e7ados, destacam-se as mais de 500 aldeias atendidas, onde vivem 43 povos ind\u00edgenas, os 108 munic\u00edpios mato-grossenses beneficiados, as mais de 44 mil pessoas atendidas e os 160 mil hectares de desmatamento evitados em Mato Grosso por meio da atua\u00e7\u00e3o do REM MT, nos anos de 2021 e 2022.&nbsp;&nbsp;<\/p>\n\n\n\n<p class=\"has-medium-font-size\">O Programa REM MT \u00e9 coordenado pelo Governo do Estado de Mato Grosso, por meio da Secretaria de Estado de Meio Ambiente (SEMA), e tem como gestores financeiros o Fundo Brasileiro para a Biodiversidade (FUNBIO) e a Funda\u00e7\u00e3o Amaz\u00f4nia Sustent\u00e1vel (FAS). Para sugest\u00f5es, reclama\u00e7\u00f5es ou esclarecimentos, fale com a ouvidoria da SEMA pelo telefone: 0800 065 3838 ou (65) 99321-9997 (WhatsApp).<\/p>","protected":false},"excerpt":{"rendered":"<p>O Conselho Estadual de Povos e Comunidades Tradicionais (CEPCT) realizou, nos dias 4 e 5 de dezembro, a 2\u00aa Oficina de Planejamento Estrat\u00e9gico, que contou com apoio do Programa REM MT. O encontro teve como foco debates essenciais para a consolida\u00e7\u00e3o de suas a\u00e7\u00f5es, como as normas internas e o planejamento das a\u00e7\u00f5es que ir\u00e3o [&hellip;]<\/p>","protected":false},"author":4,"featured_media":127591,"comment_status":"open","ping_status":"open","sticky":false,"template":"","format":"standard","meta":{"_eb_attr":"","ocean_post_layout":"","ocean_both_sidebars_style":"","ocean_both_sidebars_content_width":0,"ocean_both_sidebars_sidebars_width":0,"ocean_sidebar":"","ocean_second_sidebar":"","ocean_disable_margins":"enable","ocean_add_body_class":"","ocean_shortcode_before_top_bar":"","ocean_shortcode_after_top_bar":"","ocean_shortcode_before_header":"","ocean_shortcode_after_header":"","ocean_has_shortcode":"","ocean_shortcode_after_title":"","ocean_shortcode_before_footer_widgets":"","ocean_shortcode_after_footer_widgets":"","ocean_shortcode_before_footer_bottom":"","ocean_shortcode_after_footer_bottom":"","ocean_display_top_bar":"default","ocean_display_header":"default","ocean_header_style":"","ocean_center_header_left_menu":"","ocean_custom_header_template":"","ocean_custom_logo":0,"ocean_custom_retina_logo":0,"ocean_custom_logo_max_width":0,"ocean_custom_logo_tablet_max_width":0,"ocean_custom_logo_mobile_max_width":0,"ocean_custom_logo_max_height":0,"ocean_custom_logo_tablet_max_height":0,"ocean_custom_logo_mobile_max_height":0,"ocean_header_custom_menu":"","ocean_menu_typo_font_family":"","ocean_menu_typo_font_subset":"","ocean_menu_typo_font_size":0,"ocean_menu_typo_font_size_tablet":0,"ocean_menu_typo_font_size_mobile":0,"ocean_menu_typo_font_size_unit":"px","ocean_menu_typo_font_weight":"","ocean_menu_typo_font_weight_tablet":"","ocean_menu_typo_font_weight_mobile":"","ocean_menu_typo_transform":"","ocean_menu_typo_transform_tablet":"","ocean_menu_typo_transform_mobile":"","ocean_menu_typo_line_height":0,"ocean_menu_typo_line_height_tablet":0,"ocean_menu_typo_line_height_mobile":0,"ocean_menu_typo_line_height_unit":"","ocean_menu_typo_spacing":0,"ocean_menu_typo_spacing_tablet":0,"ocean_menu_typo_spacing_mobile":0,"ocean_menu_typo_spacing_unit":"","ocean_menu_link_color":"","ocean_menu_link_color_hover":"","ocean_menu_link_color_active":"","ocean_menu_link_background":"","ocean_menu_link_hover_background":"","ocean_menu_link_active_background":"","ocean_menu_social_links_bg":"","ocean_menu_social_hover_links_bg":"","ocean_menu_social_links_color":"","ocean_menu_social_hover_links_color":"","ocean_disable_title":"default","ocean_disable_heading":"default","ocean_post_title":"","ocean_post_subheading":"","ocean_post_title_style":"","ocean_post_title_background_color":"","ocean_post_title_background":0,"ocean_post_title_bg_image_position":"","ocean_post_title_bg_image_attachment":"","ocean_post_title_bg_image_repeat":"","ocean_post_title_bg_image_size":"","ocean_post_title_height":0,"ocean_post_title_bg_overlay":0.5,"ocean_post_title_bg_overlay_color":"","ocean_disable_breadcrumbs":"default","ocean_breadcrumbs_color":"","ocean_breadcrumbs_separator_color":"","ocean_breadcrumbs_links_color":"","ocean_breadcrumbs_links_hover_color":"","ocean_display_footer_widgets":"default","ocean_display_footer_bottom":"default","ocean_custom_footer_template":"","ocean_post_oembed":"","ocean_post_self_hosted_media":"","ocean_post_video_embed":"","ocean_link_format":"","ocean_link_format_target":"self","ocean_quote_format":"","ocean_quote_format_link":"post","ocean_gallery_link_images":"on","ocean_gallery_id":[],"footnotes":""},"categories":[50,19,49],"tags":[258,90,104,78,72,75,89,81,79,118],"class_list":["post-127586","post","type-post","status-publish","format-standard","has-post-thumbnail","hentry","category-agricultura-familiar","category-noticias","category-territorios-indigenas","tag-cepct","tag-comunidades-tradicionais","tag-floresta","tag-mato-grosso","tag-povo-indigena","tag-povos-indigenas","tag-povos-tradicionais","tag-preservacao-ambiental","tag-programa-rem-mt","tag-sustentabilidade","entry","has-media"],"yoast_head":"<!-- This site is optimized with the Yoast SEO plugin v27.5 - https:\/\/yoast.com\/product\/yoast-seo-wordpress\/ -->\n<title>CEPCT aprova regimento, cria comenda e planeja a\u00e7\u00f5es para 2026 em oficina estrat\u00e9gica - REM<\/title>\n<meta name=\"description\" content=\"CEPCT aprova regimento, cria comenda e planeja a\u00e7\u00f5es para 2026 em oficina estrat\u00e9gica\" \/>\n<meta name=\"robots\" content=\"index, follow, max-snippet:-1, max-image-preview:large, max-video-preview:-1\" \/>\n<link rel=\"canonical\" href=\"https:\/\/rem.sema.mt.gov.br\/en\/agricultura-familiar\/cepct-aprova-regimento-cria-comenda-e-planeja-acoes-para-2026-em-oficina-estrategica\/\" \/>\n<meta property=\"og:locale\" content=\"en_US\" \/>\n<meta property=\"og:type\" content=\"article\" \/>\n<meta property=\"og:title\" content=\"CEPCT aprova regimento, cria comenda e planeja a\u00e7\u00f5es para 2026 em oficina estrat\u00e9gica - REM\" \/>\n<meta property=\"og:description\" content=\"CEPCT aprova regimento, cria comenda e planeja a\u00e7\u00f5es para 2026 em oficina estrat\u00e9gica\" \/>\n<meta property=\"og:url\" content=\"https:\/\/rem.sema.mt.gov.br\/en\/agricultura-familiar\/cepct-aprova-regimento-cria-comenda-e-planeja-acoes-para-2026-em-oficina-estrategica\/\" \/>\n<meta property=\"og:site_name\" content=\"REM\" \/>\n<meta property=\"article:published_time\" content=\"2025-12-09T17:42:56+00:00\" \/>\n<meta property=\"article:modified_time\" content=\"2025-12-10T14:27:49+00:00\" \/>\n<meta property=\"og:image\" content=\"https:\/\/rem.sema.mt.gov.br\/wp-content\/uploads\/2025\/12\/IMG_5284-scaled.webp\" \/>\n\t<meta property=\"og:image:width\" content=\"2560\" \/>\n\t<meta property=\"og:image:height\" content=\"1707\" \/>\n\t<meta property=\"og:image:type\" content=\"image\/webp\" \/>\n<meta name=\"author\" content=\"REM MT\" \/>\n<meta name=\"twitter:card\" content=\"summary_large_image\" \/>\n<meta name=\"twitter:label1\" content=\"Written by\" \/>\n\t<meta name=\"twitter:data1\" content=\"REM MT\" \/>\n\t<meta name=\"twitter:label2\" content=\"Est. reading time\" \/>\n\t<meta name=\"twitter:data2\" content=\"6 minutes\" \/>\n<script type=\"application\/ld+json\" class=\"yoast-schema-graph\">{\"@context\":\"https:\\\/\\\/schema.org\",\"@graph\":[{\"@type\":\"WebPage\",\"@id\":\"https:\\\/\\\/rem.sema.mt.gov.br\\\/agricultura-familiar\\\/cepct-aprova-regimento-cria-comenda-e-planeja-acoes-para-2026-em-oficina-estrategica\\\/\",\"url\":\"https:\\\/\\\/rem.sema.mt.gov.br\\\/agricultura-familiar\\\/cepct-aprova-regimento-cria-comenda-e-planeja-acoes-para-2026-em-oficina-estrategica\\\/\",\"name\":\"CEPCT aprova regimento, cria comenda e planeja a\u00e7\u00f5es para 2026 em oficina estrat\u00e9gica - REM\",\"isPartOf\":{\"@id\":\"https:\\\/\\\/rem.sema.mt.gov.br\\\/#website\"},\"primaryImageOfPage\":{\"@id\":\"https:\\\/\\\/rem.sema.mt.gov.br\\\/agricultura-familiar\\\/cepct-aprova-regimento-cria-comenda-e-planeja-acoes-para-2026-em-oficina-estrategica\\\/#primaryimage\"},\"image\":{\"@id\":\"https:\\\/\\\/rem.sema.mt.gov.br\\\/agricultura-familiar\\\/cepct-aprova-regimento-cria-comenda-e-planeja-acoes-para-2026-em-oficina-estrategica\\\/#primaryimage\"},\"thumbnailUrl\":\"https:\\\/\\\/rem.sema.mt.gov.br\\\/wp-content\\\/uploads\\\/2025\\\/12\\\/IMG_5284-scaled.webp\",\"datePublished\":\"2025-12-09T17:42:56+00:00\",\"dateModified\":\"2025-12-10T14:27:49+00:00\",\"author\":{\"@id\":\"https:\\\/\\\/rem.sema.mt.gov.br\\\/#\\\/schema\\\/person\\\/d7f162d30bdd095e4a02c2e5f5d4b221\"},\"description\":\"CEPCT aprova regimento, cria comenda e planeja a\u00e7\u00f5es para 2026 em oficina estrat\u00e9gica\",\"breadcrumb\":{\"@id\":\"https:\\\/\\\/rem.sema.mt.gov.br\\\/agricultura-familiar\\\/cepct-aprova-regimento-cria-comenda-e-planeja-acoes-para-2026-em-oficina-estrategica\\\/#breadcrumb\"},\"inLanguage\":\"en-US\",\"potentialAction\":[{\"@type\":\"ReadAction\",\"target\":[\"https:\\\/\\\/rem.sema.mt.gov.br\\\/agricultura-familiar\\\/cepct-aprova-regimento-cria-comenda-e-planeja-acoes-para-2026-em-oficina-estrategica\\\/\"]}]},{\"@type\":\"ImageObject\",\"inLanguage\":\"en-US\",\"@id\":\"https:\\\/\\\/rem.sema.mt.gov.br\\\/agricultura-familiar\\\/cepct-aprova-regimento-cria-comenda-e-planeja-acoes-para-2026-em-oficina-estrategica\\\/#primaryimage\",\"url\":\"https:\\\/\\\/rem.sema.mt.gov.br\\\/wp-content\\\/uploads\\\/2025\\\/12\\\/IMG_5284-scaled.webp\",\"contentUrl\":\"https:\\\/\\\/rem.sema.mt.gov.br\\\/wp-content\\\/uploads\\\/2025\\\/12\\\/IMG_5284-scaled.webp\",\"width\":2560,\"height\":1707},{\"@type\":\"BreadcrumbList\",\"@id\":\"https:\\\/\\\/rem.sema.mt.gov.br\\\/agricultura-familiar\\\/cepct-aprova-regimento-cria-comenda-e-planeja-acoes-para-2026-em-oficina-estrategica\\\/#breadcrumb\",\"itemListElement\":[{\"@type\":\"ListItem\",\"position\":1,\"name\":\"In\u00edcio\",\"item\":\"https:\\\/\\\/rem.sema.mt.gov.br\\\/\"},{\"@type\":\"ListItem\",\"position\":2,\"name\":\"CEPCT aprova regimento, cria comenda e planeja a\u00e7\u00f5es para 2026 em oficina estrat\u00e9gica\"}]},{\"@type\":\"WebSite\",\"@id\":\"https:\\\/\\\/rem.sema.mt.gov.br\\\/#website\",\"url\":\"https:\\\/\\\/rem.sema.mt.gov.br\\\/\",\"name\":\"REM\",\"description\":\"Mato Grosso\",\"potentialAction\":[{\"@type\":\"SearchAction\",\"target\":{\"@type\":\"EntryPoint\",\"urlTemplate\":\"https:\\\/\\\/rem.sema.mt.gov.br\\\/?s={search_term_string}\"},\"query-input\":{\"@type\":\"PropertyValueSpecification\",\"valueRequired\":true,\"valueName\":\"search_term_string\"}}],\"inLanguage\":\"en-US\"}]}<\/script>\n<!-- \/ Yoast SEO plugin. -->","yoast_head_json":{"title":"CEPCT aprova regimento, cria comenda e planeja a\u00e7\u00f5es para 2026 em oficina estrat\u00e9gica - REM","description":"CEPCT aprova regimento, cria comenda e planeja a\u00e7\u00f5es para 2026 em oficina estrat\u00e9gica","robots":{"index":"index","follow":"follow","max-snippet":"max-snippet:-1","max-image-preview":"max-image-preview:large","max-video-preview":"max-video-preview:-1"},"canonical":"https:\/\/rem.sema.mt.gov.br\/en\/agricultura-familiar\/cepct-aprova-regimento-cria-comenda-e-planeja-acoes-para-2026-em-oficina-estrategica\/","og_locale":"en_US","og_type":"article","og_title":"CEPCT aprova regimento, cria comenda e planeja a\u00e7\u00f5es para 2026 em oficina estrat\u00e9gica - REM","og_description":"CEPCT aprova regimento, cria comenda e planeja a\u00e7\u00f5es para 2026 em oficina estrat\u00e9gica","og_url":"https:\/\/rem.sema.mt.gov.br\/en\/agricultura-familiar\/cepct-aprova-regimento-cria-comenda-e-planeja-acoes-para-2026-em-oficina-estrategica\/","og_site_name":"REM","article_published_time":"2025-12-09T17:42:56+00:00","article_modified_time":"2025-12-10T14:27:49+00:00","og_image":[{"width":2560,"height":1707,"url":"https:\/\/rem.sema.mt.gov.br\/wp-content\/uploads\/2025\/12\/IMG_5284-scaled.webp","type":"image\/webp"}],"author":"REM MT","twitter_card":"summary_large_image","twitter_misc":{"Written by":"REM MT","Est. reading time":"6 minutes"},"schema":{"@context":"https:\/\/schema.org","@graph":[{"@type":"WebPage","@id":"https:\/\/rem.sema.mt.gov.br\/agricultura-familiar\/cepct-aprova-regimento-cria-comenda-e-planeja-acoes-para-2026-em-oficina-estrategica\/","url":"https:\/\/rem.sema.mt.gov.br\/agricultura-familiar\/cepct-aprova-regimento-cria-comenda-e-planeja-acoes-para-2026-em-oficina-estrategica\/","name":"CEPCT aprova regimento, cria comenda e planeja a\u00e7\u00f5es para 2026 em oficina estrat\u00e9gica - REM","isPartOf":{"@id":"https:\/\/rem.sema.mt.gov.br\/#website"},"primaryImageOfPage":{"@id":"https:\/\/rem.sema.mt.gov.br\/agricultura-familiar\/cepct-aprova-regimento-cria-comenda-e-planeja-acoes-para-2026-em-oficina-estrategica\/#primaryimage"},"image":{"@id":"https:\/\/rem.sema.mt.gov.br\/agricultura-familiar\/cepct-aprova-regimento-cria-comenda-e-planeja-acoes-para-2026-em-oficina-estrategica\/#primaryimage"},"thumbnailUrl":"https:\/\/rem.sema.mt.gov.br\/wp-content\/uploads\/2025\/12\/IMG_5284-scaled.webp","datePublished":"2025-12-09T17:42:56+00:00","dateModified":"2025-12-10T14:27:49+00:00","author":{"@id":"https:\/\/rem.sema.mt.gov.br\/#\/schema\/person\/d7f162d30bdd095e4a02c2e5f5d4b221"},"description":"CEPCT aprova regimento, cria comenda e planeja a\u00e7\u00f5es para 2026 em oficina estrat\u00e9gica","breadcrumb":{"@id":"https:\/\/rem.sema.mt.gov.br\/agricultura-familiar\/cepct-aprova-regimento-cria-comenda-e-planeja-acoes-para-2026-em-oficina-estrategica\/#breadcrumb"},"inLanguage":"en-US","potentialAction":[{"@type":"ReadAction","target":["https:\/\/rem.sema.mt.gov.br\/agricultura-familiar\/cepct-aprova-regimento-cria-comenda-e-planeja-acoes-para-2026-em-oficina-estrategica\/"]}]},{"@type":"ImageObject","inLanguage":"en-US","@id":"https:\/\/rem.sema.mt.gov.br\/agricultura-familiar\/cepct-aprova-regimento-cria-comenda-e-planeja-acoes-para-2026-em-oficina-estrategica\/#primaryimage","url":"https:\/\/rem.sema.mt.gov.br\/wp-content\/uploads\/2025\/12\/IMG_5284-scaled.webp","contentUrl":"https:\/\/rem.sema.mt.gov.br\/wp-content\/uploads\/2025\/12\/IMG_5284-scaled.webp","width":2560,"height":1707},{"@type":"BreadcrumbList","@id":"https:\/\/rem.sema.mt.gov.br\/agricultura-familiar\/cepct-aprova-regimento-cria-comenda-e-planeja-acoes-para-2026-em-oficina-estrategica\/#breadcrumb","itemListElement":[{"@type":"ListItem","position":1,"name":"In\u00edcio","item":"https:\/\/rem.sema.mt.gov.br\/"},{"@type":"ListItem","position":2,"name":"CEPCT aprova regimento, cria comenda e planeja a\u00e7\u00f5es para 2026 em oficina estrat\u00e9gica"}]},{"@type":"WebSite","@id":"https:\/\/rem.sema.mt.gov.br\/#website","url":"https:\/\/rem.sema.mt.gov.br\/","name":"REM","description":"Mato Grosso","potentialAction":[{"@type":"SearchAction","target":{"@type":"EntryPoint","urlTemplate":"https:\/\/rem.sema.mt.gov.br\/?s={search_term_string}"},"query-input":{"@type":"PropertyValueSpecification","valueRequired":true,"valueName":"search_term_string"}}],"inLanguage":"en-US"}]}},"_links":{"self":[{"href":"https:\/\/rem.sema.mt.gov.br\/en\/wp-json\/wp\/v2\/posts\/127586","targetHints":{"allow":["GET"]}}],"collection":[{"href":"https:\/\/rem.sema.mt.gov.br\/en\/wp-json\/wp\/v2\/posts"}],"about":[{"href":"https:\/\/rem.sema.mt.gov.br\/en\/wp-json\/wp\/v2\/types\/post"}],"author":[{"embeddable":true,"href":"https:\/\/rem.sema.mt.gov.br\/en\/wp-json\/wp\/v2\/users\/4"}],"replies":[{"embeddable":true,"href":"https:\/\/rem.sema.mt.gov.br\/en\/wp-json\/wp\/v2\/comments?post=127586"}],"version-history":[{"count":2,"href":"https:\/\/rem.sema.mt.gov.br\/en\/wp-json\/wp\/v2\/posts\/127586\/revisions"}],"predecessor-version":[{"id":127632,"href":"https:\/\/rem.sema.mt.gov.br\/en\/wp-json\/wp\/v2\/posts\/127586\/revisions\/127632"}],"wp:featuredmedia":[{"embeddable":true,"href":"https:\/\/rem.sema.mt.gov.br\/en\/wp-json\/wp\/v2\/media\/127591"}],"wp:attachment":[{"href":"https:\/\/rem.sema.mt.gov.br\/en\/wp-json\/wp\/v2\/media?parent=127586"}],"wp:term":[{"taxonomy":"category","embeddable":true,"href":"https:\/\/rem.sema.mt.gov.br\/en\/wp-json\/wp\/v2\/categories?post=127586"},{"taxonomy":"post_tag","embeddable":true,"href":"https:\/\/rem.sema.mt.gov.br\/en\/wp-json\/wp\/v2\/tags?post=127586"}],"curies":[{"name":"wp","href":"https:\/\/api.w.org\/{rel}","templated":true}]}}