{"id":130331,"date":"2026-03-16T11:39:53","date_gmt":"2026-03-16T14:39:53","guid":{"rendered":"https:\/\/rem.sema.mt.gov.br\/?p=130331"},"modified":"2026-04-01T11:44:37","modified_gmt":"2026-04-01T14:44:37","slug":"oportunidade-profissional-senior-para-apoio-a-coordenadoria-de-mudancas-climaticas-e-redd","status":"publish","type":"post","link":"https:\/\/rem.sema.mt.gov.br\/en\/oportunidades-vagas-clt-e-estagio\/oportunidade-profissional-senior-para-apoio-a-coordenadoria-de-mudancas-climaticas-e-redd\/","title":{"rendered":"ENCERRADA &#8211; Oportunidade \u2013 Profissional S\u00eanior para apoio \u00e0 Coordenadoria de Mudan\u00e7as Clim\u00e1ticas e REDD+ da SEMA MT"},"content":{"rendered":"<p class=\"has-medium-font-size\">O Programa REM MT divulga oportunidade para contrata\u00e7\u00e3o de profissional s\u00eanior que atuar\u00e1 no apoio t\u00e9cnico \u00e0 Coordenadoria de Mudan\u00e7as Clim\u00e1ticas e REDD+, contribuindo para o fortalecimento das pol\u00edticas de clima e redu\u00e7\u00e3o do desmatamento em Mato Grosso.<\/p>\n\n\n\n<p class=\"has-medium-font-size\">A pessoa selecionada apoiar\u00e1 atividades estrat\u00e9gicas relacionadas \u00e0 consolida\u00e7\u00e3o do Programa Jurisdicional de REDD+ e ao fortalecimento da contabilidade estadual de emiss\u00f5es e remo\u00e7\u00f5es de carbono florestal, al\u00e9m de colaborar na an\u00e1lise de dados, elabora\u00e7\u00e3o de relat\u00f3rios t\u00e9cnicos e articula\u00e7\u00e3o com parceiros institucionais.<\/p>\n\n\n\n<p class=\"has-medium-font-size\"><strong>N\u00famero de vagas: <\/strong>1 vaga<\/p>\n\n\n\n<p class=\"has-medium-font-size\"><strong>Principais atribui\u00e7\u00f5es:<\/strong><\/p>\n\n\n\n<ul class=\"wp-block-list\">\n<li class=\"has-medium-font-size\">Apoiar a gera\u00e7\u00e3o, sistematiza\u00e7\u00e3o e an\u00e1lise de dados sobre desmatamento e emiss\u00f5es de gases de efeito estufa (GEE) relacionadas ao setor florestal;<\/li>\n<\/ul>\n\n\n\n<ul class=\"wp-block-list\">\n<li class=\"has-medium-font-size\">Contribuir para a consolida\u00e7\u00e3o da contabilidade estadual de REDD+;<\/li>\n<\/ul>\n\n\n\n<ul class=\"wp-block-list\">\n<li class=\"has-medium-font-size\">Apoiar a prepara\u00e7\u00e3o e implementa\u00e7\u00e3o do Programa Jurisdicional de REDD+;<\/li>\n<\/ul>\n\n\n\n<ul class=\"wp-block-list\">\n<li class=\"has-medium-font-size\">Auxiliar na elabora\u00e7\u00e3o de relat\u00f3rios t\u00e9cnicos e documentos estrat\u00e9gicos;<\/li>\n<\/ul>\n\n\n\n<ul class=\"wp-block-list\">\n<li class=\"has-medium-font-size\">Contribuir para a articula\u00e7\u00e3o t\u00e9cnica com institui\u00e7\u00f5es parceiras.<\/li>\n<\/ul>\n\n\n\n<p class=\"has-medium-font-size\"><strong>Requisitos obrigat\u00f3rios:<\/strong><\/p>\n\n\n\n<ul class=\"wp-block-list\">\n<li class=\"has-medium-font-size\">Gradua\u00e7\u00e3o em \u00e1reas relacionadas ao meio ambiente ou geoci\u00eancias (Geografia, Engenharia Florestal, Ci\u00eancias Ambientais, Agronomia, Biologia, Engenharia Ambiental ou \u00e1reas correlatas);<\/li>\n<\/ul>\n\n\n\n<ul class=\"wp-block-list\">\n<li class=\"has-medium-font-size\">Experi\u00eancia m\u00ednima de 5 anos em projetos socioambientais relacionados \u00e0 economia de baixo carbono, pol\u00edticas clim\u00e1ticas ou REDD+ na Amaz\u00f4nia Legal;<\/li>\n<\/ul>\n\n\n\n<ul class=\"wp-block-list\">\n<li class=\"has-medium-font-size\">Experi\u00eancia comprovada em iniciativas relacionadas a REDD+;<\/li>\n<\/ul>\n\n\n\n<ul class=\"wp-block-list\">\n<li class=\"has-medium-font-size\">Experi\u00eancia em an\u00e1lise t\u00e9cnica, sistematiza\u00e7\u00e3o de dados e elabora\u00e7\u00e3o de relat\u00f3rios;<\/li>\n<\/ul>\n\n\n\n<ul class=\"wp-block-list\">\n<li class=\"has-medium-font-size\">Conhecimento em invent\u00e1rio e contabilidade de carbono florestal na Amaz\u00f4nia Legal;<\/li>\n<\/ul>\n\n\n\n<ul class=\"wp-block-list\">\n<li class=\"has-medium-font-size\">Capacidade de an\u00e1lise de emiss\u00f5es associadas ao desmatamento;<\/li>\n\n\n\n<li><\/li>\n\n\n\n<li class=\"has-medium-font-size\">Habilidade de planejamento, organiza\u00e7\u00e3o e execu\u00e7\u00e3o de atividades t\u00e9cnicas complexas;<\/li>\n<\/ul>\n\n\n\n<ul class=\"wp-block-list\">\n<li class=\"has-medium-font-size\">Boa comunica\u00e7\u00e3o oral e escrita;<\/li>\n<\/ul>\n\n\n\n<ul class=\"wp-block-list\">\n<li class=\"has-medium-font-size\">Capacidade de articula\u00e7\u00e3o institucional e trabalho em equipe;<\/li>\n<\/ul>\n\n\n\n<ul class=\"wp-block-list\">\n<li class=\"has-medium-font-size\">Disponibilidade para viagens.<\/li>\n<\/ul>\n\n\n\n<p class=\"has-medium-font-size\"><strong>Diferenciais:<\/strong><\/p>\n\n\n\n<ul class=\"wp-block-list\">\n<li class=\"has-medium-font-size\">Experi\u00eancia na constru\u00e7\u00e3o ou implementa\u00e7\u00e3o de programas jurisdicionais de REDD+;<\/li>\n<\/ul>\n\n\n\n<ul class=\"wp-block-list\">\n<li class=\"has-medium-font-size\">Conhecimento sobre a din\u00e2mica do desmatamento e degrada\u00e7\u00e3o florestal na Amaz\u00f4nia;<\/li>\n<\/ul>\n\n\n\n<ul class=\"wp-block-list\">\n<li class=\"has-medium-font-size\">Conhecimento em salvaguardas socioambientais;<\/li>\n<\/ul>\n\n\n\n<ul class=\"wp-block-list\">\n<li class=\"has-medium-font-size\">Experi\u00eancia de articula\u00e7\u00e3o com povos ind\u00edgenas, povos e comunidades tradicionais e agricultura familiar.<\/li>\n<\/ul>\n\n\n\n<p class=\"has-medium-font-size\"><strong>Como se candidatar?<\/strong><\/p>\n\n\n\n<p class=\"has-medium-font-size\">A candidatura pode ser realizada entre os dias 16 e 31 de mar\u00e7o de 2026. Os curr\u00edculos devem ser encaminhados aos e-mails <a href=\"mailto:fmmc@sema.mt.gov.br\" target=\"_blank\" rel=\"noreferrer noopener\">fmmc@sema.mt.gov.br<\/a> e <a href=\"mailto:angelicasilva@sema.mt.gov.br\" target=\"_blank\" rel=\"noreferrer noopener\">angelicasilva@sema.mt.gov.br<\/a>, com o t\u00edtulo: Candidatura Para Vaga De Profissional S\u00eanior para apoio \u00e0 Coordenadoria de Mudan\u00e7as Clim\u00e1ticas e REDD+<\/p>","protected":false},"excerpt":{"rendered":"<p>O Programa REM MT divulga oportunidade para contrata\u00e7\u00e3o de profissional s\u00eanior que atuar\u00e1 no apoio t\u00e9cnico \u00e0 Coordenadoria de Mudan\u00e7as Clim\u00e1ticas e REDD+, contribuindo para o fortalecimento das pol\u00edticas de clima e redu\u00e7\u00e3o do desmatamento em Mato Grosso. A pessoa selecionada apoiar\u00e1 atividades estrat\u00e9gicas relacionadas \u00e0 consolida\u00e7\u00e3o do Programa Jurisdicional de REDD+ e ao fortalecimento [&hellip;]<\/p>","protected":false},"author":4,"featured_media":130344,"comment_status":"open","ping_status":"open","sticky":false,"template":"","format":"standard","meta":{"_eb_attr":"","ocean_post_layout":"","ocean_both_sidebars_style":"","ocean_both_sidebars_content_width":0,"ocean_both_sidebars_sidebars_width":0,"ocean_sidebar":"","ocean_second_sidebar":"","ocean_disable_margins":"enable","ocean_add_body_class":"","ocean_shortcode_before_top_bar":"","ocean_shortcode_after_top_bar":"","ocean_shortcode_before_header":"","ocean_shortcode_after_header":"","ocean_has_shortcode":"","ocean_shortcode_after_title":"","ocean_shortcode_before_footer_widgets":"","ocean_shortcode_after_footer_widgets":"","ocean_shortcode_before_footer_bottom":"","ocean_shortcode_after_footer_bottom":"","ocean_display_top_bar":"default","ocean_display_header":"default","ocean_header_style":"","ocean_center_header_left_menu":"","ocean_custom_header_template":"","ocean_custom_logo":0,"ocean_custom_retina_logo":0,"ocean_custom_logo_max_width":0,"ocean_custom_logo_tablet_max_width":0,"ocean_custom_logo_mobile_max_width":0,"ocean_custom_logo_max_height":0,"ocean_custom_logo_tablet_max_height":0,"ocean_custom_logo_mobile_max_height":0,"ocean_header_custom_menu":"","ocean_menu_typo_font_family":"","ocean_menu_typo_font_subset":"","ocean_menu_typo_font_size":0,"ocean_menu_typo_font_size_tablet":0,"ocean_menu_typo_font_size_mobile":0,"ocean_menu_typo_font_size_unit":"px","ocean_menu_typo_font_weight":"","ocean_menu_typo_font_weight_tablet":"","ocean_menu_typo_font_weight_mobile":"","ocean_menu_typo_transform":"","ocean_menu_typo_transform_tablet":"","ocean_menu_typo_transform_mobile":"","ocean_menu_typo_line_height":0,"ocean_menu_typo_line_height_tablet":0,"ocean_menu_typo_line_height_mobile":0,"ocean_menu_typo_line_height_unit":"","ocean_menu_typo_spacing":0,"ocean_menu_typo_spacing_tablet":0,"ocean_menu_typo_spacing_mobile":0,"ocean_menu_typo_spacing_unit":"","ocean_menu_link_color":"","ocean_menu_link_color_hover":"","ocean_menu_link_color_active":"","ocean_menu_link_background":"","ocean_menu_link_hover_background":"","ocean_menu_link_active_background":"","ocean_menu_social_links_bg":"","ocean_menu_social_hover_links_bg":"","ocean_menu_social_links_color":"","ocean_menu_social_hover_links_color":"","ocean_disable_title":"default","ocean_disable_heading":"default","ocean_post_title":"","ocean_post_subheading":"","ocean_post_title_style":"","ocean_post_title_background_color":"","ocean_post_title_background":0,"ocean_post_title_bg_image_position":"","ocean_post_title_bg_image_attachment":"","ocean_post_title_bg_image_repeat":"","ocean_post_title_bg_image_size":"","ocean_post_title_height":0,"ocean_post_title_bg_overlay":0.5,"ocean_post_title_bg_overlay_color":"","ocean_disable_breadcrumbs":"default","ocean_breadcrumbs_color":"","ocean_breadcrumbs_separator_color":"","ocean_breadcrumbs_links_color":"","ocean_breadcrumbs_links_hover_color":"","ocean_display_footer_widgets":"default","ocean_display_footer_bottom":"default","ocean_custom_footer_template":"","ocean_post_oembed":"","ocean_post_self_hosted_media":"","ocean_post_video_embed":"","ocean_link_format":"","ocean_link_format_target":"self","ocean_quote_format":"","ocean_quote_format_link":"post","ocean_gallery_link_images":"on","ocean_gallery_id":[],"footnotes":""},"categories":[249],"tags":[78,279,81,79,183,278],"class_list":["post-130331","post","type-post","status-publish","format-standard","has-post-thumbnail","hentry","category-oportunidades-vagas-clt-e-estagio","tag-mato-grosso","tag-oportunidade","tag-preservacao-ambiental","tag-programa-rem-mt","tag-redd-2","tag-vagas","entry","has-media"],"yoast_head":"<!-- This site is optimized with the Yoast SEO plugin v27.5 - https:\/\/yoast.com\/product\/yoast-seo-wordpress\/ -->\n<title>ENCERRADA - Oportunidade \u2013 Profissional S\u00eanior para apoio \u00e0 Coordenadoria de Mudan\u00e7as Clim\u00e1ticas e REDD+ da SEMA MT - REM<\/title>\n<meta name=\"robots\" content=\"index, follow, max-snippet:-1, max-image-preview:large, max-video-preview:-1\" \/>\n<link rel=\"canonical\" href=\"https:\/\/rem.sema.mt.gov.br\/en\/oportunidades-vagas-clt-e-estagio\/oportunidade-profissional-senior-para-apoio-a-coordenadoria-de-mudancas-climaticas-e-redd\/\" \/>\n<meta property=\"og:locale\" content=\"en_US\" \/>\n<meta property=\"og:type\" content=\"article\" \/>\n<meta property=\"og:title\" content=\"ENCERRADA - Oportunidade \u2013 Profissional S\u00eanior para apoio \u00e0 Coordenadoria de Mudan\u00e7as Clim\u00e1ticas e REDD+ da SEMA MT - REM\" \/>\n<meta property=\"og:description\" content=\"O Programa REM MT divulga oportunidade para contrata\u00e7\u00e3o de profissional s\u00eanior que atuar\u00e1 no apoio t\u00e9cnico \u00e0 Coordenadoria de Mudan\u00e7as Clim\u00e1ticas e REDD+, contribuindo para o fortalecimento das pol\u00edticas de clima e redu\u00e7\u00e3o do desmatamento em Mato Grosso. A pessoa selecionada apoiar\u00e1 atividades estrat\u00e9gicas relacionadas \u00e0 consolida\u00e7\u00e3o do Programa Jurisdicional de REDD+ e ao fortalecimento [&hellip;]\" \/>\n<meta property=\"og:url\" content=\"https:\/\/rem.sema.mt.gov.br\/en\/oportunidades-vagas-clt-e-estagio\/oportunidade-profissional-senior-para-apoio-a-coordenadoria-de-mudancas-climaticas-e-redd\/\" \/>\n<meta property=\"og:site_name\" content=\"REM\" \/>\n<meta property=\"article:published_time\" content=\"2026-03-16T14:39:53+00:00\" \/>\n<meta property=\"article:modified_time\" content=\"2026-04-01T14:44:37+00:00\" \/>\n<meta property=\"og:image\" content=\"https:\/\/rem.sema.mt.gov.br\/wp-content\/uploads\/2026\/03\/REM-MT-Capa-para-Materias-1.webp\" \/>\n\t<meta property=\"og:image:width\" content=\"1920\" \/>\n\t<meta property=\"og:image:height\" content=\"1080\" \/>\n\t<meta property=\"og:image:type\" content=\"image\/webp\" \/>\n<meta name=\"author\" content=\"REM MT\" \/>\n<meta name=\"twitter:card\" content=\"summary_large_image\" \/>\n<meta name=\"twitter:label1\" content=\"Written by\" \/>\n\t<meta name=\"twitter:data1\" content=\"REM MT\" \/>\n\t<meta name=\"twitter:label2\" content=\"Est. reading time\" \/>\n\t<meta name=\"twitter:data2\" content=\"3 minutes\" \/>\n<script type=\"application\/ld+json\" class=\"yoast-schema-graph\">{\"@context\":\"https:\\\/\\\/schema.org\",\"@graph\":[{\"@type\":\"WebPage\",\"@id\":\"https:\\\/\\\/rem.sema.mt.gov.br\\\/oportunidades-vagas-clt-e-estagio\\\/oportunidade-profissional-senior-para-apoio-a-coordenadoria-de-mudancas-climaticas-e-redd\\\/\",\"url\":\"https:\\\/\\\/rem.sema.mt.gov.br\\\/oportunidades-vagas-clt-e-estagio\\\/oportunidade-profissional-senior-para-apoio-a-coordenadoria-de-mudancas-climaticas-e-redd\\\/\",\"name\":\"ENCERRADA - Oportunidade \u2013 Profissional S\u00eanior para apoio \u00e0 Coordenadoria de Mudan\u00e7as Clim\u00e1ticas e REDD+ da SEMA MT - REM\",\"isPartOf\":{\"@id\":\"https:\\\/\\\/rem.sema.mt.gov.br\\\/#website\"},\"primaryImageOfPage\":{\"@id\":\"https:\\\/\\\/rem.sema.mt.gov.br\\\/oportunidades-vagas-clt-e-estagio\\\/oportunidade-profissional-senior-para-apoio-a-coordenadoria-de-mudancas-climaticas-e-redd\\\/#primaryimage\"},\"image\":{\"@id\":\"https:\\\/\\\/rem.sema.mt.gov.br\\\/oportunidades-vagas-clt-e-estagio\\\/oportunidade-profissional-senior-para-apoio-a-coordenadoria-de-mudancas-climaticas-e-redd\\\/#primaryimage\"},\"thumbnailUrl\":\"https:\\\/\\\/rem.sema.mt.gov.br\\\/wp-content\\\/uploads\\\/2026\\\/03\\\/REM-MT-Capa-para-Materias-1.webp\",\"datePublished\":\"2026-03-16T14:39:53+00:00\",\"dateModified\":\"2026-04-01T14:44:37+00:00\",\"author\":{\"@id\":\"https:\\\/\\\/rem.sema.mt.gov.br\\\/#\\\/schema\\\/person\\\/d7f162d30bdd095e4a02c2e5f5d4b221\"},\"breadcrumb\":{\"@id\":\"https:\\\/\\\/rem.sema.mt.gov.br\\\/oportunidades-vagas-clt-e-estagio\\\/oportunidade-profissional-senior-para-apoio-a-coordenadoria-de-mudancas-climaticas-e-redd\\\/#breadcrumb\"},\"inLanguage\":\"en-US\",\"potentialAction\":[{\"@type\":\"ReadAction\",\"target\":[\"https:\\\/\\\/rem.sema.mt.gov.br\\\/oportunidades-vagas-clt-e-estagio\\\/oportunidade-profissional-senior-para-apoio-a-coordenadoria-de-mudancas-climaticas-e-redd\\\/\"]}]},{\"@type\":\"ImageObject\",\"inLanguage\":\"en-US\",\"@id\":\"https:\\\/\\\/rem.sema.mt.gov.br\\\/oportunidades-vagas-clt-e-estagio\\\/oportunidade-profissional-senior-para-apoio-a-coordenadoria-de-mudancas-climaticas-e-redd\\\/#primaryimage\",\"url\":\"https:\\\/\\\/rem.sema.mt.gov.br\\\/wp-content\\\/uploads\\\/2026\\\/03\\\/REM-MT-Capa-para-Materias-1.webp\",\"contentUrl\":\"https:\\\/\\\/rem.sema.mt.gov.br\\\/wp-content\\\/uploads\\\/2026\\\/03\\\/REM-MT-Capa-para-Materias-1.webp\",\"width\":1920,\"height\":1080},{\"@type\":\"BreadcrumbList\",\"@id\":\"https:\\\/\\\/rem.sema.mt.gov.br\\\/oportunidades-vagas-clt-e-estagio\\\/oportunidade-profissional-senior-para-apoio-a-coordenadoria-de-mudancas-climaticas-e-redd\\\/#breadcrumb\",\"itemListElement\":[{\"@type\":\"ListItem\",\"position\":1,\"name\":\"In\u00edcio\",\"item\":\"https:\\\/\\\/rem.sema.mt.gov.br\\\/\"},{\"@type\":\"ListItem\",\"position\":2,\"name\":\"ENCERRADA &#8211; Oportunidade \u2013 Profissional S\u00eanior para apoio \u00e0 Coordenadoria de Mudan\u00e7as Clim\u00e1ticas e REDD+ da SEMA MT\"}]},{\"@type\":\"WebSite\",\"@id\":\"https:\\\/\\\/rem.sema.mt.gov.br\\\/#website\",\"url\":\"https:\\\/\\\/rem.sema.mt.gov.br\\\/\",\"name\":\"REM\",\"description\":\"Mato Grosso\",\"potentialAction\":[{\"@type\":\"SearchAction\",\"target\":{\"@type\":\"EntryPoint\",\"urlTemplate\":\"https:\\\/\\\/rem.sema.mt.gov.br\\\/?s={search_term_string}\"},\"query-input\":{\"@type\":\"PropertyValueSpecification\",\"valueRequired\":true,\"valueName\":\"search_term_string\"}}],\"inLanguage\":\"en-US\"}]}<\/script>\n<!-- \/ Yoast SEO plugin. -->","yoast_head_json":{"title":"ENCERRADA - Oportunidade \u2013 Profissional S\u00eanior para apoio \u00e0 Coordenadoria de Mudan\u00e7as Clim\u00e1ticas e REDD+ da SEMA MT - REM","robots":{"index":"index","follow":"follow","max-snippet":"max-snippet:-1","max-image-preview":"max-image-preview:large","max-video-preview":"max-video-preview:-1"},"canonical":"https:\/\/rem.sema.mt.gov.br\/en\/oportunidades-vagas-clt-e-estagio\/oportunidade-profissional-senior-para-apoio-a-coordenadoria-de-mudancas-climaticas-e-redd\/","og_locale":"en_US","og_type":"article","og_title":"ENCERRADA - Oportunidade \u2013 Profissional S\u00eanior para apoio \u00e0 Coordenadoria de Mudan\u00e7as Clim\u00e1ticas e REDD+ da SEMA MT - REM","og_description":"O Programa REM MT divulga oportunidade para contrata\u00e7\u00e3o de profissional s\u00eanior que atuar\u00e1 no apoio t\u00e9cnico \u00e0 Coordenadoria de Mudan\u00e7as Clim\u00e1ticas e REDD+, contribuindo para o fortalecimento das pol\u00edticas de clima e redu\u00e7\u00e3o do desmatamento em Mato Grosso. A pessoa selecionada apoiar\u00e1 atividades estrat\u00e9gicas relacionadas \u00e0 consolida\u00e7\u00e3o do Programa Jurisdicional de REDD+ e ao fortalecimento [&hellip;]","og_url":"https:\/\/rem.sema.mt.gov.br\/en\/oportunidades-vagas-clt-e-estagio\/oportunidade-profissional-senior-para-apoio-a-coordenadoria-de-mudancas-climaticas-e-redd\/","og_site_name":"REM","article_published_time":"2026-03-16T14:39:53+00:00","article_modified_time":"2026-04-01T14:44:37+00:00","og_image":[{"width":1920,"height":1080,"url":"https:\/\/rem.sema.mt.gov.br\/wp-content\/uploads\/2026\/03\/REM-MT-Capa-para-Materias-1.webp","type":"image\/webp"}],"author":"REM MT","twitter_card":"summary_large_image","twitter_misc":{"Written by":"REM MT","Est. reading time":"3 minutes"},"schema":{"@context":"https:\/\/schema.org","@graph":[{"@type":"WebPage","@id":"https:\/\/rem.sema.mt.gov.br\/oportunidades-vagas-clt-e-estagio\/oportunidade-profissional-senior-para-apoio-a-coordenadoria-de-mudancas-climaticas-e-redd\/","url":"https:\/\/rem.sema.mt.gov.br\/oportunidades-vagas-clt-e-estagio\/oportunidade-profissional-senior-para-apoio-a-coordenadoria-de-mudancas-climaticas-e-redd\/","name":"ENCERRADA - Oportunidade \u2013 Profissional S\u00eanior para apoio \u00e0 Coordenadoria de Mudan\u00e7as Clim\u00e1ticas e REDD+ da SEMA MT - REM","isPartOf":{"@id":"https:\/\/rem.sema.mt.gov.br\/#website"},"primaryImageOfPage":{"@id":"https:\/\/rem.sema.mt.gov.br\/oportunidades-vagas-clt-e-estagio\/oportunidade-profissional-senior-para-apoio-a-coordenadoria-de-mudancas-climaticas-e-redd\/#primaryimage"},"image":{"@id":"https:\/\/rem.sema.mt.gov.br\/oportunidades-vagas-clt-e-estagio\/oportunidade-profissional-senior-para-apoio-a-coordenadoria-de-mudancas-climaticas-e-redd\/#primaryimage"},"thumbnailUrl":"https:\/\/rem.sema.mt.gov.br\/wp-content\/uploads\/2026\/03\/REM-MT-Capa-para-Materias-1.webp","datePublished":"2026-03-16T14:39:53+00:00","dateModified":"2026-04-01T14:44:37+00:00","author":{"@id":"https:\/\/rem.sema.mt.gov.br\/#\/schema\/person\/d7f162d30bdd095e4a02c2e5f5d4b221"},"breadcrumb":{"@id":"https:\/\/rem.sema.mt.gov.br\/oportunidades-vagas-clt-e-estagio\/oportunidade-profissional-senior-para-apoio-a-coordenadoria-de-mudancas-climaticas-e-redd\/#breadcrumb"},"inLanguage":"en-US","potentialAction":[{"@type":"ReadAction","target":["https:\/\/rem.sema.mt.gov.br\/oportunidades-vagas-clt-e-estagio\/oportunidade-profissional-senior-para-apoio-a-coordenadoria-de-mudancas-climaticas-e-redd\/"]}]},{"@type":"ImageObject","inLanguage":"en-US","@id":"https:\/\/rem.sema.mt.gov.br\/oportunidades-vagas-clt-e-estagio\/oportunidade-profissional-senior-para-apoio-a-coordenadoria-de-mudancas-climaticas-e-redd\/#primaryimage","url":"https:\/\/rem.sema.mt.gov.br\/wp-content\/uploads\/2026\/03\/REM-MT-Capa-para-Materias-1.webp","contentUrl":"https:\/\/rem.sema.mt.gov.br\/wp-content\/uploads\/2026\/03\/REM-MT-Capa-para-Materias-1.webp","width":1920,"height":1080},{"@type":"BreadcrumbList","@id":"https:\/\/rem.sema.mt.gov.br\/oportunidades-vagas-clt-e-estagio\/oportunidade-profissional-senior-para-apoio-a-coordenadoria-de-mudancas-climaticas-e-redd\/#breadcrumb","itemListElement":[{"@type":"ListItem","position":1,"name":"In\u00edcio","item":"https:\/\/rem.sema.mt.gov.br\/"},{"@type":"ListItem","position":2,"name":"ENCERRADA &#8211; Oportunidade \u2013 Profissional S\u00eanior para apoio \u00e0 Coordenadoria de Mudan\u00e7as Clim\u00e1ticas e REDD+ da SEMA MT"}]},{"@type":"WebSite","@id":"https:\/\/rem.sema.mt.gov.br\/#website","url":"https:\/\/rem.sema.mt.gov.br\/","name":"REM","description":"Mato Grosso","potentialAction":[{"@type":"SearchAction","target":{"@type":"EntryPoint","urlTemplate":"https:\/\/rem.sema.mt.gov.br\/?s={search_term_string}"},"query-input":{"@type":"PropertyValueSpecification","valueRequired":true,"valueName":"search_term_string"}}],"inLanguage":"en-US"}]}},"_links":{"self":[{"href":"https:\/\/rem.sema.mt.gov.br\/en\/wp-json\/wp\/v2\/posts\/130331","targetHints":{"allow":["GET"]}}],"collection":[{"href":"https:\/\/rem.sema.mt.gov.br\/en\/wp-json\/wp\/v2\/posts"}],"about":[{"href":"https:\/\/rem.sema.mt.gov.br\/en\/wp-json\/wp\/v2\/types\/post"}],"author":[{"embeddable":true,"href":"https:\/\/rem.sema.mt.gov.br\/en\/wp-json\/wp\/v2\/users\/4"}],"replies":[{"embeddable":true,"href":"https:\/\/rem.sema.mt.gov.br\/en\/wp-json\/wp\/v2\/comments?post=130331"}],"version-history":[{"count":3,"href":"https:\/\/rem.sema.mt.gov.br\/en\/wp-json\/wp\/v2\/posts\/130331\/revisions"}],"predecessor-version":[{"id":130861,"href":"https:\/\/rem.sema.mt.gov.br\/en\/wp-json\/wp\/v2\/posts\/130331\/revisions\/130861"}],"wp:featuredmedia":[{"embeddable":true,"href":"https:\/\/rem.sema.mt.gov.br\/en\/wp-json\/wp\/v2\/media\/130344"}],"wp:attachment":[{"href":"https:\/\/rem.sema.mt.gov.br\/en\/wp-json\/wp\/v2\/media?parent=130331"}],"wp:term":[{"taxonomy":"category","embeddable":true,"href":"https:\/\/rem.sema.mt.gov.br\/en\/wp-json\/wp\/v2\/categories?post=130331"},{"taxonomy":"post_tag","embeddable":true,"href":"https:\/\/rem.sema.mt.gov.br\/en\/wp-json\/wp\/v2\/tags?post=130331"}],"curies":[{"name":"wp","href":"https:\/\/api.w.org\/{rel}","templated":true}]}}