{"id":524,"date":"2023-03-24T16:08:16","date_gmt":"2023-03-24T19:08:16","guid":{"rendered":"https:\/\/devsweb.com.br\/rem_wp\/projeto-apoiado-pelo-rem-mt-investe-na-melhoria-e-capacitacao-de-32-associacoes-de-mt\/"},"modified":"2024-06-27T08:16:00","modified_gmt":"2024-06-27T11:16:00","slug":"projeto-apoiado-pelo-rem-mt-investe-na-melhoria-e-capacitacao-de-32-associacoes-de-mt","status":"publish","type":"post","link":"https:\/\/rem.sema.mt.gov.br\/en\/noticias\/projeto-apoiado-pelo-rem-mt-investe-na-melhoria-e-capacitacao-de-32-associacoes-de-mt\/","title":{"rendered":"Projeto apoiado pelo REM MT investe na melhoria e capacita\u00e7\u00e3o de 32 associa\u00e7\u00f5es de MT"},"content":{"rendered":"<p><span style=\"font-size: 18pt;\"><span style=\"font-size: 36pt;\"><strong>A<\/strong><\/span> produtora rural Ana Aparecida Rossi viu a qualidade da sua produ\u00e7\u00e3o de caf\u00e9 crescer depois que entrou para a Associa\u00e7\u00e3o Comunit\u00e1ria Rural Sol Nascente (ACRSN), em Alta Floresta, por meio do projeto de capacita\u00e7\u00e3o apoiado pelo REM MT \u201cAmpliando oportunidades de mercado para neg\u00f3cios comunit\u00e1rios da agricultura familiar, povos e comunidades tradicionais em Mato Grosso\u201d, a associa\u00e7\u00e3o tem apoiado Ana Aparecida e outras 60 fam\u00edlias a desenvolverem atividades para o fortalecimento e resili\u00eancia no campo.\u00a0<\/span><\/p>\n<p><span style=\"font-weight: 400; font-size: 18pt;\">Segundo a produtora, al\u00e9m de aumentar a qualidade da produ\u00e7\u00e3o, participar do projeto tamb\u00e9m incentivou o interesse de mulheres e jovens nas decis\u00f5es da associa\u00e7\u00e3o.<\/span><\/p>\n<blockquote><p><span style=\"font-weight: 400; font-size: 18pt;\">\u201cA participa\u00e7\u00e3o da ACRSN neste projeto abriu novos horizontes e possibilidades de amplia\u00e7\u00e3o para atua\u00e7\u00e3o, propiciando a participa\u00e7\u00e3o em cursos de capacita\u00e7\u00e3o e incentivos nos trabalhos desenvolvidos pela ACRSN. Mudan\u00e7as foram acontecendo, desde a participa\u00e7\u00e3o de maior n\u00famero de mulheres e jovens nos trabalhos e decis\u00f5es da ACRSN at\u00e9 uma percep\u00e7\u00e3o de resili\u00eancia social e ambiental pelo grupo envolvido nas atividades\u201d, comenta.<\/span><\/p><\/blockquote>\n<p><span style=\"font-size: 12pt;\"><b><img fetchpriority=\"high\" decoding=\"async\" class=\"size-full wp-image-521\" src=\"https:\/\/rem.sema.mt.gov.br\/wp-content\/uploads\/2023\/03\/conexus2-132.jpg\" alt=\"\" width=\"921\" height=\"691\" srcset=\"https:\/\/rem.sema.mt.gov.br\/wp-content\/uploads\/2023\/03\/conexus2-132.jpg 1280w, https:\/\/rem.sema.mt.gov.br\/wp-content\/uploads\/2023\/03\/conexus2-132-300x225.jpg 300w, https:\/\/rem.sema.mt.gov.br\/wp-content\/uploads\/2023\/03\/conexus2-132-1024x768.jpg 1024w, https:\/\/rem.sema.mt.gov.br\/wp-content\/uploads\/2023\/03\/conexus2-132-768x576.jpg 768w\" sizes=\"(max-width: 921px) 100vw, 921px\" \/><br \/>\n<\/b><\/span><span style=\"font-size: 12pt;\"><b>Dia de campo (Foto: arquivo pessoal)<\/b><\/span><\/p>\n<p><span style=\"font-weight: 400; font-size: 18pt;\">O projeto \u00e9 apoiado pelo <a href=\"https:\/\/remmt.com.br\/\">Programa REM MT<\/a> e executado pelo Instituto Conex\u00f5es Sustent\u00e1veis (Conexsus), contando com uma infinidade de parceiros. O aprendizado dos participantes se baseou nos 3 eixos do projeto: modelagem de neg\u00f3cios, acesso \u00e0 cr\u00e9dito e acesso a mercados.<\/span><\/p>\n<p><span style=\"font-weight: 400; font-size: 18pt;\">Dentre a metodologia, foram aplicados modelagem e constru\u00e7\u00e3o dos planos de a\u00e7\u00e3o, aprimoramento das a\u00e7\u00f5es de gest\u00e3o produtiva, administrativa financeira e comercial, promovendo a cultura de planejamento dentro das organiza\u00e7\u00f5es.\u00a0<\/span><\/p>\n<p><span style=\"font-weight: 400; font-size: 18pt;\">De acordo com o coordenador da Conexsus no N\u00facleo de Desenvolvimento de Neg\u00f3cios Comunit\u00e1rios, Andr\u00e9 Ramos, 32 associa\u00e7\u00f5es e cooperativas de Neg\u00f3cios Comunit\u00e1rios de Impacto Socioambiental (NCIS) participaram do projeto, sendo 23 associa\u00e7\u00f5es e 9 cooperativas. Dentre elas, 3 associa\u00e7\u00f5es s\u00e3o ind\u00edgenas.<\/span><\/p>\n<p><span style=\"font-weight: 400; font-size: 18pt;\"><img decoding=\"async\" class=\"size-full wp-image-522\" src=\"https:\/\/rem.sema.mt.gov.br\/wp-content\/uploads\/2023\/03\/conexus1-548.jpg\" alt=\"\" width=\"799\" height=\"533\" srcset=\"https:\/\/rem.sema.mt.gov.br\/wp-content\/uploads\/2023\/03\/conexus1-548.jpg 799w, https:\/\/rem.sema.mt.gov.br\/wp-content\/uploads\/2023\/03\/conexus1-548-300x200.jpg 300w, https:\/\/rem.sema.mt.gov.br\/wp-content\/uploads\/2023\/03\/conexus1-548-768x512.jpg 768w\" sizes=\"(max-width: 799px) 100vw, 799px\" \/><br \/>\n<\/span><span style=\"font-size: 12pt;\"><b>Projeto de capacita\u00e7\u00e3o apoiado pelo REM MT fortalece a agricultura familiar de Mato Grosso (Foto: Lenine Martins\/Gcom-MT)<\/b><\/span><\/p>\n<p><span style=\"font-weight: 400; font-size: 18pt;\">No entanto, os NCIS possuem mais de 950 associados em suas bases produtivas. Frutas, legumes e hortali\u00e7as s\u00e3o alguns dos produtos que essas fam\u00edlias produzem e est\u00e3o sendo beneficiadas pelo projeto.<\/span><\/p>\n<blockquote><p><span style=\"font-weight: 400; font-size: 18pt;\">\u201cEm geral, esses NCIS produzem alimentos in natura ou minimamente processados, como por exemplo, frutas (polpas), hortali\u00e7as, legumes, pimenta, mel, leite e derivados, panificados, ovos, entre outros produtos aliment\u00edcios, e praticam extrativismo de castanha do Brasil, al\u00e9m da produ\u00e7\u00e3o de artesanato, mudas de plantas e borracha. Tamb\u00e9m praticam produ\u00e7\u00e3o animal de aves e peixe\u201d, detalha Andr\u00e9.\u00a0<\/span><\/p><\/blockquote>\n<p><span style=\"font-size: 12pt;\"><b><img decoding=\"async\" class=\"size-full wp-image-523\" src=\"https:\/\/rem.sema.mt.gov.br\/wp-content\/uploads\/2023\/03\/conexus3-ebb.png\" alt=\"\" width=\"800\" height=\"800\" srcset=\"https:\/\/rem.sema.mt.gov.br\/wp-content\/uploads\/2023\/03\/conexus3-ebb.png 800w, https:\/\/rem.sema.mt.gov.br\/wp-content\/uploads\/2023\/03\/conexus3-ebb-300x300.png 300w, https:\/\/rem.sema.mt.gov.br\/wp-content\/uploads\/2023\/03\/conexus3-ebb-150x150.png 150w, https:\/\/rem.sema.mt.gov.br\/wp-content\/uploads\/2023\/03\/conexus3-ebb-768x768.png 768w, https:\/\/rem.sema.mt.gov.br\/wp-content\/uploads\/2023\/03\/conexus3-ebb-600x600.png 600w\" sizes=\"(max-width: 800px) 100vw, 800px\" \/><br \/>\nAndr\u00e9 Ramos \u00e9 Coordenador de Cerrado e Caatinga &#8211; N\u00facleo de Desenvolvimento de Neg\u00f3cios Comunit\u00e1rios da Conexsus (Foto: Arquivo pessoal)<\/b><\/span><\/p>\n<p><span style=\"font-weight: 400; font-size: 18pt;\">Andr\u00e9 Ramos pontua que o projeto possibilitou que as fam\u00edlias ampliassem o seu modelo de neg\u00f3cio, realizando mais parcerias e fortalecendo a comunidade local.<\/span><\/p>\n<blockquote><p><span style=\"font-weight: 400; font-size: 18pt;\">\u201cO objetivo geral do projeto era ampliar a capacidade das organiza\u00e7\u00f5es comunit\u00e1rias de impacto socioambiental do Mato Grosso de concretizar novas oportunidades comerciais, fortalecendo a resili\u00eancia social e ambiental em territ\u00f3rios do estado\u201d, conta.<\/span><\/p><\/blockquote>\n<p><span style=\"font-size: 18pt;\"><b>Produtos entregue e fase final<\/b><\/span><\/p>\n<p><span style=\"font-weight: 400; font-size: 18pt;\">A Conexsus fez um breve resgate das atividades realizadas com os parceiros e NCIS nas \u00e1reas de modelagem de neg\u00f3cios, acesso a cr\u00e9dito rural e acesso \u00e0 mercados.<\/span><\/p>\n<p><span style=\"font-weight: 400; font-size: 18pt;\">Todos os produtos j\u00e1 foram entregues e o projeto se encaminha para a fase final, prevista para julho deste ano. S\u00e3o os produtos:<\/span><\/p>\n<p><span style=\"font-weight: 400; font-size: 18pt;\">&#8211; Oficina de Modelagem de Neg\u00f3cios Comunit\u00e1rios de Impacto Socioambiental (NCIS)<\/span><\/p>\n<p><span style=\"font-weight: 400; font-size: 18pt;\">&#8211; Elabora\u00e7\u00e3o, execu\u00e7\u00e3o, monitoramento e avalia\u00e7\u00e3o de planos de a\u00e7\u00e3o para o desenvolvimento de NCIS<\/span><\/p>\n<p><span style=\"font-weight: 400; font-size: 18pt;\">&#8211; Estudos de intelig\u00eancia de mercado \/ Pesquisas de mercado<\/span><\/p>\n<p><span style=\"font-weight: 400; font-size: 18pt;\">&#8211; Assessoria para qualifica\u00e7\u00e3o dos produtos para comercializa\u00e7\u00e3o<\/span><\/p>\n<p><span style=\"font-weight: 400; font-size: 18pt;\">&#8211; Elabora\u00e7\u00e3o de painel em Power BI com a sistematiza\u00e7\u00e3o de produtos prontos para comercializa\u00e7\u00e3o de 14 NCIS, com acesso online, que poder\u00e1 seguir sendo atualizado e tornar-se instrumento acesso \u00e0 informa\u00e7\u00e3o por parte de diferentes atores envolvidos no ecossistema de apoio ao desenvolvimento de NCIS (os pr\u00f3prios NCIS, entidades de apoio, governo e empresas compradoras).<\/span><\/p>\n<p><span style=\"font-weight: 400; font-size: 18pt;\">&#8211; Prospec\u00e7\u00e3o de NCIS ligados \u00e0 UnicafesMT para acessar cr\u00e9dito junto ao Fundo Conexsus. Elabora\u00e7\u00e3o de projeto de cr\u00e9dito e concess\u00e3o de cr\u00e9dito para 1 NCIS. Entrada de 2 NCIS no programa de Assessoria do Fundo Conexsus.<\/span><\/p>\n<p><span style=\"font-weight: 400; font-size: 18pt;\">&#8211; Apoio ao processo de assessoria feito pelo ICV para obten\u00e7\u00e3o de cr\u00e9dito rural por agricultores familiares e extrativistas junto ao SICREDI<\/span><\/p>\n<p><span style=\"font-size: 18pt;\"><b>Partners<\/b><\/span><\/p>\n<p><span style=\"font-weight: 400; font-size: 18pt;\">Entre os parceiros do projeto de capacita\u00e7\u00e3o, est\u00e3o o Instituto Socioambiental (ISA) \u2013 refer\u00eancia no trabalho com associa\u00e7\u00f5es de povos ind\u00edgenas do Territ\u00f3rio Ind\u00edgena do Xingu, o Instituto Centro de Vida (ICV) \u2013 refer\u00eancia no trabalho com agricultores familiares do noroeste do Mato Grosso e a Uni\u00e3o Nacional das Cooperativas da Agricultura Familiar e Economia Solid\u00e1ria de Mato Grosso (Unicafes-MT) \u2013 refer\u00eancia no trabalho com associa\u00e7\u00f5es e cooperativas da agricultura familiar e do extrativismo de todo o estado de MT.<\/span><\/p>\n<p data-pm-slice=\"1 1 []\">","protected":false},"excerpt":{"rendered":"<p>A produtora rural Ana Aparecida Rossi viu a qualidade da sua produ\u00e7\u00e3o de caf\u00e9 crescer depois que entrou para a Associa\u00e7\u00e3o Comunit\u00e1ria Rural Sol Nascente (ACRSN), em Alta Floresta, por meio do projeto de capacita\u00e7\u00e3o apoiado pelo REM MT \u201cAmpliando oportunidades de mercado para neg\u00f3cios comunit\u00e1rios da agricultura familiar, povos e comunidades tradicionais em Mato [&hellip;]<\/p>","protected":false},"author":2,"featured_media":521,"comment_status":"open","ping_status":"open","sticky":false,"template":"","format":"standard","meta":{"_eb_attr":"","ocean_post_layout":"","ocean_both_sidebars_style":"","ocean_both_sidebars_content_width":0,"ocean_both_sidebars_sidebars_width":0,"ocean_sidebar":"","ocean_second_sidebar":"","ocean_disable_margins":"enable","ocean_add_body_class":"","ocean_shortcode_before_top_bar":"","ocean_shortcode_after_top_bar":"","ocean_shortcode_before_header":"","ocean_shortcode_after_header":"","ocean_has_shortcode":"","ocean_shortcode_after_title":"","ocean_shortcode_before_footer_widgets":"","ocean_shortcode_after_footer_widgets":"","ocean_shortcode_before_footer_bottom":"","ocean_shortcode_after_footer_bottom":"","ocean_display_top_bar":"default","ocean_display_header":"default","ocean_header_style":"","ocean_center_header_left_menu":"","ocean_custom_header_template":"","ocean_custom_logo":0,"ocean_custom_retina_logo":0,"ocean_custom_logo_max_width":0,"ocean_custom_logo_tablet_max_width":0,"ocean_custom_logo_mobile_max_width":0,"ocean_custom_logo_max_height":0,"ocean_custom_logo_tablet_max_height":0,"ocean_custom_logo_mobile_max_height":0,"ocean_header_custom_menu":"","ocean_menu_typo_font_family":"","ocean_menu_typo_font_subset":"","ocean_menu_typo_font_size":0,"ocean_menu_typo_font_size_tablet":0,"ocean_menu_typo_font_size_mobile":0,"ocean_menu_typo_font_size_unit":"px","ocean_menu_typo_font_weight":"","ocean_menu_typo_font_weight_tablet":"","ocean_menu_typo_font_weight_mobile":"","ocean_menu_typo_transform":"","ocean_menu_typo_transform_tablet":"","ocean_menu_typo_transform_mobile":"","ocean_menu_typo_line_height":0,"ocean_menu_typo_line_height_tablet":0,"ocean_menu_typo_line_height_mobile":0,"ocean_menu_typo_line_height_unit":"","ocean_menu_typo_spacing":0,"ocean_menu_typo_spacing_tablet":0,"ocean_menu_typo_spacing_mobile":0,"ocean_menu_typo_spacing_unit":"","ocean_menu_link_color":"","ocean_menu_link_color_hover":"","ocean_menu_link_color_active":"","ocean_menu_link_background":"","ocean_menu_link_hover_background":"","ocean_menu_link_active_background":"","ocean_menu_social_links_bg":"","ocean_menu_social_hover_links_bg":"","ocean_menu_social_links_color":"","ocean_menu_social_hover_links_color":"","ocean_disable_title":"default","ocean_disable_heading":"default","ocean_post_title":"","ocean_post_subheading":"","ocean_post_title_style":"","ocean_post_title_background_color":"","ocean_post_title_background":0,"ocean_post_title_bg_image_position":"","ocean_post_title_bg_image_attachment":"","ocean_post_title_bg_image_repeat":"","ocean_post_title_bg_image_size":"","ocean_post_title_height":0,"ocean_post_title_bg_overlay":0.5,"ocean_post_title_bg_overlay_color":"","ocean_disable_breadcrumbs":"default","ocean_breadcrumbs_color":"","ocean_breadcrumbs_separator_color":"","ocean_breadcrumbs_links_color":"","ocean_breadcrumbs_links_hover_color":"","ocean_display_footer_widgets":"default","ocean_display_footer_bottom":"default","ocean_custom_footer_template":"","ocean_post_oembed":"","ocean_post_self_hosted_media":"","ocean_post_video_embed":"","ocean_link_format":"","ocean_link_format_target":"self","ocean_quote_format":"","ocean_quote_format_link":"post","ocean_gallery_link_images":"on","ocean_gallery_id":[],"footnotes":""},"categories":[19],"tags":[],"class_list":["post-524","post","type-post","status-publish","format-standard","has-post-thumbnail","hentry","category-noticias","entry","has-media"],"yoast_head":"<!-- This site is optimized with the Yoast SEO plugin v27.5 - https:\/\/yoast.com\/product\/yoast-seo-wordpress\/ -->\n<title>Projeto de capacita\u00e7\u00e3o REM MT fortalece agricultura familiar<\/title>\n<meta name=\"description\" content=\"Projeto de capacita\u00e7\u00e3o REM MT melhora produ\u00e7\u00e3o e qualidade de vida de fam\u00edlias rurais em Alta Floresta, fortalecendo mulheres e jovens.\" \/>\n<meta name=\"robots\" content=\"index, follow, max-snippet:-1, max-image-preview:large, max-video-preview:-1\" \/>\n<link rel=\"canonical\" href=\"https:\/\/rem.sema.mt.gov.br\/en\/noticias\/projeto-apoiado-pelo-rem-mt-investe-na-melhoria-e-capacitacao-de-32-associacoes-de-mt\/\" \/>\n<meta property=\"og:locale\" content=\"en_US\" \/>\n<meta property=\"og:type\" content=\"article\" \/>\n<meta property=\"og:title\" content=\"Projeto de capacita\u00e7\u00e3o REM MT fortalece agricultura familiar\" \/>\n<meta property=\"og:description\" content=\"Projeto de capacita\u00e7\u00e3o REM MT melhora produ\u00e7\u00e3o e qualidade de vida de fam\u00edlias rurais em Alta Floresta, fortalecendo mulheres e jovens.\" \/>\n<meta property=\"og:url\" content=\"https:\/\/rem.sema.mt.gov.br\/en\/noticias\/projeto-apoiado-pelo-rem-mt-investe-na-melhoria-e-capacitacao-de-32-associacoes-de-mt\/\" \/>\n<meta property=\"og:site_name\" content=\"REM\" \/>\n<meta property=\"article:published_time\" content=\"2023-03-24T19:08:16+00:00\" \/>\n<meta property=\"article:modified_time\" content=\"2024-06-27T11:16:00+00:00\" \/>\n<meta property=\"og:image\" content=\"https:\/\/rem.sema.mt.gov.br\/wp-content\/uploads\/2023\/03\/conexus2-132.jpg\" \/>\n\t<meta property=\"og:image:width\" content=\"1280\" \/>\n\t<meta property=\"og:image:height\" content=\"960\" \/>\n\t<meta property=\"og:image:type\" content=\"image\/jpeg\" \/>\n<meta name=\"author\" content=\"Nvlo\" \/>\n<meta name=\"twitter:card\" content=\"summary_large_image\" \/>\n<meta name=\"twitter:label1\" content=\"Written by\" \/>\n\t<meta name=\"twitter:data1\" content=\"Nvlo\" \/>\n\t<meta name=\"twitter:label2\" content=\"Est. reading time\" \/>\n\t<meta name=\"twitter:data2\" content=\"5 minutes\" \/>\n<script type=\"application\/ld+json\" class=\"yoast-schema-graph\">{\"@context\":\"https:\\\/\\\/schema.org\",\"@graph\":[{\"@type\":\"WebPage\",\"@id\":\"https:\\\/\\\/rem.sema.mt.gov.br\\\/noticias\\\/projeto-apoiado-pelo-rem-mt-investe-na-melhoria-e-capacitacao-de-32-associacoes-de-mt\\\/\",\"url\":\"https:\\\/\\\/rem.sema.mt.gov.br\\\/noticias\\\/projeto-apoiado-pelo-rem-mt-investe-na-melhoria-e-capacitacao-de-32-associacoes-de-mt\\\/\",\"name\":\"Projeto de capacita\u00e7\u00e3o REM MT fortalece agricultura familiar\",\"isPartOf\":{\"@id\":\"https:\\\/\\\/rem.sema.mt.gov.br\\\/#website\"},\"primaryImageOfPage\":{\"@id\":\"https:\\\/\\\/rem.sema.mt.gov.br\\\/noticias\\\/projeto-apoiado-pelo-rem-mt-investe-na-melhoria-e-capacitacao-de-32-associacoes-de-mt\\\/#primaryimage\"},\"image\":{\"@id\":\"https:\\\/\\\/rem.sema.mt.gov.br\\\/noticias\\\/projeto-apoiado-pelo-rem-mt-investe-na-melhoria-e-capacitacao-de-32-associacoes-de-mt\\\/#primaryimage\"},\"thumbnailUrl\":\"https:\\\/\\\/rem.sema.mt.gov.br\\\/wp-content\\\/uploads\\\/2023\\\/03\\\/conexus2-132.jpg\",\"datePublished\":\"2023-03-24T19:08:16+00:00\",\"dateModified\":\"2024-06-27T11:16:00+00:00\",\"author\":{\"@id\":\"https:\\\/\\\/rem.sema.mt.gov.br\\\/#\\\/schema\\\/person\\\/c1c87c5fec98c415b7dd9f1c8b5e1d18\"},\"description\":\"Projeto de capacita\u00e7\u00e3o REM MT melhora produ\u00e7\u00e3o e qualidade de vida de fam\u00edlias rurais em Alta Floresta, fortalecendo mulheres e jovens.\",\"breadcrumb\":{\"@id\":\"https:\\\/\\\/rem.sema.mt.gov.br\\\/noticias\\\/projeto-apoiado-pelo-rem-mt-investe-na-melhoria-e-capacitacao-de-32-associacoes-de-mt\\\/#breadcrumb\"},\"inLanguage\":\"en-US\",\"potentialAction\":[{\"@type\":\"ReadAction\",\"target\":[\"https:\\\/\\\/rem.sema.mt.gov.br\\\/noticias\\\/projeto-apoiado-pelo-rem-mt-investe-na-melhoria-e-capacitacao-de-32-associacoes-de-mt\\\/\"]}]},{\"@type\":\"ImageObject\",\"inLanguage\":\"en-US\",\"@id\":\"https:\\\/\\\/rem.sema.mt.gov.br\\\/noticias\\\/projeto-apoiado-pelo-rem-mt-investe-na-melhoria-e-capacitacao-de-32-associacoes-de-mt\\\/#primaryimage\",\"url\":\"https:\\\/\\\/rem.sema.mt.gov.br\\\/wp-content\\\/uploads\\\/2023\\\/03\\\/conexus2-132.jpg\",\"contentUrl\":\"https:\\\/\\\/rem.sema.mt.gov.br\\\/wp-content\\\/uploads\\\/2023\\\/03\\\/conexus2-132.jpg\",\"width\":1280,\"height\":960},{\"@type\":\"BreadcrumbList\",\"@id\":\"https:\\\/\\\/rem.sema.mt.gov.br\\\/noticias\\\/projeto-apoiado-pelo-rem-mt-investe-na-melhoria-e-capacitacao-de-32-associacoes-de-mt\\\/#breadcrumb\",\"itemListElement\":[{\"@type\":\"ListItem\",\"position\":1,\"name\":\"In\u00edcio\",\"item\":\"https:\\\/\\\/rem.sema.mt.gov.br\\\/\"},{\"@type\":\"ListItem\",\"position\":2,\"name\":\"Projeto apoiado pelo REM MT investe na melhoria e capacita\u00e7\u00e3o de 32 associa\u00e7\u00f5es de MT\"}]},{\"@type\":\"WebSite\",\"@id\":\"https:\\\/\\\/rem.sema.mt.gov.br\\\/#website\",\"url\":\"https:\\\/\\\/rem.sema.mt.gov.br\\\/\",\"name\":\"REM\",\"description\":\"Mato Grosso\",\"potentialAction\":[{\"@type\":\"SearchAction\",\"target\":{\"@type\":\"EntryPoint\",\"urlTemplate\":\"https:\\\/\\\/rem.sema.mt.gov.br\\\/?s={search_term_string}\"},\"query-input\":{\"@type\":\"PropertyValueSpecification\",\"valueRequired\":true,\"valueName\":\"search_term_string\"}}],\"inLanguage\":\"en-US\"}]}<\/script>\n<!-- \/ Yoast SEO plugin. -->","yoast_head_json":{"title":"Projeto de capacita\u00e7\u00e3o REM MT fortalece agricultura familiar","description":"Projeto de capacita\u00e7\u00e3o REM MT melhora produ\u00e7\u00e3o e qualidade de vida de fam\u00edlias rurais em Alta Floresta, fortalecendo mulheres e jovens.","robots":{"index":"index","follow":"follow","max-snippet":"max-snippet:-1","max-image-preview":"max-image-preview:large","max-video-preview":"max-video-preview:-1"},"canonical":"https:\/\/rem.sema.mt.gov.br\/en\/noticias\/projeto-apoiado-pelo-rem-mt-investe-na-melhoria-e-capacitacao-de-32-associacoes-de-mt\/","og_locale":"en_US","og_type":"article","og_title":"Projeto de capacita\u00e7\u00e3o REM MT fortalece agricultura familiar","og_description":"Projeto de capacita\u00e7\u00e3o REM MT melhora produ\u00e7\u00e3o e qualidade de vida de fam\u00edlias rurais em Alta Floresta, fortalecendo mulheres e jovens.","og_url":"https:\/\/rem.sema.mt.gov.br\/en\/noticias\/projeto-apoiado-pelo-rem-mt-investe-na-melhoria-e-capacitacao-de-32-associacoes-de-mt\/","og_site_name":"REM","article_published_time":"2023-03-24T19:08:16+00:00","article_modified_time":"2024-06-27T11:16:00+00:00","og_image":[{"width":1280,"height":960,"url":"https:\/\/rem.sema.mt.gov.br\/wp-content\/uploads\/2023\/03\/conexus2-132.jpg","type":"image\/jpeg"}],"author":"Nvlo","twitter_card":"summary_large_image","twitter_misc":{"Written by":"Nvlo","Est. reading time":"5 minutes"},"schema":{"@context":"https:\/\/schema.org","@graph":[{"@type":"WebPage","@id":"https:\/\/rem.sema.mt.gov.br\/noticias\/projeto-apoiado-pelo-rem-mt-investe-na-melhoria-e-capacitacao-de-32-associacoes-de-mt\/","url":"https:\/\/rem.sema.mt.gov.br\/noticias\/projeto-apoiado-pelo-rem-mt-investe-na-melhoria-e-capacitacao-de-32-associacoes-de-mt\/","name":"Projeto de capacita\u00e7\u00e3o REM MT fortalece agricultura familiar","isPartOf":{"@id":"https:\/\/rem.sema.mt.gov.br\/#website"},"primaryImageOfPage":{"@id":"https:\/\/rem.sema.mt.gov.br\/noticias\/projeto-apoiado-pelo-rem-mt-investe-na-melhoria-e-capacitacao-de-32-associacoes-de-mt\/#primaryimage"},"image":{"@id":"https:\/\/rem.sema.mt.gov.br\/noticias\/projeto-apoiado-pelo-rem-mt-investe-na-melhoria-e-capacitacao-de-32-associacoes-de-mt\/#primaryimage"},"thumbnailUrl":"https:\/\/rem.sema.mt.gov.br\/wp-content\/uploads\/2023\/03\/conexus2-132.jpg","datePublished":"2023-03-24T19:08:16+00:00","dateModified":"2024-06-27T11:16:00+00:00","author":{"@id":"https:\/\/rem.sema.mt.gov.br\/#\/schema\/person\/c1c87c5fec98c415b7dd9f1c8b5e1d18"},"description":"Projeto de capacita\u00e7\u00e3o REM MT melhora produ\u00e7\u00e3o e qualidade de vida de fam\u00edlias rurais em Alta Floresta, fortalecendo mulheres e jovens.","breadcrumb":{"@id":"https:\/\/rem.sema.mt.gov.br\/noticias\/projeto-apoiado-pelo-rem-mt-investe-na-melhoria-e-capacitacao-de-32-associacoes-de-mt\/#breadcrumb"},"inLanguage":"en-US","potentialAction":[{"@type":"ReadAction","target":["https:\/\/rem.sema.mt.gov.br\/noticias\/projeto-apoiado-pelo-rem-mt-investe-na-melhoria-e-capacitacao-de-32-associacoes-de-mt\/"]}]},{"@type":"ImageObject","inLanguage":"en-US","@id":"https:\/\/rem.sema.mt.gov.br\/noticias\/projeto-apoiado-pelo-rem-mt-investe-na-melhoria-e-capacitacao-de-32-associacoes-de-mt\/#primaryimage","url":"https:\/\/rem.sema.mt.gov.br\/wp-content\/uploads\/2023\/03\/conexus2-132.jpg","contentUrl":"https:\/\/rem.sema.mt.gov.br\/wp-content\/uploads\/2023\/03\/conexus2-132.jpg","width":1280,"height":960},{"@type":"BreadcrumbList","@id":"https:\/\/rem.sema.mt.gov.br\/noticias\/projeto-apoiado-pelo-rem-mt-investe-na-melhoria-e-capacitacao-de-32-associacoes-de-mt\/#breadcrumb","itemListElement":[{"@type":"ListItem","position":1,"name":"In\u00edcio","item":"https:\/\/rem.sema.mt.gov.br\/"},{"@type":"ListItem","position":2,"name":"Projeto apoiado pelo REM MT investe na melhoria e capacita\u00e7\u00e3o de 32 associa\u00e7\u00f5es de MT"}]},{"@type":"WebSite","@id":"https:\/\/rem.sema.mt.gov.br\/#website","url":"https:\/\/rem.sema.mt.gov.br\/","name":"REM","description":"Mato Grosso","potentialAction":[{"@type":"SearchAction","target":{"@type":"EntryPoint","urlTemplate":"https:\/\/rem.sema.mt.gov.br\/?s={search_term_string}"},"query-input":{"@type":"PropertyValueSpecification","valueRequired":true,"valueName":"search_term_string"}}],"inLanguage":"en-US"}]}},"_links":{"self":[{"href":"https:\/\/rem.sema.mt.gov.br\/en\/wp-json\/wp\/v2\/posts\/524","targetHints":{"allow":["GET"]}}],"collection":[{"href":"https:\/\/rem.sema.mt.gov.br\/en\/wp-json\/wp\/v2\/posts"}],"about":[{"href":"https:\/\/rem.sema.mt.gov.br\/en\/wp-json\/wp\/v2\/types\/post"}],"author":[{"embeddable":true,"href":"https:\/\/rem.sema.mt.gov.br\/en\/wp-json\/wp\/v2\/users\/2"}],"replies":[{"embeddable":true,"href":"https:\/\/rem.sema.mt.gov.br\/en\/wp-json\/wp\/v2\/comments?post=524"}],"version-history":[{"count":1,"href":"https:\/\/rem.sema.mt.gov.br\/en\/wp-json\/wp\/v2\/posts\/524\/revisions"}],"predecessor-version":[{"id":4406,"href":"https:\/\/rem.sema.mt.gov.br\/en\/wp-json\/wp\/v2\/posts\/524\/revisions\/4406"}],"wp:featuredmedia":[{"embeddable":true,"href":"https:\/\/rem.sema.mt.gov.br\/en\/wp-json\/wp\/v2\/media\/521"}],"wp:attachment":[{"href":"https:\/\/rem.sema.mt.gov.br\/en\/wp-json\/wp\/v2\/media?parent=524"}],"wp:term":[{"taxonomy":"category","embeddable":true,"href":"https:\/\/rem.sema.mt.gov.br\/en\/wp-json\/wp\/v2\/categories?post=524"},{"taxonomy":"post_tag","embeddable":true,"href":"https:\/\/rem.sema.mt.gov.br\/en\/wp-json\/wp\/v2\/tags?post=524"}],"curies":[{"name":"wp","href":"https:\/\/api.w.org\/{rel}","templated":true}]}}