{"id":534,"date":"2023-03-30T12:35:25","date_gmt":"2023-03-30T15:35:25","guid":{"rendered":"https:\/\/devsweb.com.br\/rem_wp\/povos-indigenas-terao-acesso-a-imagens-de-satelite-para-denunciar-queimadas-e-desmatamento-ilegal-nas-reservas\/"},"modified":"2024-06-27T08:16:49","modified_gmt":"2024-06-27T11:16:49","slug":"povos-indigenas-terao-acesso-a-imagens-de-satelite-para-denunciar-queimadas-e-desmatamento-ilegal-nas-reservas","status":"publish","type":"post","link":"https:\/\/rem.sema.mt.gov.br\/en\/noticias\/povos-indigenas-terao-acesso-a-imagens-de-satelite-para-denunciar-queimadas-e-desmatamento-ilegal-nas-reservas\/","title":{"rendered":"Povos ind\u00edgenas ter\u00e3o acesso a imagens de sat\u00e9lite para denunciar queimadas e desmatamento ilegal nos territ\u00f3rios"},"content":{"rendered":"<p><span style=\"font-weight: 400; font-size: 18pt;\"><span style=\"font-size: 36pt;\"><strong>M<\/strong><\/span>ais uma a\u00e7\u00e3o vai fortalecer os povos ind\u00edgenas como guardi\u00f5es das florestas mato-grossenses: a plataforma de monitoramento por sat\u00e9lite Planet, adquirida pelo <a href=\"https:\/\/remmt.com.br\/\">Programa REM MT<\/a>, agora far\u00e1 parte do controle e preven\u00e7\u00e3o das comunidades, isso porque os ind\u00edgenas ter\u00e3o acesso \u00e0 tecnologia para combater o desmatamento ilegal e as queimadas que ocorrem pr\u00f3ximo de suas reservas.\u00a0<\/span><\/p>\n<p><span style=\"font-weight: 400; font-size: 18pt;\">A novidade foi apresentada na 9\u00aa Reuni\u00e3o de Governan\u00e7a do Subprograma de Territ\u00f3rios Ind\u00edgenas, realizada nesta quarta-feira (29). De acordo com o Coordenador do <a href=\"index.php\/pt\/atuacao-2\/ti-2\">Subprograma Territ\u00f3rio Ind\u00edgenas<\/a>, Marcos Camargo Ferreira, a reuni\u00e3o de governan\u00e7a \u00e9 o principal evento de proposi\u00e7\u00e3o, tomada de decis\u00f5es, planejamento e avalia\u00e7\u00e3o das a\u00e7\u00f5es do Subprograma em prol dos povos ind\u00edgenas de Mato Grosso.\u00a0<\/span><\/p>\n<blockquote><p><span style=\"font-weight: 400; font-size: 18pt;\">\u201cA gest\u00e3o ambiental e territorial das terras ind\u00edgenas com o protagonismo dos povos origin\u00e1rios sempre foi uma a\u00e7\u00e3o desej\u00e1vel e solicitada pela Federa\u00e7\u00e3o dos Povos e Organiza\u00e7\u00f5es Ind\u00edgenas de Mato Grosso. Dessa maneira o Programa REM MT ir\u00e1 realizar capacita\u00e7\u00e3o e garantir acesso de t\u00e9cnicos ind\u00edgenas \u00e0 plataforma Planet. Esta a\u00e7\u00e3o \u00e9 um grande avan\u00e7o para o monitoramento dos territ\u00f3rios\u201d, garante.<\/span><\/p>\n<p><span style=\"font-weight: 400; font-size: 18pt;\"><img fetchpriority=\"high\" decoding=\"async\" class=\"size-full wp-image-530\" src=\"https:\/\/rem.sema.mt.gov.br\/wp-content\/uploads\/2023\/03\/Captura_de_Tela_2023-03-30_as_123904-2a9.png\" alt=\"\" width=\"594\" height=\"585\" srcset=\"https:\/\/rem.sema.mt.gov.br\/wp-content\/uploads\/2023\/03\/Captura_de_Tela_2023-03-30_as_123904-2a9.png 448w, https:\/\/rem.sema.mt.gov.br\/wp-content\/uploads\/2023\/03\/Captura_de_Tela_2023-03-30_as_123904-2a9-300x295.png 300w\" sizes=\"(max-width: 594px) 100vw, 594px\" \/><br \/>\n<\/span><span style=\"font-size: 12pt;\"><b>\u00a0Marcos Ferreira (Foto: REM MT)<\/b><\/span><\/p><\/blockquote>\n<p><span style=\"font-weight: 400; font-size: 18pt;\">A plataforma Planet produz imagens di\u00e1rias de alta resolu\u00e7\u00e3o, por meio de uma constela\u00e7\u00e3o de sat\u00e9lites e cujo servi\u00e7o foi adquirido por meio do Programa REM MT em 2019, para atuar no controle e combate ao desmatamento ilegal, em toda a extens\u00e3o de Mato Grosso.\u00a0<\/span><\/p>\n<p><img decoding=\"async\" class=\"size-full wp-image-531\" src=\"https:\/\/rem.sema.mt.gov.br\/wp-content\/uploads\/2023\/03\/andre1-14e.jpg\" alt=\"\" width=\"1000\" height=\"560\" srcset=\"https:\/\/rem.sema.mt.gov.br\/wp-content\/uploads\/2023\/03\/andre1-14e.jpg 1600w, https:\/\/rem.sema.mt.gov.br\/wp-content\/uploads\/2023\/03\/andre1-14e-300x168.jpg 300w, https:\/\/rem.sema.mt.gov.br\/wp-content\/uploads\/2023\/03\/andre1-14e-1024x573.jpg 1024w, https:\/\/rem.sema.mt.gov.br\/wp-content\/uploads\/2023\/03\/andre1-14e-768x430.jpg 768w, https:\/\/rem.sema.mt.gov.br\/wp-content\/uploads\/2023\/03\/andre1-14e-1536x860.jpg 1536w\" sizes=\"(max-width: 1000px) 100vw, 1000px\" \/><span style=\"font-size: 12pt;\"><b>Andr\u00e9 Dias explica como funciona a plataforma para combater desmatamento ilegal (Foto: REM MT)<\/b><\/span><\/p>\n<p><span style=\"font-weight: 400; font-size: 18pt;\">De acordo com o coordenador de Geoprocessamento e Monitoramento Ambiental da Secretaria de Estado de Meio Ambiente (Sema), Andr\u00e9 Dias, a iniciativa ocorreu para que os povos ind\u00edgenas tenham mais autonomia no controle dos danos ambientais que acontecem nas reservas.\u00a0<\/span><\/p>\n<p><span style=\"font-weight: 400; font-size: 18pt;\">Em 2021, segundo dados da organiza\u00e7\u00e3o Global Forest Watch, Mato Grosso foi o estado mais afetado com queimadas ilegais em territ\u00f3rios ind\u00edgenas. O campe\u00e3o de queimadas \u2013 com 10.502 registros de focos de inc\u00eandio \u2013 \u00e9 a TI Parque do Xingu, em Mato Grosso, que abriga 16 etnias em 500 aldeias.<\/span><\/p>\n<blockquote><p><span style=\"font-weight: 400; font-size: 18pt;\">\u201cAcho importante apresentar isso para as comunidades ind\u00edgenas, para que eles tamb\u00e9m possam ter uma autogest\u00e3o do pr\u00f3prio territ\u00f3rio e verificar, at\u00e9 denunciar os dados que acontecem pras autoridades competentes\u201d, disse Andr\u00e9.<\/span><\/p>\n<p><span style=\"font-weight: 400; font-size: 18pt;\"><img decoding=\"async\" class=\"size-full wp-image-532\" src=\"https:\/\/rem.sema.mt.gov.br\/wp-content\/uploads\/2023\/03\/andre-a27.jpg\" alt=\"\" width=\"1000\" height=\"560\" srcset=\"https:\/\/rem.sema.mt.gov.br\/wp-content\/uploads\/2023\/03\/andre-a27.jpg 1600w, https:\/\/rem.sema.mt.gov.br\/wp-content\/uploads\/2023\/03\/andre-a27-300x168.jpg 300w, https:\/\/rem.sema.mt.gov.br\/wp-content\/uploads\/2023\/03\/andre-a27-1024x573.jpg 1024w, https:\/\/rem.sema.mt.gov.br\/wp-content\/uploads\/2023\/03\/andre-a27-768x430.jpg 768w, https:\/\/rem.sema.mt.gov.br\/wp-content\/uploads\/2023\/03\/andre-a27-1536x860.jpg 1536w\" sizes=\"(max-width: 1000px) 100vw, 1000px\" \/><span style=\"font-size: 12pt;\"><b>Andr\u00e9 Dias (Foto: REM MT)<\/b><\/span><\/span><\/p><\/blockquote>\n<p><span style=\"font-weight: 400; font-size: 18pt;\">Com o monitoramento em tempo real, a comunidade pode agir de forma preventiva, evitando um risco maior causado pelo avan\u00e7o do fogo.\u00a0<\/span><\/p>\n<blockquote><p><span style=\"font-weight: 400; font-size: 18pt;\">\u201c\u00c9 importante, porque, por exemplo, a gente v\u00ea o avan\u00e7o das queimadas, ent\u00e3o, com o acesso desses alertas, voc\u00ea pode ver o comportamento dessa queimada, se ela est\u00e1 avan\u00e7ando pra perto de uma aldeia ou n\u00e3o. E voc\u00ea pode ter uma atitude preventiva para evitar um dano pior\u201d, comenta Andr\u00e9.<\/span><\/p><\/blockquote>\n<p><span style=\"font-weight: 400; font-size: 18pt;\">O acesso ao sistema ocorre por meio de um link. No entanto, o desafio agora \u00e9 capacitar os ind\u00edgenas, al\u00e9m de pensar em uma estrat\u00e9gia para driblar a falta de internet na regi\u00e3o.<\/span><\/p>\n<blockquote><p><span style=\"font-weight: 400; font-size: 18pt;\">\u00a0\u201cA plataforma sempre foi acess\u00edvel a todos, o que est\u00e1 faltando agora \u00e9 uma capacita\u00e7\u00e3o para eles poderem usar melhor isso. O que acontece \u00e9 que a maioria das aldeias n\u00e3o tem uma internet muito boa, ent\u00e3o isso limitou o acesso. Talvez um centro de monitoramento espec\u00edfico poderia formar e capacitar pessoas para utilizar isso e saber o que fazer com esses alertas, essa \u00e9 a ideia\u201d, comenta.\u00a0<\/span><\/p><\/blockquote>\n<p><span style=\"font-weight: 400; font-size: 18pt;\">Durante a apresenta\u00e7\u00e3o da plataforma na reuni\u00e3o, as lideran\u00e7as ind\u00edgenas comemoraram a novidade. Roselino Parav\u00e1 Chiquitano, por exemplo, relata que n\u00e3o v\u00ea a hora de fazer a capacita\u00e7\u00e3o para usar a plataforma.<\/span><\/p>\n<p><img loading=\"lazy\" decoding=\"async\" class=\"size-full wp-image-533\" src=\"https:\/\/rem.sema.mt.gov.br\/wp-content\/uploads\/2023\/03\/indigena-0ec.png\" alt=\"\" width=\"587\" height=\"640\" srcset=\"https:\/\/rem.sema.mt.gov.br\/wp-content\/uploads\/2023\/03\/indigena-0ec.png 310w, https:\/\/rem.sema.mt.gov.br\/wp-content\/uploads\/2023\/03\/indigena-0ec-275x300.png 275w\" sizes=\"(max-width: 587px) 100vw, 587px\" \/><br \/>\n<span style=\"font-size: 12pt;\"><b>Roselino Parav\u00e1 Chiquitano ficou animado com a novidade (Foto: REM MT)<\/b><\/span><\/p>\n<blockquote><p><span style=\"font-weight: 400; font-size: 18pt;\">\u201cEstou bem animado, fiquei bem impressionado com a facilidade da plataforma para estar auxiliando n\u00f3s, quase em tempo real. Tamb\u00e9m achei uma ferramenta muito importante, porque vai ajudar a popula\u00e7\u00e3o ind\u00edgena, principalmente, no monitoramento de queimada e no desmatamento ilegal. E isso vem pra nos ajudar e facilitar a combater todos esses tipos de a\u00e7\u00f5es que vem ocorrendo nos territ\u00f3rios ind\u00edgenas, porque a popula\u00e7\u00e3o ind\u00edgena sofre muito com essas quest\u00f5es\u201d, disse Parav\u00e1.<\/span><\/p><\/blockquote>\n<p><span style=\"font-weight: 400; font-size: 18pt;\">Dentre as reclama\u00e7\u00f5es, est\u00e1 a falta de estrutura das comunidades para combater o fogo. Portanto, a preven\u00e7\u00e3o das queimadas \u00e9 o maior aliado.<\/span><\/p>\n<blockquote><p><span style=\"font-weight: 400; font-size: 18pt;\">\u201cEm rela\u00e7\u00e3o \u00e0s queimadas, a dificuldade \u00e9 no combate, porque s\u00e3o \u00e1reas de dif\u00edcil acesso, por ser grande o nosso territ\u00f3rio e isso dificulta o nosso combate\u201d, comenta.<\/span><\/p><\/blockquote>\n<p><span style=\"font-size: 18pt;\"><b>Quem poder\u00e1 usar?<\/b><\/span><\/p>\n<p><span style=\"font-weight: 400; font-size: 18pt;\">Atualmente plataforma \u00e9 utilizada n\u00e3o s\u00f3 pela Sema, mas por todos os parceiros envolvidos com o combate ao desmatamento, entre eles: Batalh\u00e3o Pol\u00edcia Militar de Prote\u00e7\u00e3o Ambiental (BPMPA), Delegacia Especializada de Meio Ambiente (Dema), Batalh\u00e3o de Emerg\u00eancias Ambientais (BEA), Comit\u00ea do Fogo, Centro Integrado de Opera\u00e7\u00f5es A\u00e9reas (Ciopaer), Secretaria de Estado de Agricultura Familiar e Assuntos Fundi\u00e1rios (Seaf), Empresa Mato-Grossense de Pesquisa, Assist\u00eancia e Extens\u00e3o Rural (Empaer) e Minist\u00e9rio P\u00fablico Estadual (MPE).\u00a0<\/span><\/p>","protected":false},"excerpt":{"rendered":"<p>Mais uma a\u00e7\u00e3o vai fortalecer os povos ind\u00edgenas como guardi\u00f5es das florestas mato-grossenses: a plataforma de monitoramento por sat\u00e9lite Planet, adquirida pelo Programa REM MT, agora far\u00e1 parte do controle e preven\u00e7\u00e3o das comunidades, isso porque os ind\u00edgenas ter\u00e3o acesso \u00e0 tecnologia para combater o desmatamento ilegal e as queimadas que ocorrem pr\u00f3ximo de suas [&hellip;]<\/p>","protected":false},"author":2,"featured_media":530,"comment_status":"open","ping_status":"open","sticky":false,"template":"","format":"standard","meta":{"_eb_attr":"","ocean_post_layout":"","ocean_both_sidebars_style":"","ocean_both_sidebars_content_width":0,"ocean_both_sidebars_sidebars_width":0,"ocean_sidebar":"","ocean_second_sidebar":"","ocean_disable_margins":"enable","ocean_add_body_class":"","ocean_shortcode_before_top_bar":"","ocean_shortcode_after_top_bar":"","ocean_shortcode_before_header":"","ocean_shortcode_after_header":"","ocean_has_shortcode":"","ocean_shortcode_after_title":"","ocean_shortcode_before_footer_widgets":"","ocean_shortcode_after_footer_widgets":"","ocean_shortcode_before_footer_bottom":"","ocean_shortcode_after_footer_bottom":"","ocean_display_top_bar":"default","ocean_display_header":"default","ocean_header_style":"","ocean_center_header_left_menu":"","ocean_custom_header_template":"","ocean_custom_logo":0,"ocean_custom_retina_logo":0,"ocean_custom_logo_max_width":0,"ocean_custom_logo_tablet_max_width":0,"ocean_custom_logo_mobile_max_width":0,"ocean_custom_logo_max_height":0,"ocean_custom_logo_tablet_max_height":0,"ocean_custom_logo_mobile_max_height":0,"ocean_header_custom_menu":"","ocean_menu_typo_font_family":"","ocean_menu_typo_font_subset":"","ocean_menu_typo_font_size":0,"ocean_menu_typo_font_size_tablet":0,"ocean_menu_typo_font_size_mobile":0,"ocean_menu_typo_font_size_unit":"px","ocean_menu_typo_font_weight":"","ocean_menu_typo_font_weight_tablet":"","ocean_menu_typo_font_weight_mobile":"","ocean_menu_typo_transform":"","ocean_menu_typo_transform_tablet":"","ocean_menu_typo_transform_mobile":"","ocean_menu_typo_line_height":0,"ocean_menu_typo_line_height_tablet":0,"ocean_menu_typo_line_height_mobile":0,"ocean_menu_typo_line_height_unit":"","ocean_menu_typo_spacing":0,"ocean_menu_typo_spacing_tablet":0,"ocean_menu_typo_spacing_mobile":0,"ocean_menu_typo_spacing_unit":"","ocean_menu_link_color":"","ocean_menu_link_color_hover":"","ocean_menu_link_color_active":"","ocean_menu_link_background":"","ocean_menu_link_hover_background":"","ocean_menu_link_active_background":"","ocean_menu_social_links_bg":"","ocean_menu_social_hover_links_bg":"","ocean_menu_social_links_color":"","ocean_menu_social_hover_links_color":"","ocean_disable_title":"default","ocean_disable_heading":"default","ocean_post_title":"","ocean_post_subheading":"","ocean_post_title_style":"","ocean_post_title_background_color":"","ocean_post_title_background":0,"ocean_post_title_bg_image_position":"","ocean_post_title_bg_image_attachment":"","ocean_post_title_bg_image_repeat":"","ocean_post_title_bg_image_size":"","ocean_post_title_height":0,"ocean_post_title_bg_overlay":0.5,"ocean_post_title_bg_overlay_color":"","ocean_disable_breadcrumbs":"default","ocean_breadcrumbs_color":"","ocean_breadcrumbs_separator_color":"","ocean_breadcrumbs_links_color":"","ocean_breadcrumbs_links_hover_color":"","ocean_display_footer_widgets":"default","ocean_display_footer_bottom":"default","ocean_custom_footer_template":"","ocean_post_oembed":"","ocean_post_self_hosted_media":"","ocean_post_video_embed":"","ocean_link_format":"","ocean_link_format_target":"self","ocean_quote_format":"","ocean_quote_format_link":"post","ocean_gallery_link_images":"on","ocean_gallery_id":[],"footnotes":""},"categories":[19],"tags":[],"class_list":["post-534","post","type-post","status-publish","format-standard","has-post-thumbnail","hentry","category-noticias","entry","has-media"],"yoast_head":"<!-- This site is optimized with the Yoast SEO plugin v27.5 - https:\/\/yoast.com\/product\/yoast-seo-wordpress\/ -->\n<title>Combater o Desmatamento Ilegal com Monitoramento Via Sat\u00e9lite<\/title>\n<meta name=\"description\" content=\"A 9\u00aa Reuni\u00e3o de Governan\u00e7a do STI discutiu capacita\u00e7\u00f5es e uso da plataforma Planet para combater o desmatamento ilegal.\" \/>\n<meta name=\"robots\" content=\"index, follow, max-snippet:-1, max-image-preview:large, max-video-preview:-1\" \/>\n<link rel=\"canonical\" href=\"https:\/\/rem.sema.mt.gov.br\/en\/noticias\/povos-indigenas-terao-acesso-a-imagens-de-satelite-para-denunciar-queimadas-e-desmatamento-ilegal-nas-reservas\/\" \/>\n<meta property=\"og:locale\" content=\"en_US\" \/>\n<meta property=\"og:type\" content=\"article\" \/>\n<meta property=\"og:title\" content=\"Combater o Desmatamento Ilegal com Monitoramento Via Sat\u00e9lite\" \/>\n<meta property=\"og:description\" content=\"A 9\u00aa Reuni\u00e3o de Governan\u00e7a do STI discutiu capacita\u00e7\u00f5es e uso da plataforma Planet para combater o desmatamento ilegal.\" \/>\n<meta property=\"og:url\" content=\"https:\/\/rem.sema.mt.gov.br\/en\/noticias\/povos-indigenas-terao-acesso-a-imagens-de-satelite-para-denunciar-queimadas-e-desmatamento-ilegal-nas-reservas\/\" \/>\n<meta property=\"og:site_name\" content=\"REM\" \/>\n<meta property=\"article:published_time\" content=\"2023-03-30T15:35:25+00:00\" \/>\n<meta property=\"article:modified_time\" content=\"2024-06-27T11:16:49+00:00\" \/>\n<meta property=\"og:image\" content=\"https:\/\/rem.sema.mt.gov.br\/wp-content\/uploads\/2023\/03\/Captura_de_Tela_2023-03-30_as_123904-2a9.png\" \/>\n\t<meta property=\"og:image:width\" content=\"448\" \/>\n\t<meta property=\"og:image:height\" content=\"441\" \/>\n\t<meta property=\"og:image:type\" content=\"image\/png\" \/>\n<meta name=\"author\" content=\"Nvlo\" \/>\n<meta name=\"twitter:card\" content=\"summary_large_image\" \/>\n<meta name=\"twitter:label1\" content=\"Written by\" \/>\n\t<meta name=\"twitter:data1\" content=\"Nvlo\" \/>\n\t<meta name=\"twitter:label2\" content=\"Est. reading time\" \/>\n\t<meta name=\"twitter:data2\" content=\"4 minutes\" \/>\n<script type=\"application\/ld+json\" class=\"yoast-schema-graph\">{\"@context\":\"https:\\\/\\\/schema.org\",\"@graph\":[{\"@type\":\"WebPage\",\"@id\":\"https:\\\/\\\/rem.sema.mt.gov.br\\\/en\\\/noticias\\\/povos-indigenas-terao-acesso-a-imagens-de-satelite-para-denunciar-queimadas-e-desmatamento-ilegal-nas-reservas\\\/\",\"url\":\"https:\\\/\\\/rem.sema.mt.gov.br\\\/en\\\/noticias\\\/povos-indigenas-terao-acesso-a-imagens-de-satelite-para-denunciar-queimadas-e-desmatamento-ilegal-nas-reservas\\\/\",\"name\":\"Combater o Desmatamento Ilegal com Monitoramento Via Sat\u00e9lite\",\"isPartOf\":{\"@id\":\"https:\\\/\\\/rem.sema.mt.gov.br\\\/#website\"},\"primaryImageOfPage\":{\"@id\":\"https:\\\/\\\/rem.sema.mt.gov.br\\\/en\\\/noticias\\\/povos-indigenas-terao-acesso-a-imagens-de-satelite-para-denunciar-queimadas-e-desmatamento-ilegal-nas-reservas\\\/#primaryimage\"},\"image\":{\"@id\":\"https:\\\/\\\/rem.sema.mt.gov.br\\\/en\\\/noticias\\\/povos-indigenas-terao-acesso-a-imagens-de-satelite-para-denunciar-queimadas-e-desmatamento-ilegal-nas-reservas\\\/#primaryimage\"},\"thumbnailUrl\":\"https:\\\/\\\/rem.sema.mt.gov.br\\\/wp-content\\\/uploads\\\/2023\\\/03\\\/Captura_de_Tela_2023-03-30_as_123904-2a9.png\",\"datePublished\":\"2023-03-30T15:35:25+00:00\",\"dateModified\":\"2024-06-27T11:16:49+00:00\",\"author\":{\"@id\":\"https:\\\/\\\/rem.sema.mt.gov.br\\\/#\\\/schema\\\/person\\\/c1c87c5fec98c415b7dd9f1c8b5e1d18\"},\"description\":\"A 9\u00aa Reuni\u00e3o de Governan\u00e7a do STI discutiu capacita\u00e7\u00f5es e uso da plataforma Planet para combater o desmatamento ilegal.\",\"breadcrumb\":{\"@id\":\"https:\\\/\\\/rem.sema.mt.gov.br\\\/en\\\/noticias\\\/povos-indigenas-terao-acesso-a-imagens-de-satelite-para-denunciar-queimadas-e-desmatamento-ilegal-nas-reservas\\\/#breadcrumb\"},\"inLanguage\":\"en-US\",\"potentialAction\":[{\"@type\":\"ReadAction\",\"target\":[\"https:\\\/\\\/rem.sema.mt.gov.br\\\/en\\\/noticias\\\/povos-indigenas-terao-acesso-a-imagens-de-satelite-para-denunciar-queimadas-e-desmatamento-ilegal-nas-reservas\\\/\"]}]},{\"@type\":\"ImageObject\",\"inLanguage\":\"en-US\",\"@id\":\"https:\\\/\\\/rem.sema.mt.gov.br\\\/en\\\/noticias\\\/povos-indigenas-terao-acesso-a-imagens-de-satelite-para-denunciar-queimadas-e-desmatamento-ilegal-nas-reservas\\\/#primaryimage\",\"url\":\"https:\\\/\\\/rem.sema.mt.gov.br\\\/wp-content\\\/uploads\\\/2023\\\/03\\\/Captura_de_Tela_2023-03-30_as_123904-2a9.png\",\"contentUrl\":\"https:\\\/\\\/rem.sema.mt.gov.br\\\/wp-content\\\/uploads\\\/2023\\\/03\\\/Captura_de_Tela_2023-03-30_as_123904-2a9.png\",\"width\":448,\"height\":441},{\"@type\":\"BreadcrumbList\",\"@id\":\"https:\\\/\\\/rem.sema.mt.gov.br\\\/en\\\/noticias\\\/povos-indigenas-terao-acesso-a-imagens-de-satelite-para-denunciar-queimadas-e-desmatamento-ilegal-nas-reservas\\\/#breadcrumb\",\"itemListElement\":[{\"@type\":\"ListItem\",\"position\":1,\"name\":\"In\u00edcio\",\"item\":\"https:\\\/\\\/rem.sema.mt.gov.br\\\/\"},{\"@type\":\"ListItem\",\"position\":2,\"name\":\"Povos ind\u00edgenas ter\u00e3o acesso a imagens de sat\u00e9lite para denunciar queimadas e desmatamento ilegal nos territ\u00f3rios\"}]},{\"@type\":\"WebSite\",\"@id\":\"https:\\\/\\\/rem.sema.mt.gov.br\\\/#website\",\"url\":\"https:\\\/\\\/rem.sema.mt.gov.br\\\/\",\"name\":\"REM\",\"description\":\"Mato Grosso\",\"potentialAction\":[{\"@type\":\"SearchAction\",\"target\":{\"@type\":\"EntryPoint\",\"urlTemplate\":\"https:\\\/\\\/rem.sema.mt.gov.br\\\/?s={search_term_string}\"},\"query-input\":{\"@type\":\"PropertyValueSpecification\",\"valueRequired\":true,\"valueName\":\"search_term_string\"}}],\"inLanguage\":\"en-US\"}]}<\/script>\n<!-- \/ Yoast SEO plugin. -->","yoast_head_json":{"title":"Combater o Desmatamento Ilegal com Monitoramento Via Sat\u00e9lite","description":"A 9\u00aa Reuni\u00e3o de Governan\u00e7a do STI discutiu capacita\u00e7\u00f5es e uso da plataforma Planet para combater o desmatamento ilegal.","robots":{"index":"index","follow":"follow","max-snippet":"max-snippet:-1","max-image-preview":"max-image-preview:large","max-video-preview":"max-video-preview:-1"},"canonical":"https:\/\/rem.sema.mt.gov.br\/en\/noticias\/povos-indigenas-terao-acesso-a-imagens-de-satelite-para-denunciar-queimadas-e-desmatamento-ilegal-nas-reservas\/","og_locale":"en_US","og_type":"article","og_title":"Combater o Desmatamento Ilegal com Monitoramento Via Sat\u00e9lite","og_description":"A 9\u00aa Reuni\u00e3o de Governan\u00e7a do STI discutiu capacita\u00e7\u00f5es e uso da plataforma Planet para combater o desmatamento ilegal.","og_url":"https:\/\/rem.sema.mt.gov.br\/en\/noticias\/povos-indigenas-terao-acesso-a-imagens-de-satelite-para-denunciar-queimadas-e-desmatamento-ilegal-nas-reservas\/","og_site_name":"REM","article_published_time":"2023-03-30T15:35:25+00:00","article_modified_time":"2024-06-27T11:16:49+00:00","og_image":[{"width":448,"height":441,"url":"https:\/\/rem.sema.mt.gov.br\/wp-content\/uploads\/2023\/03\/Captura_de_Tela_2023-03-30_as_123904-2a9.png","type":"image\/png"}],"author":"Nvlo","twitter_card":"summary_large_image","twitter_misc":{"Written by":"Nvlo","Est. reading time":"4 minutes"},"schema":{"@context":"https:\/\/schema.org","@graph":[{"@type":"WebPage","@id":"https:\/\/rem.sema.mt.gov.br\/en\/noticias\/povos-indigenas-terao-acesso-a-imagens-de-satelite-para-denunciar-queimadas-e-desmatamento-ilegal-nas-reservas\/","url":"https:\/\/rem.sema.mt.gov.br\/en\/noticias\/povos-indigenas-terao-acesso-a-imagens-de-satelite-para-denunciar-queimadas-e-desmatamento-ilegal-nas-reservas\/","name":"Combater o Desmatamento Ilegal com Monitoramento Via Sat\u00e9lite","isPartOf":{"@id":"https:\/\/rem.sema.mt.gov.br\/#website"},"primaryImageOfPage":{"@id":"https:\/\/rem.sema.mt.gov.br\/en\/noticias\/povos-indigenas-terao-acesso-a-imagens-de-satelite-para-denunciar-queimadas-e-desmatamento-ilegal-nas-reservas\/#primaryimage"},"image":{"@id":"https:\/\/rem.sema.mt.gov.br\/en\/noticias\/povos-indigenas-terao-acesso-a-imagens-de-satelite-para-denunciar-queimadas-e-desmatamento-ilegal-nas-reservas\/#primaryimage"},"thumbnailUrl":"https:\/\/rem.sema.mt.gov.br\/wp-content\/uploads\/2023\/03\/Captura_de_Tela_2023-03-30_as_123904-2a9.png","datePublished":"2023-03-30T15:35:25+00:00","dateModified":"2024-06-27T11:16:49+00:00","author":{"@id":"https:\/\/rem.sema.mt.gov.br\/#\/schema\/person\/c1c87c5fec98c415b7dd9f1c8b5e1d18"},"description":"A 9\u00aa Reuni\u00e3o de Governan\u00e7a do STI discutiu capacita\u00e7\u00f5es e uso da plataforma Planet para combater o desmatamento ilegal.","breadcrumb":{"@id":"https:\/\/rem.sema.mt.gov.br\/en\/noticias\/povos-indigenas-terao-acesso-a-imagens-de-satelite-para-denunciar-queimadas-e-desmatamento-ilegal-nas-reservas\/#breadcrumb"},"inLanguage":"en-US","potentialAction":[{"@type":"ReadAction","target":["https:\/\/rem.sema.mt.gov.br\/en\/noticias\/povos-indigenas-terao-acesso-a-imagens-de-satelite-para-denunciar-queimadas-e-desmatamento-ilegal-nas-reservas\/"]}]},{"@type":"ImageObject","inLanguage":"en-US","@id":"https:\/\/rem.sema.mt.gov.br\/en\/noticias\/povos-indigenas-terao-acesso-a-imagens-de-satelite-para-denunciar-queimadas-e-desmatamento-ilegal-nas-reservas\/#primaryimage","url":"https:\/\/rem.sema.mt.gov.br\/wp-content\/uploads\/2023\/03\/Captura_de_Tela_2023-03-30_as_123904-2a9.png","contentUrl":"https:\/\/rem.sema.mt.gov.br\/wp-content\/uploads\/2023\/03\/Captura_de_Tela_2023-03-30_as_123904-2a9.png","width":448,"height":441},{"@type":"BreadcrumbList","@id":"https:\/\/rem.sema.mt.gov.br\/en\/noticias\/povos-indigenas-terao-acesso-a-imagens-de-satelite-para-denunciar-queimadas-e-desmatamento-ilegal-nas-reservas\/#breadcrumb","itemListElement":[{"@type":"ListItem","position":1,"name":"In\u00edcio","item":"https:\/\/rem.sema.mt.gov.br\/"},{"@type":"ListItem","position":2,"name":"Povos ind\u00edgenas ter\u00e3o acesso a imagens de sat\u00e9lite para denunciar queimadas e desmatamento ilegal nos territ\u00f3rios"}]},{"@type":"WebSite","@id":"https:\/\/rem.sema.mt.gov.br\/#website","url":"https:\/\/rem.sema.mt.gov.br\/","name":"REM","description":"Mato Grosso","potentialAction":[{"@type":"SearchAction","target":{"@type":"EntryPoint","urlTemplate":"https:\/\/rem.sema.mt.gov.br\/?s={search_term_string}"},"query-input":{"@type":"PropertyValueSpecification","valueRequired":true,"valueName":"search_term_string"}}],"inLanguage":"en-US"}]}},"_links":{"self":[{"href":"https:\/\/rem.sema.mt.gov.br\/en\/wp-json\/wp\/v2\/posts\/534","targetHints":{"allow":["GET"]}}],"collection":[{"href":"https:\/\/rem.sema.mt.gov.br\/en\/wp-json\/wp\/v2\/posts"}],"about":[{"href":"https:\/\/rem.sema.mt.gov.br\/en\/wp-json\/wp\/v2\/types\/post"}],"author":[{"embeddable":true,"href":"https:\/\/rem.sema.mt.gov.br\/en\/wp-json\/wp\/v2\/users\/2"}],"replies":[{"embeddable":true,"href":"https:\/\/rem.sema.mt.gov.br\/en\/wp-json\/wp\/v2\/comments?post=534"}],"version-history":[{"count":1,"href":"https:\/\/rem.sema.mt.gov.br\/en\/wp-json\/wp\/v2\/posts\/534\/revisions"}],"predecessor-version":[{"id":4402,"href":"https:\/\/rem.sema.mt.gov.br\/en\/wp-json\/wp\/v2\/posts\/534\/revisions\/4402"}],"wp:featuredmedia":[{"embeddable":true,"href":"https:\/\/rem.sema.mt.gov.br\/en\/wp-json\/wp\/v2\/media\/530"}],"wp:attachment":[{"href":"https:\/\/rem.sema.mt.gov.br\/en\/wp-json\/wp\/v2\/media?parent=534"}],"wp:term":[{"taxonomy":"category","embeddable":true,"href":"https:\/\/rem.sema.mt.gov.br\/en\/wp-json\/wp\/v2\/categories?post=534"},{"taxonomy":"post_tag","embeddable":true,"href":"https:\/\/rem.sema.mt.gov.br\/en\/wp-json\/wp\/v2\/tags?post=534"}],"curies":[{"name":"wp","href":"https:\/\/api.w.org\/{rel}","templated":true}]}}