{"id":558,"date":"2023-04-20T18:05:53","date_gmt":"2023-04-20T21:05:53","guid":{"rendered":"https:\/\/devsweb.com.br\/rem_wp\/oficina-promovida-pelo-comite-estadual-de-povos-e-comunidades-tradicionais-constroi-dialogo-entre-povos-tradicionais-e-a-sociedade\/"},"modified":"2024-06-27T08:14:26","modified_gmt":"2024-06-27T11:14:26","slug":"oficina-promovida-pelo-comite-estadual-de-povos-e-comunidades-tradicionais-constroi-dialogo-entre-povos-tradicionais-e-a-sociedade","status":"publish","type":"post","link":"https:\/\/rem.sema.mt.gov.br\/en\/noticias\/oficina-promovida-pelo-comite-estadual-de-povos-e-comunidades-tradicionais-constroi-dialogo-entre-povos-tradicionais-e-a-sociedade\/","title":{"rendered":"Oficina promovida pelo Comit\u00ea Estadual de Povos e Comunidades Tradicionais constr\u00f3i di\u00e1logo entre povos tradicionais e a sociedade"},"content":{"rendered":"<p><span style=\"font-size: 18pt;\">\u201c<span style=\"font-size: 36pt;\"><strong>A<\/strong><\/span>gora, a gente sabe que vai ter algu\u00e9m com um olhar de cuidado para produzir os conte\u00fados que sejam necess\u00e1rios pras pessoas compreenderem as pol\u00edticas de defesa dos povos tradicionais, as leis de amparo, as cartilhas, todo esse conte\u00fado que est\u00e1 sendo feito com o coletivo, com ajuda de v\u00e1rias lideran\u00e7as\u201d, comemorou a Sacerdotisa do Culto aos Orix\u00e1s, M\u00e3e Joyce, que pertence uma comunidade tradicional de matriz africana, durante a Oficina de Constru\u00e7\u00e3o do Plano de Comunica\u00e7\u00e3o dos 13 povos e comunidades tradicionais mato-grossenses, realizada nos dias 18 e 19 de abril, em Cuiab\u00e1.<\/span><\/p>\n<p><span style=\"font-size: 10pt;\"><span style=\"font-weight: 400;\"><img fetchpriority=\"high\" decoding=\"async\" class=\"size-full wp-image-552\" src=\"https:\/\/rem.sema.mt.gov.br\/wp-content\/uploads\/2023\/04\/oficina_1-6ff.jpg\" alt=\"\" width=\"1156\" height=\"867\" srcset=\"https:\/\/rem.sema.mt.gov.br\/wp-content\/uploads\/2023\/04\/oficina_1-6ff.jpg 1156w, https:\/\/rem.sema.mt.gov.br\/wp-content\/uploads\/2023\/04\/oficina_1-6ff-300x225.jpg 300w, https:\/\/rem.sema.mt.gov.br\/wp-content\/uploads\/2023\/04\/oficina_1-6ff-1024x768.jpg 1024w, https:\/\/rem.sema.mt.gov.br\/wp-content\/uploads\/2023\/04\/oficina_1-6ff-768x576.jpg 768w\" sizes=\"(max-width: 1156px) 100vw, 1156px\" \/><\/span><b>Joyce faz parte do Culto Tradicional de If\u00e1 e Jeje (Foto: REM MT)<\/b><\/span><\/p>\n<p><span style=\"font-weight: 400; font-size: 18pt;\">Realizada pelo Comit\u00ea Estadual de Povos e Comunidades Tradicionais (CEPCT-MT), com apoio do Programa REM MT, SEMA-MT, Sapopema Consultoria\u00a0 e GIZ (Deutsche Gesellschaft f\u00fcr Internationale Zusammenarbeit), a oficina reuniu membros da imprensa especializada e representantes de comunidades tradicionais de Mato Grosso, com o objetivo de fortalecer o di\u00e1logo dos PCTs com a imprensa e a sociedade.<\/span><\/p>\n<p><span style=\"font-size: 18pt;\"><span style=\"font-weight: 400;\">Segundo um <\/span><a href=\"https:\/\/www.gazetadigital.com.br\/editorias\/cidades\/238-comunidades-de-povos-tradicionais-vivem-em-mato-grosso\/596743\"><span style=\"font-weight: 400;\">mapeamento do Minist\u00e9rio P\u00fablico Federal (MPF)<\/span><\/a><span style=\"font-weight: 400;\">, existem 238 comunidades formadas por 13 segmentos de povos tradicionais em Mato Grosso atualmente. Entre eles, est\u00e3o os povos ind\u00edgenas, os quilombolas, as comunidades tradicionais de matriz africana ou de terreiro, os extrativistas, os ribeirinhos, os pantaneiros e outros.\u00a0<\/span><\/span><\/p>\n<p><span style=\"font-size: 18pt;\"><b>POL\u00cdTICAS P\u00daBLICAS<\/b><\/span><\/p>\n<p><span style=\"font-weight: 400; font-size: 18pt;\">A analista ambiental e presidente do CEPCT-MT, Vania Montalv\u00e3o Guedes, relatou que o comit\u00ea \u00e9 importante para as comunidades reivindicarem os seus direitos, propor pol\u00edticas p\u00fablicas e serem ouvidas pelos governantes e sociedade em geral. Ela ainda pontuou sobre a necessidade da constru\u00e7\u00e3o do plano de comunica\u00e7\u00e3o dos 13 povos e comunidades tradicionais mato-grossenses.<\/span><\/p>\n<p style=\"text-align: center;\"><span style=\"font-size: 18pt;\"><span style=\"font-weight: 400;\"><img decoding=\"async\" class=\"size-full wp-image-553\" src=\"https:\/\/rem.sema.mt.gov.br\/wp-content\/uploads\/2023\/04\/vania-4ee.png\" alt=\"\" width=\"634\" height=\"631\" srcset=\"https:\/\/rem.sema.mt.gov.br\/wp-content\/uploads\/2023\/04\/vania-4ee.png 634w, https:\/\/rem.sema.mt.gov.br\/wp-content\/uploads\/2023\/04\/vania-4ee-300x300.png 300w, https:\/\/rem.sema.mt.gov.br\/wp-content\/uploads\/2023\/04\/vania-4ee-150x150.png 150w\" sizes=\"(max-width: 634px) 100vw, 634px\" \/><br \/>\n<\/span><span style=\"font-size: 10pt;\"><b>Analista ambiental e presidente do CEPCT-MT, Vania Montalv\u00e3o Guedes (Foto: Arquivo pessoal)<\/b><\/span><\/span><\/p>\n<blockquote><p><span style=\"font-weight: 400; font-size: 18pt;\">\u201cTratar de constru\u00e7\u00e3o de pol\u00edticas p\u00fablicas para Povos e comunidades Tradicionais sem a participa\u00e7\u00e3o dos protagonistas n\u00e3o \u00e9 processo construtivo, e quando tratamos de Povos e Comunidades Tradicionais, falamos de grupos culturalmente diferenciados, que ocupam e usam territ\u00f3rios e recursos naturais como condi\u00e7\u00e3o para sua reprodu\u00e7\u00e3o cultural, social, religiosa, ancestral e econ\u00f4mica e o Plano de Comunica\u00e7\u00e3o do CEPCT imprescindivelmente tem que ser constru\u00eddo de forma participativa, colaborativa, cooperativa\u00a0 para que seja apropriado e empoderado para e pelos PCT\u2019S\u201d, comenta.<\/span><\/p><\/blockquote>\n<p><span style=\"font-size: 18pt;\"><b>PRECONCEITO<\/b><\/span><\/p>\n<p><span style=\"font-weight: 400; font-size: 18pt;\">Durante sua fala, a presidente da Federa\u00e7\u00e3o dos Povos e Organiza\u00e7\u00f5es Ind\u00edgenas do Mato Grosso (FEPOIMT), Eliane Xunakalo, exp\u00f4s as dificuldades que os PCTs sofrem, como os preconceitos. Mostrando como o plano se faz necess\u00e1rio para quebrar estere\u00f3tipos e trazer informa\u00e7\u00f5es.<\/span><\/p>\n<p><span style=\"font-weight: 400; font-size: 18pt;\"><img decoding=\"async\" class=\"size-full wp-image-554\" src=\"https:\/\/rem.sema.mt.gov.br\/wp-content\/uploads\/2023\/04\/eliane-9c6.png\" alt=\"\" width=\"1024\" height=\"677\" srcset=\"https:\/\/rem.sema.mt.gov.br\/wp-content\/uploads\/2023\/04\/eliane-9c6.png 1024w, https:\/\/rem.sema.mt.gov.br\/wp-content\/uploads\/2023\/04\/eliane-9c6-300x198.png 300w, https:\/\/rem.sema.mt.gov.br\/wp-content\/uploads\/2023\/04\/eliane-9c6-768x508.png 768w\" sizes=\"(max-width: 1024px) 100vw, 1024px\" \/><\/span><\/p>\n<p><span style=\"font-size: 10pt;\"><b>Eliane Xunakalo representou os ind\u00edgenas na oficina (Foto: REM MT)<\/b><\/span><\/p>\n<blockquote><p><span style=\"font-weight: 400; font-size: 18pt;\">\u201cTemos uma d\u00edvida enorme de toda a sociedade com a gente, aqui somos 13 segmentos, e n\u00f3s, povos ind\u00edgenas e povos tradicionais enfrentamos os mesmos preconceitos e discrimina\u00e7\u00f5es. Todas as vezes que tocamos nesse assunto, a gente tamb\u00e9m \u00e9 marginalizado por estar querendo simplesmente que as pessoas usem termos corretos, n\u00e3o pejorativos\u201d, aponta.<\/span><\/p><\/blockquote>\n<p><span style=\"font-size: 18pt;\"><b>DI\u00c1LOGO<\/b><\/span><\/p>\n<p><span style=\"font-weight: 400; font-size: 18pt;\">Dentre as atividades realizadas, os participantes criaram uma mandala, que ilustra o \u201ctecido social\u201d das comunidades, apontando como se sentem representados. Em seguida, tamb\u00e9m preencheram uma \u00e1rvore com elementos da identidade dos povos e comunidades.<\/span><\/p>\n<p style=\"text-align: center;\"><span style=\"font-size: 18pt;\"><span style=\"font-weight: 400;\"><img loading=\"lazy\" decoding=\"async\" class=\"size-full wp-image-555\" src=\"https:\/\/rem.sema.mt.gov.br\/wp-content\/uploads\/2023\/04\/foto_oficina_11-b19.png\" alt=\"\" width=\"502\" height=\"677\" srcset=\"https:\/\/rem.sema.mt.gov.br\/wp-content\/uploads\/2023\/04\/foto_oficina_11-b19.png 502w, https:\/\/rem.sema.mt.gov.br\/wp-content\/uploads\/2023\/04\/foto_oficina_11-b19-222x300.png 222w\" sizes=\"(max-width: 502px) 100vw, 502px\" \/><br \/>\n<\/span><span style=\"font-size: 10pt;\"><b>Participantes fizeram uma mandala representando suas comunidades (Foto: REM MT)<\/b><\/span><\/span><\/p>\n<p><span style=\"font-weight: 400; font-size: 18pt;\">O coordenador do subprograma de Agricultura Familiar e de Povos e Comunidades Tradicionais do Programa REM MT, Marcos Balbino, refor\u00e7a a import\u00e2ncia do di\u00e1logo e do conhecimento.<\/span><\/p>\n<p><span style=\"font-weight: 400; font-size: 18pt;\"><img loading=\"lazy\" decoding=\"async\" class=\"size-full wp-image-556\" src=\"https:\/\/rem.sema.mt.gov.br\/wp-content\/uploads\/2023\/04\/marcos_paulo-fe9.png\" alt=\"\" width=\"879\" height=\"879\" srcset=\"https:\/\/rem.sema.mt.gov.br\/wp-content\/uploads\/2023\/04\/marcos_paulo-fe9.png 1080w, https:\/\/rem.sema.mt.gov.br\/wp-content\/uploads\/2023\/04\/marcos_paulo-fe9-300x300.png 300w, https:\/\/rem.sema.mt.gov.br\/wp-content\/uploads\/2023\/04\/marcos_paulo-fe9-1024x1024.png 1024w, https:\/\/rem.sema.mt.gov.br\/wp-content\/uploads\/2023\/04\/marcos_paulo-fe9-150x150.png 150w, https:\/\/rem.sema.mt.gov.br\/wp-content\/uploads\/2023\/04\/marcos_paulo-fe9-768x768.png 768w, https:\/\/rem.sema.mt.gov.br\/wp-content\/uploads\/2023\/04\/marcos_paulo-fe9-600x600.png 600w\" sizes=\"(max-width: 879px) 100vw, 879px\" \/><\/span><\/p>\n<p><span style=\"font-size: 10pt;\"><b>Coordenador do subprograma de Agricultura Familiar e de Povos e Comunidades Tradicionais do Programa REM MT, Marcos Balbino (Foto: REM MT)<\/b><\/span><\/p>\n<blockquote><p><span style=\"font-weight: 400; font-size: 18pt;\">\u201c\u00c9 muito dif\u00edcil voc\u00ea ter uma comunica\u00e7\u00e3o para v\u00e1rios segmentos t\u00e3o distintos, que t\u00eam interesses e territ\u00f3rios diferentes. E \u00e9 mais dif\u00edcil ainda o restante da sociedade enxergar esses povos. Ent\u00e3o, o plano de comunica\u00e7\u00e3o tem tanto um vi\u00e9s para eles serem reconhecidos, quanto para serem valorizados pela sociedade em geral. E internamente, \u00e9 bom para eles divulgarem o que est\u00e3o fazendo, o que est\u00e1 acontecendo, como eles conseguem se juntar e construir ainda mais coisas atrav\u00e9s do comit\u00ea\u201d, disse.<\/span><\/p><\/blockquote>\n<p><span style=\"font-size: 18pt;\"><b><img loading=\"lazy\" decoding=\"async\" class=\"size-full wp-image-557\" src=\"https:\/\/rem.sema.mt.gov.br\/wp-content\/uploads\/2023\/04\/oficina_2-285.jpg\" alt=\"\" width=\"960\" height=\"1280\" srcset=\"https:\/\/rem.sema.mt.gov.br\/wp-content\/uploads\/2023\/04\/oficina_2-285.jpg 960w, https:\/\/rem.sema.mt.gov.br\/wp-content\/uploads\/2023\/04\/oficina_2-285-225x300.jpg 225w, https:\/\/rem.sema.mt.gov.br\/wp-content\/uploads\/2023\/04\/oficina_2-285-768x1024.jpg 768w\" sizes=\"(max-width: 960px) 100vw, 960px\" \/><br \/>\n<\/b><span style=\"font-size: 10pt;\"><b>Oficina ocorreu no Hotel Paiagu\u00e1s e contou com 12 representantes de comunidades tradicionais (Foto: REM MT)<\/b><\/span><\/span><\/p>\n<p><span style=\"font-size: 18pt;\"><b>APOIO DO REM MT<\/b><\/span><\/p>\n<p><span style=\"font-size: 18pt;\"><span style=\"font-weight: 400;\">Por meio do <\/span><a href=\"index.php\/pt\/atuacao-2\/afpct-2\"><span style=\"font-weight: 400;\">subprograma de Agricultura Familiar e de Povos e Comunidades Tradicionais<\/span><\/a><span style=\"font-weight: 400;\">, o Programa REM MT apoia os agricultores familiares, povos e comunidades tradicionais por meio do fortalecimento das cadeias de valor que valorizam a floresta em p\u00e9 e do incentivo a pr\u00e1ticas agroecol\u00f3gicas e de baixa emiss\u00e3o de carbono, buscando transforma\u00e7\u00e3o socioprodutiva e aumento da gera\u00e7\u00e3o de renda com foco na sustentabilidade. Dentre as cadeias beneficiadas, est\u00e3o: as da Copa\u00edba, Baba\u00e7u, Pequi, Castanha do Brasil, extrativismo de sementes florestais, fruticultura, palmito e apicultura, al\u00e9m da pecu\u00e1ria leiteira.<\/span><\/span><\/p>","protected":false},"excerpt":{"rendered":"<p>\u201cAgora, a gente sabe que vai ter algu\u00e9m com um olhar de cuidado para produzir os conte\u00fados que sejam necess\u00e1rios pras pessoas compreenderem as pol\u00edticas de defesa dos povos tradicionais, as leis de amparo, as cartilhas, todo esse conte\u00fado que est\u00e1 sendo feito com o coletivo, com ajuda de v\u00e1rias lideran\u00e7as\u201d, comemorou a Sacerdotisa do [&hellip;]<\/p>","protected":false},"author":2,"featured_media":552,"comment_status":"open","ping_status":"open","sticky":false,"template":"","format":"standard","meta":{"_eb_attr":"","ocean_post_layout":"","ocean_both_sidebars_style":"","ocean_both_sidebars_content_width":0,"ocean_both_sidebars_sidebars_width":0,"ocean_sidebar":"","ocean_second_sidebar":"","ocean_disable_margins":"enable","ocean_add_body_class":"","ocean_shortcode_before_top_bar":"","ocean_shortcode_after_top_bar":"","ocean_shortcode_before_header":"","ocean_shortcode_after_header":"","ocean_has_shortcode":"","ocean_shortcode_after_title":"","ocean_shortcode_before_footer_widgets":"","ocean_shortcode_after_footer_widgets":"","ocean_shortcode_before_footer_bottom":"","ocean_shortcode_after_footer_bottom":"","ocean_display_top_bar":"default","ocean_display_header":"default","ocean_header_style":"","ocean_center_header_left_menu":"","ocean_custom_header_template":"","ocean_custom_logo":0,"ocean_custom_retina_logo":0,"ocean_custom_logo_max_width":0,"ocean_custom_logo_tablet_max_width":0,"ocean_custom_logo_mobile_max_width":0,"ocean_custom_logo_max_height":0,"ocean_custom_logo_tablet_max_height":0,"ocean_custom_logo_mobile_max_height":0,"ocean_header_custom_menu":"","ocean_menu_typo_font_family":"","ocean_menu_typo_font_subset":"","ocean_menu_typo_font_size":0,"ocean_menu_typo_font_size_tablet":0,"ocean_menu_typo_font_size_mobile":0,"ocean_menu_typo_font_size_unit":"px","ocean_menu_typo_font_weight":"","ocean_menu_typo_font_weight_tablet":"","ocean_menu_typo_font_weight_mobile":"","ocean_menu_typo_transform":"","ocean_menu_typo_transform_tablet":"","ocean_menu_typo_transform_mobile":"","ocean_menu_typo_line_height":0,"ocean_menu_typo_line_height_tablet":0,"ocean_menu_typo_line_height_mobile":0,"ocean_menu_typo_line_height_unit":"","ocean_menu_typo_spacing":0,"ocean_menu_typo_spacing_tablet":0,"ocean_menu_typo_spacing_mobile":0,"ocean_menu_typo_spacing_unit":"","ocean_menu_link_color":"","ocean_menu_link_color_hover":"","ocean_menu_link_color_active":"","ocean_menu_link_background":"","ocean_menu_link_hover_background":"","ocean_menu_link_active_background":"","ocean_menu_social_links_bg":"","ocean_menu_social_hover_links_bg":"","ocean_menu_social_links_color":"","ocean_menu_social_hover_links_color":"","ocean_disable_title":"default","ocean_disable_heading":"default","ocean_post_title":"","ocean_post_subheading":"","ocean_post_title_style":"","ocean_post_title_background_color":"","ocean_post_title_background":0,"ocean_post_title_bg_image_position":"","ocean_post_title_bg_image_attachment":"","ocean_post_title_bg_image_repeat":"","ocean_post_title_bg_image_size":"","ocean_post_title_height":0,"ocean_post_title_bg_overlay":0.5,"ocean_post_title_bg_overlay_color":"","ocean_disable_breadcrumbs":"default","ocean_breadcrumbs_color":"","ocean_breadcrumbs_separator_color":"","ocean_breadcrumbs_links_color":"","ocean_breadcrumbs_links_hover_color":"","ocean_display_footer_widgets":"default","ocean_display_footer_bottom":"default","ocean_custom_footer_template":"","ocean_post_oembed":"","ocean_post_self_hosted_media":"","ocean_post_video_embed":"","ocean_link_format":"","ocean_link_format_target":"self","ocean_quote_format":"","ocean_quote_format_link":"post","ocean_gallery_link_images":"on","ocean_gallery_id":[],"footnotes":""},"categories":[19],"tags":[],"class_list":["post-558","post","type-post","status-publish","format-standard","has-post-thumbnail","hentry","category-noticias","entry","has-media"],"yoast_head":"<!-- This site is optimized with the Yoast SEO plugin v27.5 - https:\/\/yoast.com\/product\/yoast-seo-wordpress\/ -->\n<title>Comit\u00ea Estadual de Povos fortalece comunidades no MT<\/title>\n<meta name=\"description\" content=\"O Comit\u00ea Estadual de povos capacita e fortalece comunidades tradicionais em Mato Grosso, promovendo di\u00e1logo com a imprensa e a sociedade.\" \/>\n<meta name=\"robots\" content=\"index, follow, max-snippet:-1, max-image-preview:large, max-video-preview:-1\" \/>\n<link rel=\"canonical\" href=\"https:\/\/rem.sema.mt.gov.br\/en\/noticias\/oficina-promovida-pelo-comite-estadual-de-povos-e-comunidades-tradicionais-constroi-dialogo-entre-povos-tradicionais-e-a-sociedade\/\" \/>\n<meta property=\"og:locale\" content=\"en_US\" \/>\n<meta property=\"og:type\" content=\"article\" \/>\n<meta property=\"og:title\" content=\"Comit\u00ea Estadual de Povos fortalece comunidades no MT\" \/>\n<meta property=\"og:description\" content=\"O Comit\u00ea Estadual de povos capacita e fortalece comunidades tradicionais em Mato Grosso, promovendo di\u00e1logo com a imprensa e a sociedade.\" \/>\n<meta property=\"og:url\" content=\"https:\/\/rem.sema.mt.gov.br\/en\/noticias\/oficina-promovida-pelo-comite-estadual-de-povos-e-comunidades-tradicionais-constroi-dialogo-entre-povos-tradicionais-e-a-sociedade\/\" \/>\n<meta property=\"og:site_name\" content=\"REM\" \/>\n<meta property=\"article:published_time\" content=\"2023-04-20T21:05:53+00:00\" \/>\n<meta property=\"article:modified_time\" content=\"2024-06-27T11:14:26+00:00\" \/>\n<meta property=\"og:image\" content=\"https:\/\/rem.sema.mt.gov.br\/wp-content\/uploads\/2023\/04\/oficina_1-6ff.jpg\" \/>\n\t<meta property=\"og:image:width\" content=\"1156\" \/>\n\t<meta property=\"og:image:height\" content=\"867\" \/>\n\t<meta property=\"og:image:type\" content=\"image\/jpeg\" \/>\n<meta name=\"author\" content=\"Nvlo\" \/>\n<meta name=\"twitter:card\" content=\"summary_large_image\" \/>\n<meta name=\"twitter:label1\" content=\"Written by\" \/>\n\t<meta name=\"twitter:data1\" content=\"Nvlo\" \/>\n\t<meta name=\"twitter:label2\" content=\"Est. reading time\" \/>\n\t<meta name=\"twitter:data2\" content=\"5 minutes\" \/>\n<script type=\"application\/ld+json\" class=\"yoast-schema-graph\">{\"@context\":\"https:\\\/\\\/schema.org\",\"@graph\":[{\"@type\":\"WebPage\",\"@id\":\"https:\\\/\\\/rem.sema.mt.gov.br\\\/noticias\\\/oficina-promovida-pelo-comite-estadual-de-povos-e-comunidades-tradicionais-constroi-dialogo-entre-povos-tradicionais-e-a-sociedade\\\/\",\"url\":\"https:\\\/\\\/rem.sema.mt.gov.br\\\/noticias\\\/oficina-promovida-pelo-comite-estadual-de-povos-e-comunidades-tradicionais-constroi-dialogo-entre-povos-tradicionais-e-a-sociedade\\\/\",\"name\":\"Comit\u00ea Estadual de Povos fortalece comunidades no MT\",\"isPartOf\":{\"@id\":\"https:\\\/\\\/rem.sema.mt.gov.br\\\/#website\"},\"primaryImageOfPage\":{\"@id\":\"https:\\\/\\\/rem.sema.mt.gov.br\\\/noticias\\\/oficina-promovida-pelo-comite-estadual-de-povos-e-comunidades-tradicionais-constroi-dialogo-entre-povos-tradicionais-e-a-sociedade\\\/#primaryimage\"},\"image\":{\"@id\":\"https:\\\/\\\/rem.sema.mt.gov.br\\\/noticias\\\/oficina-promovida-pelo-comite-estadual-de-povos-e-comunidades-tradicionais-constroi-dialogo-entre-povos-tradicionais-e-a-sociedade\\\/#primaryimage\"},\"thumbnailUrl\":\"https:\\\/\\\/rem.sema.mt.gov.br\\\/wp-content\\\/uploads\\\/2023\\\/04\\\/oficina_1-6ff.jpg\",\"datePublished\":\"2023-04-20T21:05:53+00:00\",\"dateModified\":\"2024-06-27T11:14:26+00:00\",\"author\":{\"@id\":\"https:\\\/\\\/rem.sema.mt.gov.br\\\/#\\\/schema\\\/person\\\/c1c87c5fec98c415b7dd9f1c8b5e1d18\"},\"description\":\"O Comit\u00ea Estadual de povos capacita e fortalece comunidades tradicionais em Mato Grosso, promovendo di\u00e1logo com a imprensa e a sociedade.\",\"breadcrumb\":{\"@id\":\"https:\\\/\\\/rem.sema.mt.gov.br\\\/noticias\\\/oficina-promovida-pelo-comite-estadual-de-povos-e-comunidades-tradicionais-constroi-dialogo-entre-povos-tradicionais-e-a-sociedade\\\/#breadcrumb\"},\"inLanguage\":\"en-US\",\"potentialAction\":[{\"@type\":\"ReadAction\",\"target\":[\"https:\\\/\\\/rem.sema.mt.gov.br\\\/noticias\\\/oficina-promovida-pelo-comite-estadual-de-povos-e-comunidades-tradicionais-constroi-dialogo-entre-povos-tradicionais-e-a-sociedade\\\/\"]}]},{\"@type\":\"ImageObject\",\"inLanguage\":\"en-US\",\"@id\":\"https:\\\/\\\/rem.sema.mt.gov.br\\\/noticias\\\/oficina-promovida-pelo-comite-estadual-de-povos-e-comunidades-tradicionais-constroi-dialogo-entre-povos-tradicionais-e-a-sociedade\\\/#primaryimage\",\"url\":\"https:\\\/\\\/rem.sema.mt.gov.br\\\/wp-content\\\/uploads\\\/2023\\\/04\\\/oficina_1-6ff.jpg\",\"contentUrl\":\"https:\\\/\\\/rem.sema.mt.gov.br\\\/wp-content\\\/uploads\\\/2023\\\/04\\\/oficina_1-6ff.jpg\",\"width\":1156,\"height\":867},{\"@type\":\"BreadcrumbList\",\"@id\":\"https:\\\/\\\/rem.sema.mt.gov.br\\\/noticias\\\/oficina-promovida-pelo-comite-estadual-de-povos-e-comunidades-tradicionais-constroi-dialogo-entre-povos-tradicionais-e-a-sociedade\\\/#breadcrumb\",\"itemListElement\":[{\"@type\":\"ListItem\",\"position\":1,\"name\":\"In\u00edcio\",\"item\":\"https:\\\/\\\/rem.sema.mt.gov.br\\\/\"},{\"@type\":\"ListItem\",\"position\":2,\"name\":\"Oficina promovida pelo Comit\u00ea Estadual de Povos e Comunidades Tradicionais constr\u00f3i di\u00e1logo entre povos tradicionais e a sociedade\"}]},{\"@type\":\"WebSite\",\"@id\":\"https:\\\/\\\/rem.sema.mt.gov.br\\\/#website\",\"url\":\"https:\\\/\\\/rem.sema.mt.gov.br\\\/\",\"name\":\"REM\",\"description\":\"Mato Grosso\",\"potentialAction\":[{\"@type\":\"SearchAction\",\"target\":{\"@type\":\"EntryPoint\",\"urlTemplate\":\"https:\\\/\\\/rem.sema.mt.gov.br\\\/?s={search_term_string}\"},\"query-input\":{\"@type\":\"PropertyValueSpecification\",\"valueRequired\":true,\"valueName\":\"search_term_string\"}}],\"inLanguage\":\"en-US\"}]}<\/script>\n<!-- \/ Yoast SEO plugin. -->","yoast_head_json":{"title":"Comit\u00ea Estadual de Povos fortalece comunidades no MT","description":"O Comit\u00ea Estadual de povos capacita e fortalece comunidades tradicionais em Mato Grosso, promovendo di\u00e1logo com a imprensa e a sociedade.","robots":{"index":"index","follow":"follow","max-snippet":"max-snippet:-1","max-image-preview":"max-image-preview:large","max-video-preview":"max-video-preview:-1"},"canonical":"https:\/\/rem.sema.mt.gov.br\/en\/noticias\/oficina-promovida-pelo-comite-estadual-de-povos-e-comunidades-tradicionais-constroi-dialogo-entre-povos-tradicionais-e-a-sociedade\/","og_locale":"en_US","og_type":"article","og_title":"Comit\u00ea Estadual de Povos fortalece comunidades no MT","og_description":"O Comit\u00ea Estadual de povos capacita e fortalece comunidades tradicionais em Mato Grosso, promovendo di\u00e1logo com a imprensa e a sociedade.","og_url":"https:\/\/rem.sema.mt.gov.br\/en\/noticias\/oficina-promovida-pelo-comite-estadual-de-povos-e-comunidades-tradicionais-constroi-dialogo-entre-povos-tradicionais-e-a-sociedade\/","og_site_name":"REM","article_published_time":"2023-04-20T21:05:53+00:00","article_modified_time":"2024-06-27T11:14:26+00:00","og_image":[{"width":1156,"height":867,"url":"https:\/\/rem.sema.mt.gov.br\/wp-content\/uploads\/2023\/04\/oficina_1-6ff.jpg","type":"image\/jpeg"}],"author":"Nvlo","twitter_card":"summary_large_image","twitter_misc":{"Written by":"Nvlo","Est. reading time":"5 minutes"},"schema":{"@context":"https:\/\/schema.org","@graph":[{"@type":"WebPage","@id":"https:\/\/rem.sema.mt.gov.br\/noticias\/oficina-promovida-pelo-comite-estadual-de-povos-e-comunidades-tradicionais-constroi-dialogo-entre-povos-tradicionais-e-a-sociedade\/","url":"https:\/\/rem.sema.mt.gov.br\/noticias\/oficina-promovida-pelo-comite-estadual-de-povos-e-comunidades-tradicionais-constroi-dialogo-entre-povos-tradicionais-e-a-sociedade\/","name":"Comit\u00ea Estadual de Povos fortalece comunidades no MT","isPartOf":{"@id":"https:\/\/rem.sema.mt.gov.br\/#website"},"primaryImageOfPage":{"@id":"https:\/\/rem.sema.mt.gov.br\/noticias\/oficina-promovida-pelo-comite-estadual-de-povos-e-comunidades-tradicionais-constroi-dialogo-entre-povos-tradicionais-e-a-sociedade\/#primaryimage"},"image":{"@id":"https:\/\/rem.sema.mt.gov.br\/noticias\/oficina-promovida-pelo-comite-estadual-de-povos-e-comunidades-tradicionais-constroi-dialogo-entre-povos-tradicionais-e-a-sociedade\/#primaryimage"},"thumbnailUrl":"https:\/\/rem.sema.mt.gov.br\/wp-content\/uploads\/2023\/04\/oficina_1-6ff.jpg","datePublished":"2023-04-20T21:05:53+00:00","dateModified":"2024-06-27T11:14:26+00:00","author":{"@id":"https:\/\/rem.sema.mt.gov.br\/#\/schema\/person\/c1c87c5fec98c415b7dd9f1c8b5e1d18"},"description":"O Comit\u00ea Estadual de povos capacita e fortalece comunidades tradicionais em Mato Grosso, promovendo di\u00e1logo com a imprensa e a sociedade.","breadcrumb":{"@id":"https:\/\/rem.sema.mt.gov.br\/noticias\/oficina-promovida-pelo-comite-estadual-de-povos-e-comunidades-tradicionais-constroi-dialogo-entre-povos-tradicionais-e-a-sociedade\/#breadcrumb"},"inLanguage":"en-US","potentialAction":[{"@type":"ReadAction","target":["https:\/\/rem.sema.mt.gov.br\/noticias\/oficina-promovida-pelo-comite-estadual-de-povos-e-comunidades-tradicionais-constroi-dialogo-entre-povos-tradicionais-e-a-sociedade\/"]}]},{"@type":"ImageObject","inLanguage":"en-US","@id":"https:\/\/rem.sema.mt.gov.br\/noticias\/oficina-promovida-pelo-comite-estadual-de-povos-e-comunidades-tradicionais-constroi-dialogo-entre-povos-tradicionais-e-a-sociedade\/#primaryimage","url":"https:\/\/rem.sema.mt.gov.br\/wp-content\/uploads\/2023\/04\/oficina_1-6ff.jpg","contentUrl":"https:\/\/rem.sema.mt.gov.br\/wp-content\/uploads\/2023\/04\/oficina_1-6ff.jpg","width":1156,"height":867},{"@type":"BreadcrumbList","@id":"https:\/\/rem.sema.mt.gov.br\/noticias\/oficina-promovida-pelo-comite-estadual-de-povos-e-comunidades-tradicionais-constroi-dialogo-entre-povos-tradicionais-e-a-sociedade\/#breadcrumb","itemListElement":[{"@type":"ListItem","position":1,"name":"In\u00edcio","item":"https:\/\/rem.sema.mt.gov.br\/"},{"@type":"ListItem","position":2,"name":"Oficina promovida pelo Comit\u00ea Estadual de Povos e Comunidades Tradicionais constr\u00f3i di\u00e1logo entre povos tradicionais e a sociedade"}]},{"@type":"WebSite","@id":"https:\/\/rem.sema.mt.gov.br\/#website","url":"https:\/\/rem.sema.mt.gov.br\/","name":"REM","description":"Mato Grosso","potentialAction":[{"@type":"SearchAction","target":{"@type":"EntryPoint","urlTemplate":"https:\/\/rem.sema.mt.gov.br\/?s={search_term_string}"},"query-input":{"@type":"PropertyValueSpecification","valueRequired":true,"valueName":"search_term_string"}}],"inLanguage":"en-US"}]}},"_links":{"self":[{"href":"https:\/\/rem.sema.mt.gov.br\/en\/wp-json\/wp\/v2\/posts\/558","targetHints":{"allow":["GET"]}}],"collection":[{"href":"https:\/\/rem.sema.mt.gov.br\/en\/wp-json\/wp\/v2\/posts"}],"about":[{"href":"https:\/\/rem.sema.mt.gov.br\/en\/wp-json\/wp\/v2\/types\/post"}],"author":[{"embeddable":true,"href":"https:\/\/rem.sema.mt.gov.br\/en\/wp-json\/wp\/v2\/users\/2"}],"replies":[{"embeddable":true,"href":"https:\/\/rem.sema.mt.gov.br\/en\/wp-json\/wp\/v2\/comments?post=558"}],"version-history":[{"count":1,"href":"https:\/\/rem.sema.mt.gov.br\/en\/wp-json\/wp\/v2\/posts\/558\/revisions"}],"predecessor-version":[{"id":4391,"href":"https:\/\/rem.sema.mt.gov.br\/en\/wp-json\/wp\/v2\/posts\/558\/revisions\/4391"}],"wp:featuredmedia":[{"embeddable":true,"href":"https:\/\/rem.sema.mt.gov.br\/en\/wp-json\/wp\/v2\/media\/552"}],"wp:attachment":[{"href":"https:\/\/rem.sema.mt.gov.br\/en\/wp-json\/wp\/v2\/media?parent=558"}],"wp:term":[{"taxonomy":"category","embeddable":true,"href":"https:\/\/rem.sema.mt.gov.br\/en\/wp-json\/wp\/v2\/categories?post=558"},{"taxonomy":"post_tag","embeddable":true,"href":"https:\/\/rem.sema.mt.gov.br\/en\/wp-json\/wp\/v2\/tags?post=558"}],"curies":[{"name":"wp","href":"https:\/\/api.w.org\/{rel}","templated":true}]}}