{"id":580,"date":"2023-05-05T11:42:34","date_gmt":"2023-05-05T14:42:34","guid":{"rendered":"https:\/\/devsweb.com.br\/rem_wp\/destaque-mundial-na-implementac-a-o-de-abordagens-jurisdicionais-ambientais-mt-recebe-governantes-do-congo-e-da-indonesia-para-trocar-experiencias\/"},"modified":"2024-06-27T08:15:17","modified_gmt":"2024-06-27T11:15:17","slug":"destaque-mundial-na-implementac-a-o-de-abordagens-jurisdicionais-ambientais-mt-recebe-governantes-do-congo-e-da-indonesia-para-trocar-experiencias","status":"publish","type":"post","link":"https:\/\/rem.sema.mt.gov.br\/en\/noticias\/destaque-mundial-na-implementac-a-o-de-abordagens-jurisdicionais-ambientais-mt-recebe-governantes-do-congo-e-da-indonesia-para-trocar-experiencias\/","title":{"rendered":"Destaque mundial na implementac\u0327a\u0303o de abordagens jurisdicionais ambientais, MT recebe governantes do Congo e da Indon\u00e9sia para trocar experi\u00eancias"},"content":{"rendered":"<p><span style=\"font-size: 18pt;\"><span style=\"font-size: 36pt;\"><b>O<\/b><\/span><span style=\"font-weight: 400;\">s bons resultados no cen\u00e1rio da conserva\u00e7\u00e3o ambiental no estado de Mato Grosso a partir de programas com abordagens jurisdicionais ambientais vem chamando a aten\u00e7\u00e3o internacional. Ap\u00f3s as recentes visitas dos ministro do Reino Unido e da embaixada da Noruega, nesta quinta-feira (04\/05), foi a vez do Programa REM MT, do Instituto PCI e da Secretaria Estadual de Meio Ambiente (SEMA-MT) receberem em Cuiab\u00e1 uma comitiva formada por representantes o Banco Mundial e dos governos da Rep\u00fablica do Congo e da Indon\u00e9sia.<\/span><\/span><\/p>\n<p><span style=\"font-weight: 400; font-size: 18pt;\">Segundo Andr\u00e9 Rodrigues Aquino, Especialista Ambiental Li\u0301der de Desenvolvimento Sustenta\u0301vel do Banco Mundial na Indone\u0301sia e um dos idealizadores da visita, o objetivo \u00e9 fortalecer a compreensa\u0303o dos participantes sobre poli\u0301ticas nacionais de combate e controle do desmatamento e sobre a constru\u00e7\u00e3o de programas jurisdicionais bem-sucedidos de larga escala para reduzir a emiss\u00e3o de gases estufa, como \u00e9 o caso do <a href=\"https:\/\/remmt.com.br\/\">Programa REM MT<\/a>.<\/span><\/p>\n<p><span style=\"font-weight: 400; font-size: 18pt;\"><img fetchpriority=\"high\" decoding=\"async\" class=\"size-full wp-image-572\" style=\"display: block; margin-left: auto; margin-right: auto;\" src=\"https:\/\/rem.sema.mt.gov.br\/wp-content\/uploads\/2023\/05\/visita_congo_1-e2d.jpg\" alt=\"\" width=\"573\" height=\"870\" srcset=\"https:\/\/rem.sema.mt.gov.br\/wp-content\/uploads\/2023\/05\/visita_congo_1-e2d.jpg 1054w, https:\/\/rem.sema.mt.gov.br\/wp-content\/uploads\/2023\/05\/visita_congo_1-e2d-198x300.jpg 198w, https:\/\/rem.sema.mt.gov.br\/wp-content\/uploads\/2023\/05\/visita_congo_1-e2d-675x1024.jpg 675w, https:\/\/rem.sema.mt.gov.br\/wp-content\/uploads\/2023\/05\/visita_congo_1-e2d-768x1166.jpg 768w, https:\/\/rem.sema.mt.gov.br\/wp-content\/uploads\/2023\/05\/visita_congo_1-e2d-1012x1536.jpg 1012w\" sizes=\"(max-width: 573px) 100vw, 573px\" \/><\/span><span style=\"font-size: 10pt;\"><b>\u00a0 \u00a0 \u00a0 \u00a0 \u00a0 \u00a0 \u00a0 \u00a0 \u00a0Andr\u00e9 Rodrigues Aquino, Especialista Ambiental Li\u0301der de Desenvolvimento Sustenta\u0301vel do Banco Mundial na Indone\u0301sia<\/b><\/span><\/p>\n<blockquote><p><span style=\"font-weight: 400; font-size: 18pt;\">&#8220;Esta visita est\u00e1 inserida no contexto de discuss\u00f5es que os tr\u00eas pa\u00edses t\u00eam feito para gest\u00e3o sustent\u00e1vel de florestas tropicais. Esses governos est\u00e3o interessados em conhecer como Mato Grosso institucionalizou uma pol\u00edtica de pagamento por resultado para redu\u00e7\u00e3o de desmatamento, como foi feito pelo Instituto PCI com o REM MT. Esperamos que seja o in\u00edcio de uma coopera\u00e7\u00e3o de longo prazo\u201d, destacou.\u00a0<\/span><\/p><\/blockquote>\n<p><span style=\"font-weight: 400; font-size: 18pt;\">Para a Coordenadora do Programa REM-MT, Ligia Vendramin, o interesse internacional pelos resultados que Mato Grosso est\u00e1 tendo na redu\u00e7\u00e3o da emiss\u00e3o de gases estufa e na manuten\u00e7\u00e3o da floresta em p\u00e9, mostra que o programa est\u00e1 no caminho certo.<\/span><\/p>\n<p><span style=\"font-size: 18pt;\"><span style=\"font-weight: 400;\"><img decoding=\"async\" class=\"size-full wp-image-573\" style=\"display: block; margin-left: auto; margin-right: auto;\" src=\"https:\/\/rem.sema.mt.gov.br\/wp-content\/uploads\/2023\/05\/visita_congo_7-6d9.jpg\" alt=\"\" width=\"830\" height=\"467\" srcset=\"https:\/\/rem.sema.mt.gov.br\/wp-content\/uploads\/2023\/05\/visita_congo_7-6d9.jpg 1600w, https:\/\/rem.sema.mt.gov.br\/wp-content\/uploads\/2023\/05\/visita_congo_7-6d9-300x169.jpg 300w, https:\/\/rem.sema.mt.gov.br\/wp-content\/uploads\/2023\/05\/visita_congo_7-6d9-1024x576.jpg 1024w, https:\/\/rem.sema.mt.gov.br\/wp-content\/uploads\/2023\/05\/visita_congo_7-6d9-768x432.jpg 768w, https:\/\/rem.sema.mt.gov.br\/wp-content\/uploads\/2023\/05\/visita_congo_7-6d9-1536x864.jpg 1536w, https:\/\/rem.sema.mt.gov.br\/wp-content\/uploads\/2023\/05\/visita_congo_7-6d9-800x450.jpg 800w\" sizes=\"(max-width: 830px) 100vw, 830px\" \/><\/span><\/span><span style=\"font-size: 18pt;\"><span style=\"font-size: 10pt;\"><b>.\u00a0 \u00a0 \u00a0 \u00a0 \u00a0 \u00a0 \u00a0 \u00a0 \u00a0 \u00a0 \u00a0 \u00a0 \u00a0 \u00a0 \u00a0 \u00a0 \u00a0 \u00a0 \u00a0 \u00a0 \u00a0 \u00a0 \u00a0 \u00a0 \u00a0 \u00a0 Coordenadora do Programa REM-MT, Ligia Vendramin<\/b><\/span><\/span><\/p>\n<blockquote><p><span style=\"font-weight: 400; font-size: 18pt;\">&#8220;Compartilhar conhecimento e boas pr\u00e1ticas com outras na\u00e7\u00f5es \u00e9 um grande privil\u00e9gio. Ainda mais porque os pa\u00edses em quest\u00e3o possuem uma semelhan\u00e7a muito grande com Mato Grosso no tocante ao cen\u00e1rio ambiental e clim\u00e1tico. E assim como n\u00f3s, eles tamb\u00e9m est\u00e3o em busca de desenvolver iniciativas inovadoras na conserva\u00e7\u00e3o florestal e na mitiga\u00e7\u00e3o das mudan\u00e7as clim\u00e1ticas&#8221;, relatou.<\/span><\/p><\/blockquote>\n<p style=\"text-align: center;\"><span style=\"font-size: 10pt;\"><b><img decoding=\"async\" class=\"size-full wp-image-574\" src=\"https:\/\/rem.sema.mt.gov.br\/wp-content\/uploads\/2023\/05\/mapa222-eae.png\" alt=\"\" width=\"792\" height=\"522\" srcset=\"https:\/\/rem.sema.mt.gov.br\/wp-content\/uploads\/2023\/05\/mapa222-eae.png 469w, https:\/\/rem.sema.mt.gov.br\/wp-content\/uploads\/2023\/05\/mapa222-eae-300x198.png 300w\" sizes=\"(max-width: 792px) 100vw, 792px\" \/><\/b><\/span><\/p>\n<p style=\"text-align: center;\"><span style=\"font-size: 10pt;\"><b>As 3 localidades est\u00e3o situadas na mesma linha do equador e possuem condi\u00e7\u00f5es clim\u00e1ticas semelhantes.<\/b><\/span><\/p>\n<p><span style=\"font-size: 18pt;\"><b>SEMELHAN\u00c7AS<\/b><\/span><\/p>\n<p><span style=\"font-weight: 400; font-size: 18pt;\">Eve Bazaiba Masudi, Ministra de Estado da Rep\u00fablica do Congo, refor\u00e7ou a quest\u00e3o da semelhan\u00e7a entre os pa\u00edses e se disse surpresa com a capacidade mato-grossense de aliar a produ\u00e7\u00e3o de alimentos \u00e0 conserva\u00e7\u00e3o ambiental.<\/span><\/p>\n<p style=\"text-align: center;\"><span style=\"font-size: 18pt;\"><span style=\"font-weight: 400;\"><img loading=\"lazy\" decoding=\"async\" class=\"size-full wp-image-575\" src=\"https:\/\/rem.sema.mt.gov.br\/wp-content\/uploads\/2023\/05\/visita_congo_6-50f.jpg\" alt=\"\" width=\"498\" height=\"830\" srcset=\"https:\/\/rem.sema.mt.gov.br\/wp-content\/uploads\/2023\/05\/visita_congo_6-50f.jpg 960w, https:\/\/rem.sema.mt.gov.br\/wp-content\/uploads\/2023\/05\/visita_congo_6-50f-180x300.jpg 180w, https:\/\/rem.sema.mt.gov.br\/wp-content\/uploads\/2023\/05\/visita_congo_6-50f-614x1024.jpg 614w, https:\/\/rem.sema.mt.gov.br\/wp-content\/uploads\/2023\/05\/visita_congo_6-50f-768x1280.jpg 768w, https:\/\/rem.sema.mt.gov.br\/wp-content\/uploads\/2023\/05\/visita_congo_6-50f-922x1536.jpg 922w\" sizes=\"(max-width: 498px) 100vw, 498px\" \/><br \/>\n<\/span><span style=\"font-size: 10pt;\"><b>Eve Bazaiba Masudi, Ministra de Estado da Rep\u00fablica do Congo<\/b><\/span><\/span><\/p>\n<blockquote><p><span style=\"font-weight: 400; font-size: 18pt;\">&#8220;O cen\u00e1rio da conserva\u00e7\u00e3o do meio ambiente em Mato Grosso \u00e9 maravilhoso. Porque ao mesmo tempo \u00e9 poss\u00edvel fazer uma agricultura resiliente com uma forte produ\u00e7\u00e3o, mas com desmatamento zero e emiss\u00e3o zero de g\u00e1s carb\u00f4nico. \u00c9 uma tecnologia extraordin\u00e1ria. Outra coisa que gostei muito \u00e9 o envolvimento da popula\u00e7\u00e3o. A agricultura familiar elevou o n\u00edvel da produ\u00e7\u00e3o \u00e0 exporta\u00e7\u00e3o internacional. Sem contar que Mato Grosso produz numa escala mundial, como se fosse um pa\u00eds. E vejo que isso \u00e9 poss\u00edvel de ser replicado no Congo, porque eu gostaria de lembrar que, a vegeta\u00e7\u00e3o do Brasil \u00e9 a mesma do Congo. N\u00f3s temos a mesma cobertura florestal, recursos h\u00eddricos e solo&#8221;, revelou a ministra.<\/span><\/p><\/blockquote>\n<p><span style=\"font-size: 18pt;\"><b>CONGO<\/b><\/span><\/p>\n<p><span style=\"font-size: 18pt;\"><span style=\"font-weight: 400;\">\u00c9 importante destacar que a Repu\u0301blica Democra\u0301tica do Congo \u00e9 o segundo maior pai\u0301s do continente africano, dotado de recursos naturais excepcionais, com minerais, potencial hidrele\u0301trico, terras ara\u0301veis significativas, imensa biodiversidade e a segunda maior floresta tropical do mundo, perdendo apenas para a Amazo\u0302nia.<\/span> <span style=\"font-weight: 400;\">Al\u00e9m disso,<\/span> <span style=\"font-weight: 400;\">as exportac\u0327o\u0303es de Mato Grosso para o Congo cresceram 155% entre 2015 e 2022.\u00a0<\/span><\/span><\/p>\n<p><span style=\"font-size: 18pt;\"><span style=\"font-weight: 400;\"><img loading=\"lazy\" decoding=\"async\" class=\"size-full wp-image-576\" src=\"https:\/\/rem.sema.mt.gov.br\/wp-content\/uploads\/2023\/05\/visita_congo_5-175.jpg\" alt=\"\" width=\"1031\" height=\"580\" srcset=\"https:\/\/rem.sema.mt.gov.br\/wp-content\/uploads\/2023\/05\/visita_congo_5-175.jpg 1600w, https:\/\/rem.sema.mt.gov.br\/wp-content\/uploads\/2023\/05\/visita_congo_5-175-300x169.jpg 300w, https:\/\/rem.sema.mt.gov.br\/wp-content\/uploads\/2023\/05\/visita_congo_5-175-1024x576.jpg 1024w, https:\/\/rem.sema.mt.gov.br\/wp-content\/uploads\/2023\/05\/visita_congo_5-175-768x432.jpg 768w, https:\/\/rem.sema.mt.gov.br\/wp-content\/uploads\/2023\/05\/visita_congo_5-175-1536x864.jpg 1536w, https:\/\/rem.sema.mt.gov.br\/wp-content\/uploads\/2023\/05\/visita_congo_5-175-800x450.jpg 800w\" sizes=\"(max-width: 1031px) 100vw, 1031px\" \/><\/span><\/span><\/p>\n<p><span style=\"font-size: 18pt;\"><b>INDON\u00c9SIA<\/b><\/span><\/p>\n<p><span style=\"font-weight: 400; font-size: 18pt;\">De acordo com Isran Noor, Governador da Provi\u0301ncia de Kalimantan Oriental, na Indon\u00e9sia, as boas pr\u00e1ticas mato-grossenses t\u00eam grande aplicabilidade.<\/span><\/p>\n<blockquote><p><span style=\"font-weight: 400; font-size: 18pt;\">&#8220;Tem muitas coisas que eu estou vendo aqui, que eu estou considerando seriamente aplicar na nossa prov\u00edncia. A \u00fanica diferen\u00e7a que talvez possa interferir nesta implementa\u00e7\u00e3o \u00e9 que o Brasil tem mais autonomia em seus Estados, enquanto n\u00f3s temos um governo central. Mas, em princ\u00edpio, a gente pode comunicar o governo federal que gostar\u00edamos de implementar esse programa (REM), j\u00e1 que \u00e9 uma coisa muito boa&#8221;, disse.<\/span><\/p><\/blockquote>\n<p style=\"text-align: center;\"><span style=\"font-weight: 400; font-size: 18pt;\"><img loading=\"lazy\" decoding=\"async\" class=\"size-full wp-image-577\" src=\"https:\/\/rem.sema.mt.gov.br\/wp-content\/uploads\/2023\/05\/visita_congo_2-a57.jpg\" alt=\"\" width=\"537\" height=\"589\" srcset=\"https:\/\/rem.sema.mt.gov.br\/wp-content\/uploads\/2023\/05\/visita_congo_2-a57.jpg 1170w, https:\/\/rem.sema.mt.gov.br\/wp-content\/uploads\/2023\/05\/visita_congo_2-a57-274x300.jpg 274w, https:\/\/rem.sema.mt.gov.br\/wp-content\/uploads\/2023\/05\/visita_congo_2-a57-935x1024.jpg 935w, https:\/\/rem.sema.mt.gov.br\/wp-content\/uploads\/2023\/05\/visita_congo_2-a57-768x842.jpg 768w\" sizes=\"(max-width: 537px) 100vw, 537px\" \/><br \/>\n<span style=\"font-size: 10pt;\"><b>Isran Noor, Governador da Provi\u0301ncia de Kalimantan Oriental, na Indon\u00e9sia<\/b><\/span><\/span><\/p>\n<p><span style=\"font-weight: 400; font-size: 18pt;\">A provi\u0301ncia de Kalimantan Oriental esta\u0301 comprometida em reduzir ate\u0301 86,3 mtCO2e nos pro\u0301ximos cinco anos (2020\u20132024), com um prec\u0327o de carbono de US$ 5 por tonelada de CO2 e por meio do esquema do Fundo de Carbono no Forest Carbon Partnership Facility (FCPF). Al\u00e9m disso, assinou recentemente um Acordo de Pagamento de Reduc\u0327o\u0303es de Emisso\u0303es (ERPA).<\/span><\/p>\n<p><span style=\"font-weight: 400; font-size: 18pt;\"><strong>INSTITUTO PCI<br \/>\n<\/strong><br \/>\nDe acordo com Ricardo Woldmar, gerente de Projetos da PCI, juntos o Brasil, Indon\u00e9sia e o Congo perderam 2,3 milh\u00f5es de hectares de florestas prim\u00e1rias em 2021, sendo o Brasil respons\u00e1vel por mais de 40% do desmatamento global no ano passado.<\/span><\/p>\n<p style=\"text-align: center;\"><span style=\"font-weight: 400; font-size: 18pt;\"><img loading=\"lazy\" decoding=\"async\" class=\"size-full wp-image-578\" src=\"https:\/\/rem.sema.mt.gov.br\/wp-content\/uploads\/2023\/05\/ricardo2-25b.png\" alt=\"\" width=\"469\" height=\"700\" srcset=\"https:\/\/rem.sema.mt.gov.br\/wp-content\/uploads\/2023\/05\/ricardo2-25b.png 283w, https:\/\/rem.sema.mt.gov.br\/wp-content\/uploads\/2023\/05\/ricardo2-25b-201x300.png 201w\" sizes=\"(max-width: 469px) 100vw, 469px\" \/><br \/>\n<\/span><span style=\"font-size: 10pt;\"><strong>Ricardo Woldmar, gerente de Projetos da PCI<\/strong><\/span><\/p>\n<p><span style=\"font-weight: 400; font-size: 18pt;\">&#8220;Apesar de Mato Grosso ter mostrado um papel de lideran\u00e7a na agenda clim\u00e1tica entre os estados da Amazonia, \u00e9 evidente que a lacuna de recursos apropriados para a agenda de florestas \u00e9 grande. Atualmente, as florestas s\u00e3o capazes de absorver 17% das emiss\u00f5es de GEE, mas recebem apenas 3% do financiamento global para mitiga\u00e7\u00e3o de GEE. Em Mato Grosso, estudos do Instituto PCI indicam que existe uma demanda de R$ 139 bilh\u00f5es para cumprimento das metas de conserva\u00e7\u00e3o da PCI entre 2020 e 2030. No entanto, apenas R$ 203 milh\u00f5es foram gastos neste eixo entre 2015 e 2020. Nesse contexto, o Instituto PCI almeja desenvolver uma estrutura operacional capaz para suprir essa demanda&#8221;, garantiu Ricardo.<\/span><\/p>\n<p><span style=\"font-size: 18pt;\"><b>COOPERA\u00c7\u00c3O INTERNACIONAL<\/b><\/span><\/p>\n<p><span style=\"font-weight: 400; font-size: 18pt;\">O Brasil, a Indone\u0301sia e o Congo anunciaram durante a COP27, no Egito, a criac\u0327a\u0303o da alianc\u0327a dos pai\u0301ses detentores das maiores florestas tropicais do mundo. A iniciativa e\u0301 conseque\u0302ncia de tratativas iniciadas durante a COP26, em Glasgow, continuadas na reunia\u0303o de ministros do meio ambiente do G20, em Bali, em agosto, e aprofundadas durante a pre\u0301-COP, em Kinshasa, no me\u0302s passado<\/span><\/p>\n<p><span style=\"font-weight: 400; font-size: 18pt;\">O objetivo da criac\u0327a\u0303o da coaliza\u0303o e\u0301 valorizar a biodiversidade dos pai\u0301ses e promover remunerac\u0327a\u0303o justa pelos servic\u0327os ecossiste\u0302micos prestados pelas tre\u0302s nac\u0327o\u0303es \u2013 especialmente via cre\u0301dito de carbono de floresta nativa. A alianc\u0327a sinaliza para a comunidade internacional que o tema da conservac\u0327a\u0303o e uso sustenta\u0301vel desse ativo ambiental deve ser capitaneado por aqueles que dete\u0302m as principais florestas do mundo.<\/span><\/p>\n<p><span style=\"font-size: 18pt;\"><span style=\"font-weight: 400;\"><img loading=\"lazy\" decoding=\"async\" class=\"size-full wp-image-579\" style=\"display: block; margin-left: auto; margin-right: auto;\" src=\"https:\/\/rem.sema.mt.gov.br\/wp-content\/uploads\/2023\/05\/visita_congo_3-981.jpg\" alt=\"\" width=\"514\" height=\"817\" srcset=\"https:\/\/rem.sema.mt.gov.br\/wp-content\/uploads\/2023\/05\/visita_congo_3-981.jpg 1006w, https:\/\/rem.sema.mt.gov.br\/wp-content\/uploads\/2023\/05\/visita_congo_3-981-189x300.jpg 189w, https:\/\/rem.sema.mt.gov.br\/wp-content\/uploads\/2023\/05\/visita_congo_3-981-644x1024.jpg 644w, https:\/\/rem.sema.mt.gov.br\/wp-content\/uploads\/2023\/05\/visita_congo_3-981-768x1221.jpg 768w, https:\/\/rem.sema.mt.gov.br\/wp-content\/uploads\/2023\/05\/visita_congo_3-981-966x1536.jpg 966w\" sizes=\"(max-width: 514px) 100vw, 514px\" \/><\/span><span style=\"font-size: 10pt;\"><b>\u00a0 \u00a0 \u00a0 \u00a0 \u00a0 \u00a0 \u00a0 \u00a0 \u00a0 \u00a0 \u00a0 \u00a0 \u00a0 \u00a0 \u00a0 \u00a0 \u00a0 \u00a0 \u00a0 \u00a0 \u00a0 \u00a0 \u00a0 \u00a0 \u00a0 \u00a0 \u00a0 \u00a0 \u00a0 \u00a0 Maristela Miguel, Presidente do conselho de administra\u00e7\u00e3o da PCI<\/b><\/span><\/span><\/p>\n<blockquote><p><span style=\"font-weight: 400; font-size: 18pt;\">&#8220;N\u00f3s recebemos a Indon\u00e9sia e o Congo com muita alegria e satisfa\u00e7\u00e3o, pois \u00e9 uma estrat\u00e9gia que come\u00e7ou h\u00e1 muitos anos. S\u00e3o dois pa\u00edses que vieram ver as nossas ferramentas de sucesso para que eles reproduzam. Uma das perguntas feitas foi como conseguimos chamar as entidades sem fins lucrativos e as empresas para trabalhar em conjunto, A resposta \u00e9 porque todos n\u00f3s temos um objetivo em comum. E este objetivo do PCI repercute no mundo\u201d, disse Maristela Miguel, Presidente do conselho de administra\u00e7\u00e3o da PCI, pela Ecoartes Amaz\u00f4nia.\u00a0<\/span><\/p><\/blockquote>","protected":false},"excerpt":{"rendered":"<p>Os bons resultados no cen\u00e1rio da conserva\u00e7\u00e3o ambiental no estado de Mato Grosso a partir de programas com abordagens jurisdicionais ambientais vem chamando a aten\u00e7\u00e3o internacional. Ap\u00f3s as recentes visitas dos ministro do Reino Unido e da embaixada da Noruega, nesta quinta-feira (04\/05), foi a vez do Programa REM MT, do Instituto PCI e da [&hellip;]<\/p>","protected":false},"author":2,"featured_media":572,"comment_status":"open","ping_status":"open","sticky":false,"template":"","format":"standard","meta":{"_eb_attr":"","ocean_post_layout":"","ocean_both_sidebars_style":"","ocean_both_sidebars_content_width":0,"ocean_both_sidebars_sidebars_width":0,"ocean_sidebar":"","ocean_second_sidebar":"","ocean_disable_margins":"enable","ocean_add_body_class":"","ocean_shortcode_before_top_bar":"","ocean_shortcode_after_top_bar":"","ocean_shortcode_before_header":"","ocean_shortcode_after_header":"","ocean_has_shortcode":"","ocean_shortcode_after_title":"","ocean_shortcode_before_footer_widgets":"","ocean_shortcode_after_footer_widgets":"","ocean_shortcode_before_footer_bottom":"","ocean_shortcode_after_footer_bottom":"","ocean_display_top_bar":"default","ocean_display_header":"default","ocean_header_style":"","ocean_center_header_left_menu":"","ocean_custom_header_template":"","ocean_custom_logo":0,"ocean_custom_retina_logo":0,"ocean_custom_logo_max_width":0,"ocean_custom_logo_tablet_max_width":0,"ocean_custom_logo_mobile_max_width":0,"ocean_custom_logo_max_height":0,"ocean_custom_logo_tablet_max_height":0,"ocean_custom_logo_mobile_max_height":0,"ocean_header_custom_menu":"","ocean_menu_typo_font_family":"","ocean_menu_typo_font_subset":"","ocean_menu_typo_font_size":0,"ocean_menu_typo_font_size_tablet":0,"ocean_menu_typo_font_size_mobile":0,"ocean_menu_typo_font_size_unit":"px","ocean_menu_typo_font_weight":"","ocean_menu_typo_font_weight_tablet":"","ocean_menu_typo_font_weight_mobile":"","ocean_menu_typo_transform":"","ocean_menu_typo_transform_tablet":"","ocean_menu_typo_transform_mobile":"","ocean_menu_typo_line_height":0,"ocean_menu_typo_line_height_tablet":0,"ocean_menu_typo_line_height_mobile":0,"ocean_menu_typo_line_height_unit":"","ocean_menu_typo_spacing":0,"ocean_menu_typo_spacing_tablet":0,"ocean_menu_typo_spacing_mobile":0,"ocean_menu_typo_spacing_unit":"","ocean_menu_link_color":"","ocean_menu_link_color_hover":"","ocean_menu_link_color_active":"","ocean_menu_link_background":"","ocean_menu_link_hover_background":"","ocean_menu_link_active_background":"","ocean_menu_social_links_bg":"","ocean_menu_social_hover_links_bg":"","ocean_menu_social_links_color":"","ocean_menu_social_hover_links_color":"","ocean_disable_title":"default","ocean_disable_heading":"default","ocean_post_title":"","ocean_post_subheading":"","ocean_post_title_style":"","ocean_post_title_background_color":"","ocean_post_title_background":0,"ocean_post_title_bg_image_position":"","ocean_post_title_bg_image_attachment":"","ocean_post_title_bg_image_repeat":"","ocean_post_title_bg_image_size":"","ocean_post_title_height":0,"ocean_post_title_bg_overlay":0.5,"ocean_post_title_bg_overlay_color":"","ocean_disable_breadcrumbs":"default","ocean_breadcrumbs_color":"","ocean_breadcrumbs_separator_color":"","ocean_breadcrumbs_links_color":"","ocean_breadcrumbs_links_hover_color":"","ocean_display_footer_widgets":"default","ocean_display_footer_bottom":"default","ocean_custom_footer_template":"","ocean_post_oembed":"","ocean_post_self_hosted_media":"","ocean_post_video_embed":"","ocean_link_format":"","ocean_link_format_target":"self","ocean_quote_format":"","ocean_quote_format_link":"post","ocean_gallery_link_images":"on","ocean_gallery_id":[],"footnotes":""},"categories":[19],"tags":[],"class_list":["post-580","post","type-post","status-publish","format-standard","has-post-thumbnail","hentry","category-noticias","entry","has-media"],"yoast_head":"<!-- This site is optimized with the Yoast SEO plugin v27.5 - https:\/\/yoast.com\/product\/yoast-seo-wordpress\/ -->\n<title>Abordagens jurisdicionais ambientais brilham em Mato Grosso<\/title>\n<meta name=\"description\" content=\"Abordagens jurisdicionais ambientais no foco internacional em Mato Grosso, destacando o Programa REM MT e iniciativas ambientais.\" \/>\n<meta name=\"robots\" content=\"index, follow, max-snippet:-1, max-image-preview:large, max-video-preview:-1\" \/>\n<link rel=\"canonical\" href=\"https:\/\/rem.sema.mt.gov.br\/en\/noticias\/destaque-mundial-na-implementac-a-o-de-abordagens-jurisdicionais-ambientais-mt-recebe-governantes-do-congo-e-da-indonesia-para-trocar-experiencias\/\" \/>\n<meta property=\"og:locale\" content=\"en_US\" \/>\n<meta property=\"og:type\" content=\"article\" \/>\n<meta property=\"og:title\" content=\"Abordagens jurisdicionais ambientais brilham em Mato Grosso\" \/>\n<meta property=\"og:description\" content=\"Abordagens jurisdicionais ambientais no foco internacional em Mato Grosso, destacando o Programa REM MT e iniciativas ambientais.\" \/>\n<meta property=\"og:url\" content=\"https:\/\/rem.sema.mt.gov.br\/en\/noticias\/destaque-mundial-na-implementac-a-o-de-abordagens-jurisdicionais-ambientais-mt-recebe-governantes-do-congo-e-da-indonesia-para-trocar-experiencias\/\" \/>\n<meta property=\"og:site_name\" content=\"REM\" \/>\n<meta property=\"article:published_time\" content=\"2023-05-05T14:42:34+00:00\" \/>\n<meta property=\"article:modified_time\" content=\"2024-06-27T11:15:17+00:00\" \/>\n<meta property=\"og:image\" content=\"https:\/\/rem.sema.mt.gov.br\/wp-content\/uploads\/2023\/05\/visita_congo_1-e2d.jpg\" \/>\n\t<meta property=\"og:image:width\" content=\"1054\" \/>\n\t<meta property=\"og:image:height\" content=\"1600\" \/>\n\t<meta property=\"og:image:type\" content=\"image\/jpeg\" \/>\n<meta name=\"author\" content=\"Nvlo\" \/>\n<meta name=\"twitter:card\" content=\"summary_large_image\" \/>\n<meta name=\"twitter:label1\" content=\"Written by\" \/>\n\t<meta name=\"twitter:data1\" content=\"Nvlo\" \/>\n\t<meta name=\"twitter:label2\" content=\"Est. reading time\" \/>\n\t<meta name=\"twitter:data2\" content=\"6 minutes\" \/>\n<script type=\"application\/ld+json\" class=\"yoast-schema-graph\">{\"@context\":\"https:\\\/\\\/schema.org\",\"@graph\":[{\"@type\":\"WebPage\",\"@id\":\"https:\\\/\\\/rem.sema.mt.gov.br\\\/en\\\/noticias\\\/destaque-mundial-na-implementac-a-o-de-abordagens-jurisdicionais-ambientais-mt-recebe-governantes-do-congo-e-da-indonesia-para-trocar-experiencias\\\/\",\"url\":\"https:\\\/\\\/rem.sema.mt.gov.br\\\/en\\\/noticias\\\/destaque-mundial-na-implementac-a-o-de-abordagens-jurisdicionais-ambientais-mt-recebe-governantes-do-congo-e-da-indonesia-para-trocar-experiencias\\\/\",\"name\":\"Abordagens jurisdicionais ambientais brilham em Mato Grosso\",\"isPartOf\":{\"@id\":\"https:\\\/\\\/rem.sema.mt.gov.br\\\/#website\"},\"primaryImageOfPage\":{\"@id\":\"https:\\\/\\\/rem.sema.mt.gov.br\\\/en\\\/noticias\\\/destaque-mundial-na-implementac-a-o-de-abordagens-jurisdicionais-ambientais-mt-recebe-governantes-do-congo-e-da-indonesia-para-trocar-experiencias\\\/#primaryimage\"},\"image\":{\"@id\":\"https:\\\/\\\/rem.sema.mt.gov.br\\\/en\\\/noticias\\\/destaque-mundial-na-implementac-a-o-de-abordagens-jurisdicionais-ambientais-mt-recebe-governantes-do-congo-e-da-indonesia-para-trocar-experiencias\\\/#primaryimage\"},\"thumbnailUrl\":\"https:\\\/\\\/rem.sema.mt.gov.br\\\/wp-content\\\/uploads\\\/2023\\\/05\\\/visita_congo_1-e2d.jpg\",\"datePublished\":\"2023-05-05T14:42:34+00:00\",\"dateModified\":\"2024-06-27T11:15:17+00:00\",\"author\":{\"@id\":\"https:\\\/\\\/rem.sema.mt.gov.br\\\/#\\\/schema\\\/person\\\/c1c87c5fec98c415b7dd9f1c8b5e1d18\"},\"description\":\"Abordagens jurisdicionais ambientais no foco internacional em Mato Grosso, destacando o Programa REM MT e iniciativas ambientais.\",\"breadcrumb\":{\"@id\":\"https:\\\/\\\/rem.sema.mt.gov.br\\\/en\\\/noticias\\\/destaque-mundial-na-implementac-a-o-de-abordagens-jurisdicionais-ambientais-mt-recebe-governantes-do-congo-e-da-indonesia-para-trocar-experiencias\\\/#breadcrumb\"},\"inLanguage\":\"en-US\",\"potentialAction\":[{\"@type\":\"ReadAction\",\"target\":[\"https:\\\/\\\/rem.sema.mt.gov.br\\\/en\\\/noticias\\\/destaque-mundial-na-implementac-a-o-de-abordagens-jurisdicionais-ambientais-mt-recebe-governantes-do-congo-e-da-indonesia-para-trocar-experiencias\\\/\"]}]},{\"@type\":\"ImageObject\",\"inLanguage\":\"en-US\",\"@id\":\"https:\\\/\\\/rem.sema.mt.gov.br\\\/en\\\/noticias\\\/destaque-mundial-na-implementac-a-o-de-abordagens-jurisdicionais-ambientais-mt-recebe-governantes-do-congo-e-da-indonesia-para-trocar-experiencias\\\/#primaryimage\",\"url\":\"https:\\\/\\\/rem.sema.mt.gov.br\\\/wp-content\\\/uploads\\\/2023\\\/05\\\/visita_congo_1-e2d.jpg\",\"contentUrl\":\"https:\\\/\\\/rem.sema.mt.gov.br\\\/wp-content\\\/uploads\\\/2023\\\/05\\\/visita_congo_1-e2d.jpg\",\"width\":1054,\"height\":1600},{\"@type\":\"BreadcrumbList\",\"@id\":\"https:\\\/\\\/rem.sema.mt.gov.br\\\/en\\\/noticias\\\/destaque-mundial-na-implementac-a-o-de-abordagens-jurisdicionais-ambientais-mt-recebe-governantes-do-congo-e-da-indonesia-para-trocar-experiencias\\\/#breadcrumb\",\"itemListElement\":[{\"@type\":\"ListItem\",\"position\":1,\"name\":\"In\u00edcio\",\"item\":\"https:\\\/\\\/rem.sema.mt.gov.br\\\/\"},{\"@type\":\"ListItem\",\"position\":2,\"name\":\"Destaque mundial na implementac\u0327a\u0303o de abordagens jurisdicionais ambientais, MT recebe governantes do Congo e da Indon\u00e9sia para trocar experi\u00eancias\"}]},{\"@type\":\"WebSite\",\"@id\":\"https:\\\/\\\/rem.sema.mt.gov.br\\\/#website\",\"url\":\"https:\\\/\\\/rem.sema.mt.gov.br\\\/\",\"name\":\"REM\",\"description\":\"Mato Grosso\",\"potentialAction\":[{\"@type\":\"SearchAction\",\"target\":{\"@type\":\"EntryPoint\",\"urlTemplate\":\"https:\\\/\\\/rem.sema.mt.gov.br\\\/?s={search_term_string}\"},\"query-input\":{\"@type\":\"PropertyValueSpecification\",\"valueRequired\":true,\"valueName\":\"search_term_string\"}}],\"inLanguage\":\"en-US\"}]}<\/script>\n<!-- \/ Yoast SEO plugin. -->","yoast_head_json":{"title":"Abordagens jurisdicionais ambientais brilham em Mato Grosso","description":"Abordagens jurisdicionais ambientais no foco internacional em Mato Grosso, destacando o Programa REM MT e iniciativas ambientais.","robots":{"index":"index","follow":"follow","max-snippet":"max-snippet:-1","max-image-preview":"max-image-preview:large","max-video-preview":"max-video-preview:-1"},"canonical":"https:\/\/rem.sema.mt.gov.br\/en\/noticias\/destaque-mundial-na-implementac-a-o-de-abordagens-jurisdicionais-ambientais-mt-recebe-governantes-do-congo-e-da-indonesia-para-trocar-experiencias\/","og_locale":"en_US","og_type":"article","og_title":"Abordagens jurisdicionais ambientais brilham em Mato Grosso","og_description":"Abordagens jurisdicionais ambientais no foco internacional em Mato Grosso, destacando o Programa REM MT e iniciativas ambientais.","og_url":"https:\/\/rem.sema.mt.gov.br\/en\/noticias\/destaque-mundial-na-implementac-a-o-de-abordagens-jurisdicionais-ambientais-mt-recebe-governantes-do-congo-e-da-indonesia-para-trocar-experiencias\/","og_site_name":"REM","article_published_time":"2023-05-05T14:42:34+00:00","article_modified_time":"2024-06-27T11:15:17+00:00","og_image":[{"width":1054,"height":1600,"url":"https:\/\/rem.sema.mt.gov.br\/wp-content\/uploads\/2023\/05\/visita_congo_1-e2d.jpg","type":"image\/jpeg"}],"author":"Nvlo","twitter_card":"summary_large_image","twitter_misc":{"Written by":"Nvlo","Est. reading time":"6 minutes"},"schema":{"@context":"https:\/\/schema.org","@graph":[{"@type":"WebPage","@id":"https:\/\/rem.sema.mt.gov.br\/en\/noticias\/destaque-mundial-na-implementac-a-o-de-abordagens-jurisdicionais-ambientais-mt-recebe-governantes-do-congo-e-da-indonesia-para-trocar-experiencias\/","url":"https:\/\/rem.sema.mt.gov.br\/en\/noticias\/destaque-mundial-na-implementac-a-o-de-abordagens-jurisdicionais-ambientais-mt-recebe-governantes-do-congo-e-da-indonesia-para-trocar-experiencias\/","name":"Abordagens jurisdicionais ambientais brilham em Mato Grosso","isPartOf":{"@id":"https:\/\/rem.sema.mt.gov.br\/#website"},"primaryImageOfPage":{"@id":"https:\/\/rem.sema.mt.gov.br\/en\/noticias\/destaque-mundial-na-implementac-a-o-de-abordagens-jurisdicionais-ambientais-mt-recebe-governantes-do-congo-e-da-indonesia-para-trocar-experiencias\/#primaryimage"},"image":{"@id":"https:\/\/rem.sema.mt.gov.br\/en\/noticias\/destaque-mundial-na-implementac-a-o-de-abordagens-jurisdicionais-ambientais-mt-recebe-governantes-do-congo-e-da-indonesia-para-trocar-experiencias\/#primaryimage"},"thumbnailUrl":"https:\/\/rem.sema.mt.gov.br\/wp-content\/uploads\/2023\/05\/visita_congo_1-e2d.jpg","datePublished":"2023-05-05T14:42:34+00:00","dateModified":"2024-06-27T11:15:17+00:00","author":{"@id":"https:\/\/rem.sema.mt.gov.br\/#\/schema\/person\/c1c87c5fec98c415b7dd9f1c8b5e1d18"},"description":"Abordagens jurisdicionais ambientais no foco internacional em Mato Grosso, destacando o Programa REM MT e iniciativas ambientais.","breadcrumb":{"@id":"https:\/\/rem.sema.mt.gov.br\/en\/noticias\/destaque-mundial-na-implementac-a-o-de-abordagens-jurisdicionais-ambientais-mt-recebe-governantes-do-congo-e-da-indonesia-para-trocar-experiencias\/#breadcrumb"},"inLanguage":"en-US","potentialAction":[{"@type":"ReadAction","target":["https:\/\/rem.sema.mt.gov.br\/en\/noticias\/destaque-mundial-na-implementac-a-o-de-abordagens-jurisdicionais-ambientais-mt-recebe-governantes-do-congo-e-da-indonesia-para-trocar-experiencias\/"]}]},{"@type":"ImageObject","inLanguage":"en-US","@id":"https:\/\/rem.sema.mt.gov.br\/en\/noticias\/destaque-mundial-na-implementac-a-o-de-abordagens-jurisdicionais-ambientais-mt-recebe-governantes-do-congo-e-da-indonesia-para-trocar-experiencias\/#primaryimage","url":"https:\/\/rem.sema.mt.gov.br\/wp-content\/uploads\/2023\/05\/visita_congo_1-e2d.jpg","contentUrl":"https:\/\/rem.sema.mt.gov.br\/wp-content\/uploads\/2023\/05\/visita_congo_1-e2d.jpg","width":1054,"height":1600},{"@type":"BreadcrumbList","@id":"https:\/\/rem.sema.mt.gov.br\/en\/noticias\/destaque-mundial-na-implementac-a-o-de-abordagens-jurisdicionais-ambientais-mt-recebe-governantes-do-congo-e-da-indonesia-para-trocar-experiencias\/#breadcrumb","itemListElement":[{"@type":"ListItem","position":1,"name":"In\u00edcio","item":"https:\/\/rem.sema.mt.gov.br\/"},{"@type":"ListItem","position":2,"name":"Destaque mundial na implementac\u0327a\u0303o de abordagens jurisdicionais ambientais, MT recebe governantes do Congo e da Indon\u00e9sia para trocar experi\u00eancias"}]},{"@type":"WebSite","@id":"https:\/\/rem.sema.mt.gov.br\/#website","url":"https:\/\/rem.sema.mt.gov.br\/","name":"REM","description":"Mato Grosso","potentialAction":[{"@type":"SearchAction","target":{"@type":"EntryPoint","urlTemplate":"https:\/\/rem.sema.mt.gov.br\/?s={search_term_string}"},"query-input":{"@type":"PropertyValueSpecification","valueRequired":true,"valueName":"search_term_string"}}],"inLanguage":"en-US"}]}},"_links":{"self":[{"href":"https:\/\/rem.sema.mt.gov.br\/en\/wp-json\/wp\/v2\/posts\/580","targetHints":{"allow":["GET"]}}],"collection":[{"href":"https:\/\/rem.sema.mt.gov.br\/en\/wp-json\/wp\/v2\/posts"}],"about":[{"href":"https:\/\/rem.sema.mt.gov.br\/en\/wp-json\/wp\/v2\/types\/post"}],"author":[{"embeddable":true,"href":"https:\/\/rem.sema.mt.gov.br\/en\/wp-json\/wp\/v2\/users\/2"}],"replies":[{"embeddable":true,"href":"https:\/\/rem.sema.mt.gov.br\/en\/wp-json\/wp\/v2\/comments?post=580"}],"version-history":[{"count":1,"href":"https:\/\/rem.sema.mt.gov.br\/en\/wp-json\/wp\/v2\/posts\/580\/revisions"}],"predecessor-version":[{"id":4383,"href":"https:\/\/rem.sema.mt.gov.br\/en\/wp-json\/wp\/v2\/posts\/580\/revisions\/4383"}],"wp:featuredmedia":[{"embeddable":true,"href":"https:\/\/rem.sema.mt.gov.br\/en\/wp-json\/wp\/v2\/media\/572"}],"wp:attachment":[{"href":"https:\/\/rem.sema.mt.gov.br\/en\/wp-json\/wp\/v2\/media?parent=580"}],"wp:term":[{"taxonomy":"category","embeddable":true,"href":"https:\/\/rem.sema.mt.gov.br\/en\/wp-json\/wp\/v2\/categories?post=580"},{"taxonomy":"post_tag","embeddable":true,"href":"https:\/\/rem.sema.mt.gov.br\/en\/wp-json\/wp\/v2\/tags?post=580"}],"curies":[{"name":"wp","href":"https:\/\/api.w.org\/{rel}","templated":true}]}}