{"id":5972,"date":"2024-11-01T12:04:28","date_gmt":"2024-11-01T15:04:28","guid":{"rendered":"https:\/\/rem.sema.mt.gov.br\/?p=5972"},"modified":"2024-11-01T12:04:31","modified_gmt":"2024-11-01T15:04:31","slug":"reuniao-da-seplag-e-sema-com-ibge-traz-avancos-para-a-homologacao-do-mapa-da-vegetacao-primaria-de-mato-grosso","status":"publish","type":"post","link":"https:\/\/rem.sema.mt.gov.br\/en\/noticias\/reuniao-da-seplag-e-sema-com-ibge-traz-avancos-para-a-homologacao-do-mapa-da-vegetacao-primaria-de-mato-grosso\/","title":{"rendered":"Reuni\u00e3o da SEPLAG e SEMA com IBGE traz avan\u00e7os para a homologa\u00e7\u00e3o do Mapa da Vegeta\u00e7\u00e3o Prim\u00e1ria de Mato Grosso"},"content":{"rendered":"<p><em>A atualiza\u00e7\u00e3o das informa\u00e7\u00f5es sobre a vegeta\u00e7\u00e3o presente no estado \u00e9 um importante aliado na fiscaliza\u00e7\u00e3o do desmatamento ilegal<\/em><br><\/p>\n\n\n\n<p class=\"has-medium-font-size\">O Programa REM MT apoiou o encontro com representantes do Instituto Brasileiro de Geografia e Estat\u00edstica (IBGE), da Secretaria de Estado de Planejamento e Gest\u00e3o do Mato Grosso (SEPLAG) e da Secretaria Estadual de Meio Ambiente (SEMA) que realizou o acompanhamento das atividades necess\u00e1rias ao processo de homologa\u00e7\u00e3o do Mapa da Vegeta\u00e7\u00e3o Prim\u00e1ria de Mato Grosso.<\/p>\n\n\n\n<p class=\"has-medium-font-size\">A avalia\u00e7\u00e3o conjunta, entre as equipes t\u00e9cnicas envolvidas, busca verificar os resultados do trabalho de mapeamento realizado ao longo de 15 anos no Estado. Durante o encontro, foram identificadas poss\u00edveis inconsist\u00eancias nos procedimentos de interpreta\u00e7\u00e3o e classifica\u00e7\u00e3o da vegeta\u00e7\u00e3o, avalia\u00e7\u00e3o do material cartogr\u00e1fico j\u00e1 produzido, levantamento de d\u00favidas persistentes e defini\u00e7\u00e3o de encaminhamentos para atividades futuras.<\/p>\n\n\n\n<p class=\"has-medium-font-size\">O Coordenador do Subprograma Fortalecimento Institucional e Pol\u00edticas P\u00fablicas Estruturantes do REM MT, Elton Antonio da Silveira, falou sobre a import\u00e2ncia do encontro: \u201cEst\u00e1vamos aguardando essa reuni\u00e3o com o IBGE para responder \u00e0s d\u00favidas com rela\u00e7\u00e3o \u00e0 tipologia utilizada no Estado de Mato Grosso, porque aqui temos uma nova tipologia e outras quest\u00f5es que divergem do mapeamento do RADAMBRASIL, principalmente quanto a ocorr\u00eancia da Floresta Ombr\u00f3fila, da Floresta Estacional Sempre-verde e tamb\u00e9m a ocorr\u00eancia da Floresta Estacional Semidecidual no Bioma Amaz\u00f4nia\u201d.<\/p>\n\n\n\n<p class=\"has-medium-font-size\">Para o Tecnologista de Informa\u00e7\u00f5es Geogr\u00e1ficas e Estat\u00edsticas do IBGE, Andr\u00e9 Correia de Almeida, que atua no Mapeamento de Vegeta\u00e7\u00e3o do Brasil, o encontro foi muito importante: \u201cN\u00f3s verificamos que as atividades desenvolvidas s\u00e3o muito interessantes, com propostas inovadoras apresentadas&nbsp; pela equipe do Programa REM MT, envolvendo o uso de tecnologias e metodologias diferentes de mapeamento, que n\u00f3s estamos avaliando. Os resultados ser\u00e3o muito interessantes na quest\u00e3o de delimita\u00e7\u00e3o de \u00e1reas, tipos de vegeta\u00e7\u00f5es diferentes que n\u00e3o estavam muito bem contempladas no nosso mapeamento oficial\u201d.<\/p>\n\n\n\n<p class=\"has-medium-font-size\">Luiz Alberto Dambros, que tamb\u00e9m atua no Mapeamento de Vegeta\u00e7\u00e3o do Brasil&nbsp; pelo IBGE, salientou que o trabalho realizado por Mato Grosso servir\u00e1 de modelo para outros estados: \u201cO estado de Mato Grosso talvez seja o maior laborat\u00f3rio do Brasil para se estudar sobre vegeta\u00e7\u00e3o por conta da grande diversidade presente. O que foi produzido dentro desse projeto \u00e9 um acervo imensur\u00e1vel de informa\u00e7\u00f5es que o pr\u00f3prio IBGE ir\u00e1 incorporar no seu acervo e divulgar. O banco de dados de recursos naturais do IBGE receber\u00e1 um aporte de mais de 2 mil pontos nesta \u00e1rea e isso \u00e9 fant\u00e1stico\u201d.&nbsp;<\/p>\n\n\n\n<figure class=\"wp-block-image\"><img decoding=\"async\" src=\"https:\/\/lh7-rt.googleusercontent.com\/docsz\/AD_4nXfH0_OiFojt2tJmf1IYBNg2hNuax6JNoCJwJS7WgfzbbkYWWDiTCRYvdYNpVO5VplwjlWD8u0fhlxv_HP7W40XvBJYpjfUEQDHuqKMDyTkde22mwLQSiuHh5Ijapb4HhMnkiitEY9ZVZL8TBnhRABH-jws9?key=YhQ_CBoo-jQV49RN0Bjqiw\" alt=\"\" \/><\/figure>\n\n\n\n<p>Trabalho de coleta de dados e atualiza\u00e7\u00e3o do MAPA foi feita ao longo de 15 anos por equipe t\u00e9cnica &#8211; Foto: Programa REM MT\/SEMA<\/p>\n\n\n\n<p class=\"has-large-font-size\"><strong>MAPA DE VEGETA\u00c7\u00c3O PRIM\u00c1RIA DE MATO GROSSO<\/strong><\/p>\n\n\n\n<p class=\"has-medium-font-size\">A atualiza\u00e7\u00e3o dos dados sobre a vegeta\u00e7\u00e3o de Mato Grosso ser\u00e1 um importante aliado na fiscaliza\u00e7\u00e3o do desmatamento ilegal no Estado e no entendimento da reserva legal. Ele tamb\u00e9m poder\u00e1 servir de refer\u00eancia para elabora\u00e7\u00e3o dos estudos de Planos de Manejo das Unidades de Conserva\u00e7\u00e3o.<\/p>\n\n\n\n<p class=\"has-medium-font-size\">O ge\u00f3logo e T\u00e9cnico Analista Administrativo da SEPLAG, Juraci de Ozeda Ala filho, participou de todo o processo de constru\u00e7\u00e3o do Mapa de Mato Grosso e falou sobre a import\u00e2ncia dessa atualiza\u00e7\u00e3o: \u201cO estado de Mato Grosso carecia desse trabalho de mapeamento da vegeta\u00e7\u00e3o original, porque, a \u00fanica fonte que n\u00f3s trabalh\u00e1vamos para classificar e autorizar a supress\u00e3o da vegeta\u00e7\u00e3o era o RADAM, que foi feito na d\u00e9cada de 70\u201d.<\/p>\n\n\n\n<p class=\"has-medium-font-size\">O trabalho foi iniciado em 2008, quando foram realizadas diversas expedi\u00e7\u00f5es pelo estado, onde foram realizadas amostragem de pontos com descri\u00e7\u00f5es de par\u00e2metros do ambiente f\u00edsico, estrutura da vegeta\u00e7\u00e3o, formas de vida e identifica\u00e7\u00e3o de esp\u00e9cies florestais arb\u00f3reas e arbustivas, para classificar a tipologia da regi\u00e3o.<\/p>\n\n\n\n<p class=\"has-medium-font-size\">Esse trabalho contou com o apoio do Programa REM MT que destinou recursos para contrata\u00e7\u00e3o de profissionais capacitados durante todo o per\u00edodo de levantamento de dados, assim como equipamentos adquiridos e custeio para a equipe do projeto.<\/p>\n\n\n\n<p class=\"has-medium-font-size\">A previs\u00e3o \u00e9 que o trabalho seja conclu\u00eddo em 2025, culminando na homologa\u00e7\u00e3o, publica\u00e7\u00e3o e disponibiliza\u00e7\u00e3o ao p\u00fablico do novo Mapa da Vegeta\u00e7\u00e3o de Mato Grosso.<\/p>\n\n\n\n<p class=\"has-large-font-size\"><strong>CONHE\u00c7A O REM MT<\/strong><\/p>\n\n\n\n<p class=\"has-medium-font-size\">O <a href=\"https:\/\/remmt.com.br\/\">Programa REM MT <\/a>\u00e9 uma premia\u00e7\u00e3o dos governos da Alemanha e do Reino Unido, por meio do Banco Alem\u00e3o de Desenvolvimento (KfW), ao Estado de Mato Grosso pelos resultados na redu\u00e7\u00e3o do desmatamento. O REM MT beneficia aqueles que contribuem para manter a floresta em p\u00e9, como os agricultores familiares, pequenos e m\u00e9dios produtores que praticam a agropecu\u00e1ria sustent\u00e1vel, povos e comunidades tradicionais e os povos ind\u00edgenas. O REM MT realiza o fomento de iniciativas que estimulam a economia de baixo carbono e a redu\u00e7\u00e3o do desmatamento, a fim de reduzir as emiss\u00f5es de CO2 no planeta.&nbsp;<\/p>\n\n\n\n<p class=\"has-medium-font-size\">O Programa REM MT \u00e9 coordenado pelo Governo do Estado de Mato Grosso, por meio da Secretaria de Estado de Meio Ambiente (SEMA), e tem como gestor financeiro o Fundo Brasileiro para a Biodiversidade (FUNBIO) e a Funda\u00e7\u00e3o Amaz\u00f4nia Sustent\u00e1vel (FAS). Para sugest\u00f5es, reclama\u00e7\u00f5es ou esclarecimentos, fale com a <a href=\"https:\/\/rem.sema.mt.gov.br\/en\/ouvidoria\/\">ouvidoria<\/a> da SEMA pelo telefone: 0800 065 3838 ou <a href=\"https:\/\/wa.me\/556593219997\">(65) 9321-9997<\/a> (<a href=\"https:\/\/wa.me\/556593219997\">WhatsApp) <\/a>.<\/p>\n\n\n\n<p>Por Priscila Soares (REM MT)<\/p>","protected":false},"excerpt":{"rendered":"<p>A atualiza\u00e7\u00e3o das informa\u00e7\u00f5es sobre a vegeta\u00e7\u00e3o presente no estado \u00e9 um importante aliado na fiscaliza\u00e7\u00e3o do desmatamento ilegal O Programa REM MT apoiou o encontro com representantes do Instituto Brasileiro de Geografia e Estat\u00edstica (IBGE), da Secretaria de Estado de Planejamento e Gest\u00e3o do Mato Grosso (SEPLAG) e da Secretaria Estadual de Meio Ambiente [&hellip;]<\/p>","protected":false},"author":4,"featured_media":5973,"comment_status":"open","ping_status":"open","sticky":false,"template":"","format":"standard","meta":{"_eb_attr":"","ocean_post_layout":"","ocean_both_sidebars_style":"","ocean_both_sidebars_content_width":0,"ocean_both_sidebars_sidebars_width":0,"ocean_sidebar":"","ocean_second_sidebar":"","ocean_disable_margins":"enable","ocean_add_body_class":"","ocean_shortcode_before_top_bar":"","ocean_shortcode_after_top_bar":"","ocean_shortcode_before_header":"","ocean_shortcode_after_header":"","ocean_has_shortcode":"","ocean_shortcode_after_title":"","ocean_shortcode_before_footer_widgets":"","ocean_shortcode_after_footer_widgets":"","ocean_shortcode_before_footer_bottom":"","ocean_shortcode_after_footer_bottom":"","ocean_display_top_bar":"default","ocean_display_header":"default","ocean_header_style":"","ocean_center_header_left_menu":"","ocean_custom_header_template":"","ocean_custom_logo":0,"ocean_custom_retina_logo":0,"ocean_custom_logo_max_width":0,"ocean_custom_logo_tablet_max_width":0,"ocean_custom_logo_mobile_max_width":0,"ocean_custom_logo_max_height":0,"ocean_custom_logo_tablet_max_height":0,"ocean_custom_logo_mobile_max_height":0,"ocean_header_custom_menu":"","ocean_menu_typo_font_family":"","ocean_menu_typo_font_subset":"","ocean_menu_typo_font_size":0,"ocean_menu_typo_font_size_tablet":0,"ocean_menu_typo_font_size_mobile":0,"ocean_menu_typo_font_size_unit":"px","ocean_menu_typo_font_weight":"","ocean_menu_typo_font_weight_tablet":"","ocean_menu_typo_font_weight_mobile":"","ocean_menu_typo_transform":"","ocean_menu_typo_transform_tablet":"","ocean_menu_typo_transform_mobile":"","ocean_menu_typo_line_height":0,"ocean_menu_typo_line_height_tablet":0,"ocean_menu_typo_line_height_mobile":0,"ocean_menu_typo_line_height_unit":"","ocean_menu_typo_spacing":0,"ocean_menu_typo_spacing_tablet":0,"ocean_menu_typo_spacing_mobile":0,"ocean_menu_typo_spacing_unit":"","ocean_menu_link_color":"","ocean_menu_link_color_hover":"","ocean_menu_link_color_active":"","ocean_menu_link_background":"","ocean_menu_link_hover_background":"","ocean_menu_link_active_background":"","ocean_menu_social_links_bg":"","ocean_menu_social_hover_links_bg":"","ocean_menu_social_links_color":"","ocean_menu_social_hover_links_color":"","ocean_disable_title":"default","ocean_disable_heading":"default","ocean_post_title":"","ocean_post_subheading":"","ocean_post_title_style":"","ocean_post_title_background_color":"","ocean_post_title_background":0,"ocean_post_title_bg_image_position":"","ocean_post_title_bg_image_attachment":"","ocean_post_title_bg_image_repeat":"","ocean_post_title_bg_image_size":"","ocean_post_title_height":0,"ocean_post_title_bg_overlay":0.5,"ocean_post_title_bg_overlay_color":"","ocean_disable_breadcrumbs":"default","ocean_breadcrumbs_color":"","ocean_breadcrumbs_separator_color":"","ocean_breadcrumbs_links_color":"","ocean_breadcrumbs_links_hover_color":"","ocean_display_footer_widgets":"default","ocean_display_footer_bottom":"default","ocean_custom_footer_template":"","ocean_post_oembed":"","ocean_post_self_hosted_media":"","ocean_post_video_embed":"","ocean_link_format":"","ocean_link_format_target":"self","ocean_quote_format":"","ocean_quote_format_link":"post","ocean_gallery_link_images":"on","ocean_gallery_id":[],"footnotes":""},"categories":[41,19],"tags":[146,78,81,79,118,110],"class_list":["post-5972","post","type-post","status-publish","format-standard","has-post-thumbnail","hentry","category-fortalecimento-institucional","category-noticias","tag-mapa-da-vegetacao","tag-mato-grosso","tag-preservacao-ambiental","tag-programa-rem-mt","tag-sustentabilidade","tag-vegetacao","entry","has-media"],"yoast_head":"<!-- This site is optimized with the Yoast SEO plugin v27.5 - https:\/\/yoast.com\/product\/yoast-seo-wordpress\/ -->\n<title>Reuni\u00e3o da SEPLAG e SEMA com IBGE traz avan\u00e7os para a homologa\u00e7\u00e3o do Mapa da Vegeta\u00e7\u00e3o Prim\u00e1ria de Mato Grosso - REM<\/title>\n<meta name=\"description\" content=\"O Programa REM MT apoiou o encontro com representantes do Instituto Brasileiro de Geografia e Estat\u00edstica (IBGE), da Secretaria de Estado de Planejamento e Gest\u00e3o do Mato Grosso (SEPLAG) e da Secretaria Estadual de Meio Ambiente (SEMA) que realizou o acompanhamento das atividades necess\u00e1rias ao processo de homologa\u00e7\u00e3o do Mapa da Vegeta\u00e7\u00e3o Prim\u00e1ria de Mato Grosso.\" \/>\n<meta name=\"robots\" content=\"index, follow, max-snippet:-1, max-image-preview:large, max-video-preview:-1\" \/>\n<link rel=\"canonical\" href=\"https:\/\/rem.sema.mt.gov.br\/en\/noticias\/reuniao-da-seplag-e-sema-com-ibge-traz-avancos-para-a-homologacao-do-mapa-da-vegetacao-primaria-de-mato-grosso\/\" \/>\n<meta property=\"og:locale\" content=\"en_US\" \/>\n<meta property=\"og:type\" content=\"article\" \/>\n<meta property=\"og:title\" content=\"Reuni\u00e3o da SEPLAG e SEMA com IBGE traz avan\u00e7os para a homologa\u00e7\u00e3o do Mapa da Vegeta\u00e7\u00e3o Prim\u00e1ria de Mato Grosso - REM\" \/>\n<meta property=\"og:description\" content=\"O Programa REM MT apoiou o encontro com representantes do Instituto Brasileiro de Geografia e Estat\u00edstica (IBGE), da Secretaria de Estado de Planejamento e Gest\u00e3o do Mato Grosso (SEPLAG) e da Secretaria Estadual de Meio Ambiente (SEMA) que realizou o acompanhamento das atividades necess\u00e1rias ao processo de homologa\u00e7\u00e3o do Mapa da Vegeta\u00e7\u00e3o Prim\u00e1ria de Mato Grosso.\" \/>\n<meta property=\"og:url\" content=\"https:\/\/rem.sema.mt.gov.br\/en\/noticias\/reuniao-da-seplag-e-sema-com-ibge-traz-avancos-para-a-homologacao-do-mapa-da-vegetacao-primaria-de-mato-grosso\/\" \/>\n<meta property=\"og:site_name\" content=\"REM\" \/>\n<meta property=\"article:published_time\" content=\"2024-11-01T15:04:28+00:00\" \/>\n<meta property=\"article:modified_time\" content=\"2024-11-01T15:04:31+00:00\" \/>\n<meta property=\"og:image\" content=\"https:\/\/rem.sema.mt.gov.br\/wp-content\/uploads\/2024\/11\/sFsfSF.jpg\" \/>\n\t<meta property=\"og:image:width\" content=\"1600\" \/>\n\t<meta property=\"og:image:height\" content=\"1066\" \/>\n\t<meta property=\"og:image:type\" content=\"image\/jpeg\" \/>\n<meta name=\"author\" content=\"REM MT\" \/>\n<meta name=\"twitter:card\" content=\"summary_large_image\" \/>\n<meta name=\"twitter:label1\" content=\"Written by\" \/>\n\t<meta name=\"twitter:data1\" content=\"REM MT\" \/>\n\t<meta name=\"twitter:label2\" content=\"Est. reading time\" \/>\n\t<meta name=\"twitter:data2\" content=\"5 minutes\" \/>\n<script type=\"application\/ld+json\" class=\"yoast-schema-graph\">{\"@context\":\"https:\\\/\\\/schema.org\",\"@graph\":[{\"@type\":\"WebPage\",\"@id\":\"https:\\\/\\\/rem.sema.mt.gov.br\\\/en\\\/noticias\\\/reuniao-da-seplag-e-sema-com-ibge-traz-avancos-para-a-homologacao-do-mapa-da-vegetacao-primaria-de-mato-grosso\\\/\",\"url\":\"https:\\\/\\\/rem.sema.mt.gov.br\\\/en\\\/noticias\\\/reuniao-da-seplag-e-sema-com-ibge-traz-avancos-para-a-homologacao-do-mapa-da-vegetacao-primaria-de-mato-grosso\\\/\",\"name\":\"Reuni\u00e3o da SEPLAG e SEMA com IBGE traz avan\u00e7os para a homologa\u00e7\u00e3o do Mapa da Vegeta\u00e7\u00e3o Prim\u00e1ria de Mato Grosso - REM\",\"isPartOf\":{\"@id\":\"https:\\\/\\\/rem.sema.mt.gov.br\\\/#website\"},\"primaryImageOfPage\":{\"@id\":\"https:\\\/\\\/rem.sema.mt.gov.br\\\/en\\\/noticias\\\/reuniao-da-seplag-e-sema-com-ibge-traz-avancos-para-a-homologacao-do-mapa-da-vegetacao-primaria-de-mato-grosso\\\/#primaryimage\"},\"image\":{\"@id\":\"https:\\\/\\\/rem.sema.mt.gov.br\\\/en\\\/noticias\\\/reuniao-da-seplag-e-sema-com-ibge-traz-avancos-para-a-homologacao-do-mapa-da-vegetacao-primaria-de-mato-grosso\\\/#primaryimage\"},\"thumbnailUrl\":\"https:\\\/\\\/rem.sema.mt.gov.br\\\/wp-content\\\/uploads\\\/2024\\\/11\\\/sFsfSF.jpg\",\"datePublished\":\"2024-11-01T15:04:28+00:00\",\"dateModified\":\"2024-11-01T15:04:31+00:00\",\"author\":{\"@id\":\"https:\\\/\\\/rem.sema.mt.gov.br\\\/#\\\/schema\\\/person\\\/d7f162d30bdd095e4a02c2e5f5d4b221\"},\"description\":\"O Programa REM MT apoiou o encontro com representantes do Instituto Brasileiro de Geografia e Estat\u00edstica (IBGE), da Secretaria de Estado de Planejamento e Gest\u00e3o do Mato Grosso (SEPLAG) e da Secretaria Estadual de Meio Ambiente (SEMA) que realizou o acompanhamento das atividades necess\u00e1rias ao processo de homologa\u00e7\u00e3o do Mapa da Vegeta\u00e7\u00e3o Prim\u00e1ria de Mato Grosso.\",\"breadcrumb\":{\"@id\":\"https:\\\/\\\/rem.sema.mt.gov.br\\\/en\\\/noticias\\\/reuniao-da-seplag-e-sema-com-ibge-traz-avancos-para-a-homologacao-do-mapa-da-vegetacao-primaria-de-mato-grosso\\\/#breadcrumb\"},\"inLanguage\":\"en-US\",\"potentialAction\":[{\"@type\":\"ReadAction\",\"target\":[\"https:\\\/\\\/rem.sema.mt.gov.br\\\/en\\\/noticias\\\/reuniao-da-seplag-e-sema-com-ibge-traz-avancos-para-a-homologacao-do-mapa-da-vegetacao-primaria-de-mato-grosso\\\/\"]}]},{\"@type\":\"ImageObject\",\"inLanguage\":\"en-US\",\"@id\":\"https:\\\/\\\/rem.sema.mt.gov.br\\\/en\\\/noticias\\\/reuniao-da-seplag-e-sema-com-ibge-traz-avancos-para-a-homologacao-do-mapa-da-vegetacao-primaria-de-mato-grosso\\\/#primaryimage\",\"url\":\"https:\\\/\\\/rem.sema.mt.gov.br\\\/wp-content\\\/uploads\\\/2024\\\/11\\\/sFsfSF.jpg\",\"contentUrl\":\"https:\\\/\\\/rem.sema.mt.gov.br\\\/wp-content\\\/uploads\\\/2024\\\/11\\\/sFsfSF.jpg\",\"width\":1600,\"height\":1066,\"caption\":\"Estavam presentes na reuni\u00e3o representantes do Programa REM MT, IBGE, SEPLAG e SEMA - Foto: Fernanda Fidelis\\\/Programa REM MT\"},{\"@type\":\"BreadcrumbList\",\"@id\":\"https:\\\/\\\/rem.sema.mt.gov.br\\\/en\\\/noticias\\\/reuniao-da-seplag-e-sema-com-ibge-traz-avancos-para-a-homologacao-do-mapa-da-vegetacao-primaria-de-mato-grosso\\\/#breadcrumb\",\"itemListElement\":[{\"@type\":\"ListItem\",\"position\":1,\"name\":\"In\u00edcio\",\"item\":\"https:\\\/\\\/rem.sema.mt.gov.br\\\/\"},{\"@type\":\"ListItem\",\"position\":2,\"name\":\"Reuni\u00e3o da SEPLAG e SEMA com IBGE traz avan\u00e7os para a homologa\u00e7\u00e3o do Mapa da Vegeta\u00e7\u00e3o Prim\u00e1ria de Mato Grosso\"}]},{\"@type\":\"WebSite\",\"@id\":\"https:\\\/\\\/rem.sema.mt.gov.br\\\/#website\",\"url\":\"https:\\\/\\\/rem.sema.mt.gov.br\\\/\",\"name\":\"REM\",\"description\":\"Mato Grosso\",\"potentialAction\":[{\"@type\":\"SearchAction\",\"target\":{\"@type\":\"EntryPoint\",\"urlTemplate\":\"https:\\\/\\\/rem.sema.mt.gov.br\\\/?s={search_term_string}\"},\"query-input\":{\"@type\":\"PropertyValueSpecification\",\"valueRequired\":true,\"valueName\":\"search_term_string\"}}],\"inLanguage\":\"en-US\"}]}<\/script>\n<!-- \/ Yoast SEO plugin. -->","yoast_head_json":{"title":"Reuni\u00e3o da SEPLAG e SEMA com IBGE traz avan\u00e7os para a homologa\u00e7\u00e3o do Mapa da Vegeta\u00e7\u00e3o Prim\u00e1ria de Mato Grosso - REM","description":"O Programa REM MT apoiou o encontro com representantes do Instituto Brasileiro de Geografia e Estat\u00edstica (IBGE), da Secretaria de Estado de Planejamento e Gest\u00e3o do Mato Grosso (SEPLAG) e da Secretaria Estadual de Meio Ambiente (SEMA) que realizou o acompanhamento das atividades necess\u00e1rias ao processo de homologa\u00e7\u00e3o do Mapa da Vegeta\u00e7\u00e3o Prim\u00e1ria de Mato Grosso.","robots":{"index":"index","follow":"follow","max-snippet":"max-snippet:-1","max-image-preview":"max-image-preview:large","max-video-preview":"max-video-preview:-1"},"canonical":"https:\/\/rem.sema.mt.gov.br\/en\/noticias\/reuniao-da-seplag-e-sema-com-ibge-traz-avancos-para-a-homologacao-do-mapa-da-vegetacao-primaria-de-mato-grosso\/","og_locale":"en_US","og_type":"article","og_title":"Reuni\u00e3o da SEPLAG e SEMA com IBGE traz avan\u00e7os para a homologa\u00e7\u00e3o do Mapa da Vegeta\u00e7\u00e3o Prim\u00e1ria de Mato Grosso - REM","og_description":"O Programa REM MT apoiou o encontro com representantes do Instituto Brasileiro de Geografia e Estat\u00edstica (IBGE), da Secretaria de Estado de Planejamento e Gest\u00e3o do Mato Grosso (SEPLAG) e da Secretaria Estadual de Meio Ambiente (SEMA) que realizou o acompanhamento das atividades necess\u00e1rias ao processo de homologa\u00e7\u00e3o do Mapa da Vegeta\u00e7\u00e3o Prim\u00e1ria de Mato Grosso.","og_url":"https:\/\/rem.sema.mt.gov.br\/en\/noticias\/reuniao-da-seplag-e-sema-com-ibge-traz-avancos-para-a-homologacao-do-mapa-da-vegetacao-primaria-de-mato-grosso\/","og_site_name":"REM","article_published_time":"2024-11-01T15:04:28+00:00","article_modified_time":"2024-11-01T15:04:31+00:00","og_image":[{"width":1600,"height":1066,"url":"https:\/\/rem.sema.mt.gov.br\/wp-content\/uploads\/2024\/11\/sFsfSF.jpg","type":"image\/jpeg"}],"author":"REM MT","twitter_card":"summary_large_image","twitter_misc":{"Written by":"REM MT","Est. reading time":"5 minutes"},"schema":{"@context":"https:\/\/schema.org","@graph":[{"@type":"WebPage","@id":"https:\/\/rem.sema.mt.gov.br\/en\/noticias\/reuniao-da-seplag-e-sema-com-ibge-traz-avancos-para-a-homologacao-do-mapa-da-vegetacao-primaria-de-mato-grosso\/","url":"https:\/\/rem.sema.mt.gov.br\/en\/noticias\/reuniao-da-seplag-e-sema-com-ibge-traz-avancos-para-a-homologacao-do-mapa-da-vegetacao-primaria-de-mato-grosso\/","name":"Reuni\u00e3o da SEPLAG e SEMA com IBGE traz avan\u00e7os para a homologa\u00e7\u00e3o do Mapa da Vegeta\u00e7\u00e3o Prim\u00e1ria de Mato Grosso - REM","isPartOf":{"@id":"https:\/\/rem.sema.mt.gov.br\/#website"},"primaryImageOfPage":{"@id":"https:\/\/rem.sema.mt.gov.br\/en\/noticias\/reuniao-da-seplag-e-sema-com-ibge-traz-avancos-para-a-homologacao-do-mapa-da-vegetacao-primaria-de-mato-grosso\/#primaryimage"},"image":{"@id":"https:\/\/rem.sema.mt.gov.br\/en\/noticias\/reuniao-da-seplag-e-sema-com-ibge-traz-avancos-para-a-homologacao-do-mapa-da-vegetacao-primaria-de-mato-grosso\/#primaryimage"},"thumbnailUrl":"https:\/\/rem.sema.mt.gov.br\/wp-content\/uploads\/2024\/11\/sFsfSF.jpg","datePublished":"2024-11-01T15:04:28+00:00","dateModified":"2024-11-01T15:04:31+00:00","author":{"@id":"https:\/\/rem.sema.mt.gov.br\/#\/schema\/person\/d7f162d30bdd095e4a02c2e5f5d4b221"},"description":"O Programa REM MT apoiou o encontro com representantes do Instituto Brasileiro de Geografia e Estat\u00edstica (IBGE), da Secretaria de Estado de Planejamento e Gest\u00e3o do Mato Grosso (SEPLAG) e da Secretaria Estadual de Meio Ambiente (SEMA) que realizou o acompanhamento das atividades necess\u00e1rias ao processo de homologa\u00e7\u00e3o do Mapa da Vegeta\u00e7\u00e3o Prim\u00e1ria de Mato Grosso.","breadcrumb":{"@id":"https:\/\/rem.sema.mt.gov.br\/en\/noticias\/reuniao-da-seplag-e-sema-com-ibge-traz-avancos-para-a-homologacao-do-mapa-da-vegetacao-primaria-de-mato-grosso\/#breadcrumb"},"inLanguage":"en-US","potentialAction":[{"@type":"ReadAction","target":["https:\/\/rem.sema.mt.gov.br\/en\/noticias\/reuniao-da-seplag-e-sema-com-ibge-traz-avancos-para-a-homologacao-do-mapa-da-vegetacao-primaria-de-mato-grosso\/"]}]},{"@type":"ImageObject","inLanguage":"en-US","@id":"https:\/\/rem.sema.mt.gov.br\/en\/noticias\/reuniao-da-seplag-e-sema-com-ibge-traz-avancos-para-a-homologacao-do-mapa-da-vegetacao-primaria-de-mato-grosso\/#primaryimage","url":"https:\/\/rem.sema.mt.gov.br\/wp-content\/uploads\/2024\/11\/sFsfSF.jpg","contentUrl":"https:\/\/rem.sema.mt.gov.br\/wp-content\/uploads\/2024\/11\/sFsfSF.jpg","width":1600,"height":1066,"caption":"Estavam presentes na reuni\u00e3o representantes do Programa REM MT, IBGE, SEPLAG e SEMA - Foto: Fernanda Fidelis\/Programa REM MT"},{"@type":"BreadcrumbList","@id":"https:\/\/rem.sema.mt.gov.br\/en\/noticias\/reuniao-da-seplag-e-sema-com-ibge-traz-avancos-para-a-homologacao-do-mapa-da-vegetacao-primaria-de-mato-grosso\/#breadcrumb","itemListElement":[{"@type":"ListItem","position":1,"name":"In\u00edcio","item":"https:\/\/rem.sema.mt.gov.br\/"},{"@type":"ListItem","position":2,"name":"Reuni\u00e3o da SEPLAG e SEMA com IBGE traz avan\u00e7os para a homologa\u00e7\u00e3o do Mapa da Vegeta\u00e7\u00e3o Prim\u00e1ria de Mato Grosso"}]},{"@type":"WebSite","@id":"https:\/\/rem.sema.mt.gov.br\/#website","url":"https:\/\/rem.sema.mt.gov.br\/","name":"REM","description":"Mato Grosso","potentialAction":[{"@type":"SearchAction","target":{"@type":"EntryPoint","urlTemplate":"https:\/\/rem.sema.mt.gov.br\/?s={search_term_string}"},"query-input":{"@type":"PropertyValueSpecification","valueRequired":true,"valueName":"search_term_string"}}],"inLanguage":"en-US"}]}},"_links":{"self":[{"href":"https:\/\/rem.sema.mt.gov.br\/en\/wp-json\/wp\/v2\/posts\/5972","targetHints":{"allow":["GET"]}}],"collection":[{"href":"https:\/\/rem.sema.mt.gov.br\/en\/wp-json\/wp\/v2\/posts"}],"about":[{"href":"https:\/\/rem.sema.mt.gov.br\/en\/wp-json\/wp\/v2\/types\/post"}],"author":[{"embeddable":true,"href":"https:\/\/rem.sema.mt.gov.br\/en\/wp-json\/wp\/v2\/users\/4"}],"replies":[{"embeddable":true,"href":"https:\/\/rem.sema.mt.gov.br\/en\/wp-json\/wp\/v2\/comments?post=5972"}],"version-history":[{"count":2,"href":"https:\/\/rem.sema.mt.gov.br\/en\/wp-json\/wp\/v2\/posts\/5972\/revisions"}],"predecessor-version":[{"id":6203,"href":"https:\/\/rem.sema.mt.gov.br\/en\/wp-json\/wp\/v2\/posts\/5972\/revisions\/6203"}],"wp:featuredmedia":[{"embeddable":true,"href":"https:\/\/rem.sema.mt.gov.br\/en\/wp-json\/wp\/v2\/media\/5973"}],"wp:attachment":[{"href":"https:\/\/rem.sema.mt.gov.br\/en\/wp-json\/wp\/v2\/media?parent=5972"}],"wp:term":[{"taxonomy":"category","embeddable":true,"href":"https:\/\/rem.sema.mt.gov.br\/en\/wp-json\/wp\/v2\/categories?post=5972"},{"taxonomy":"post_tag","embeddable":true,"href":"https:\/\/rem.sema.mt.gov.br\/en\/wp-json\/wp\/v2\/tags?post=5972"}],"curies":[{"name":"wp","href":"https:\/\/api.w.org\/{rel}","templated":true}]}}