{"id":6622,"date":"2025-05-13T11:59:03","date_gmt":"2025-05-13T14:59:03","guid":{"rendered":"https:\/\/rem.sema.mt.gov.br\/?p=6622"},"modified":"2025-05-13T11:59:04","modified_gmt":"2025-05-13T14:59:04","slug":"povos-indigenas-de-juara-e-rondolandia-celebram-aprovacao-de-projetos-pela-conab-no-valor-de-r43-milhoes","status":"publish","type":"post","link":"https:\/\/rem.sema.mt.gov.br\/en\/noticias\/povos-indigenas-de-juara-e-rondolandia-celebram-aprovacao-de-projetos-pela-conab-no-valor-de-r43-milhoes\/","title":{"rendered":"Povos ind\u00edgenas de Juara e Rondol\u00e2ndia celebram aprova\u00e7\u00e3o de projetos pela Conab no valor de R$4,3 milh\u00f5es"},"content":{"rendered":"<p><em>Iniciativa apoiada pelo REM MT fortalece a cadeia da castanha-da-Amaz\u00f4nia, garante renda justa para povos ind\u00edgenas e promove conserva\u00e7\u00e3o da floresta em Mato Grosso<\/em><br><\/p>\n\n\n\n<p class=\"has-medium-font-size\">O Projeto Man Gap, apoiado pelo Programa REM MT, teve uma importante conquista com a aprova\u00e7\u00e3o de tr\u00eas projetos no valor de R$4,3 milh\u00f5es pela Companhia Nacional de Abastecimento (Conab), sendo que um deles est\u00e1 em conclus\u00e3o e dois em contrata\u00e7\u00e3o para in\u00edcio da comercializa\u00e7\u00e3o da produ\u00e7\u00e3o por meio do Programa de Aquisi\u00e7\u00e3o de Alimentos (PAA). Com isso, ser\u00e1 realizada a compra de castanha beneficiada produzida por quatro povos ind\u00edgenas do munic\u00edpio de Juara, com destino a diversas escolas da rede p\u00fablica do munic\u00edpio.<\/p>\n\n\n\n<p class=\"has-medium-font-size\">A iniciativa foi aprovada como a segunda melhor classificada na categoria acima de R$750 mil entre os projetos do estado de Mato Grosso, e representa um marco para os povos Apiak\u00e1, Kayabi, Munduruku e Zor\u00f3, respons\u00e1veis por esse projeto. O Man Gap conta com o apoio de uma ampla rede de parceiros, incluindo a Prefeitura de Juara,&nbsp; Secretaria de Estado de Educa\u00e7\u00e3o (SEDUC), Secretaria de Estado da Sa\u00fade (SESAU), Centro de Refer\u00eancia de Assist\u00eancia Social (CRAS) e da&nbsp; Funda\u00e7\u00e3o Nacional dos Povos Ind\u00edgenas (FUNAI).<\/p>\n\n\n\n<h3 class=\"wp-block-heading has-large-font-size\"><strong>VALORIZA\u00c7\u00c3O DOS PRODUTOS DA SOCIOBIODIVERSIDADE<\/strong><\/h3>\n\n\n\n<p class=\"has-medium-font-size\">O coordenador do projeto, Paulo C\u00e9sar Nunes, conta que historicamente, as comunidades ind\u00edgenas da regi\u00e3o realizavam a coleta da castanha-da-Amaz\u00f4nia e a vendiam <em>in natura<\/em> para intermedi\u00e1rios, sob condi\u00e7\u00f5es de extrema desvantagem. Nas \u00faltimas d\u00e9cadas, pr\u00e1ticas que n\u00e3o beneficiam os povos ind\u00edgenas, como o escambo e o adiantamento com juros elevados, mantinham os extrativistas em um ciclo de endividamento e explora\u00e7\u00e3o. O Projeto Man Gap surgiu para estruturar a cadeia, com um valor justo e com pr\u00e1ticas sustent\u00e1veis, al\u00e9m de fomentar o protagonismo dos povos ind\u00edgenas.&nbsp;<\/p>\n\n\n\n<p class=\"has-medium-font-size\">\u201cO principal objetivo do Projeto Man Gap \u00e9 o desenvolvimento da Cadeia de Valor da Amaz\u00f4nia, nas terras ind\u00edgenas Zor\u00f3 e Apiak\u00e1-Kaybi, munic\u00edpios de Rondol\u00e2ndia e Juara, de modo a transformar o que era um c\u00edrculo vicioso de d\u00edvidas e trabalho for\u00e7ado ininterrupto pelos ind\u00edgenas, para um c\u00edrculo virtuoso de prosperidade, empoderamento, dignidade humana e orgulho de realizarem um trabalho nobre, valorizado, que mant\u00e9m a cultura deles e, ao mesmo tempo, protege o territ\u00f3rio. \u00c0 medida que o pre\u00e7o pago pela castanha aumenta, mais fam\u00edlias ind\u00edgenas se envolvem na coleta e mais distante os extrativistas v\u00e3o buscar a castanha, o que ajuda a fiscalizar o territ\u00f3rio\u201d, disse Paulo.<\/p>\n\n\n\n<figure class=\"wp-block-image size-large\"><img fetchpriority=\"high\" decoding=\"async\" width=\"1024\" height=\"684\" src=\"https:\/\/rem.sema.mt.gov.br\/wp-content\/uploads\/2025\/05\/sdjukks-1024x684.jpg\" alt=\"\" class=\"wp-image-6623\" srcset=\"https:\/\/rem.sema.mt.gov.br\/wp-content\/uploads\/2025\/05\/sdjukks-1024x684.jpg 1024w, https:\/\/rem.sema.mt.gov.br\/wp-content\/uploads\/2025\/05\/sdjukks-300x200.jpg 300w, https:\/\/rem.sema.mt.gov.br\/wp-content\/uploads\/2025\/05\/sdjukks-768x513.jpg 768w, https:\/\/rem.sema.mt.gov.br\/wp-content\/uploads\/2025\/05\/sdjukks-1536x1025.jpg 1536w, https:\/\/rem.sema.mt.gov.br\/wp-content\/uploads\/2025\/05\/sdjukks-18x12.jpg 18w, https:\/\/rem.sema.mt.gov.br\/wp-content\/uploads\/2025\/05\/sdjukks.jpg 1600w\" sizes=\"(max-width: 1024px) 100vw, 1024px\" \/><\/figure>\n\n\n\n<p>Mulheres ind\u00edgenas em atividade de beneficiamento da castanha \u2014 protagonismo feminino na cadeia da sociobiodiversidade &#8211; Foto: Programa REM MT<\/p>\n\n\n\n<p class=\"has-medium-font-size\">O projeto atua em atividades como a gest\u00e3o financeira do Fundo Rotativo Solid\u00e1rio Ind\u00edgena, que tamb\u00e9m recebeu apoio do Programa REM MT para sua estrutura\u00e7\u00e3o. O fundo fomenta o empoderamento das lideran\u00e7as e garante o capital de giro necess\u00e1rio para o beneficiamento e comercializa\u00e7\u00e3o da castanha dentro dos pr\u00f3prios territ\u00f3rios.&nbsp;<\/p>\n\n\n\n<p class=\"has-medium-font-size\">Essa estrat\u00e9gia resultou na aprova\u00e7\u00e3o de tr\u00eas projetos junto \u00e0 Conab, totalizando R$4,3 milh\u00f5es at\u00e9 o final de 2025, destinados \u00e0 compra de 54 toneladas de castanha beneficiada, que ir\u00e3o alimentar 54 mil pessoas em situa\u00e7\u00e3o de vulnerabilidade nos munic\u00edpios de Juara e Rondol\u00e2ndia.<\/p>\n\n\n\n<p class=\"has-medium-font-size\">O projeto Man Gap tamb\u00e9m fomenta a participa\u00e7\u00e3o de mulheres e jovens, gerando impactos diretos na forma\u00e7\u00e3o de uma nova gera\u00e7\u00e3o de lideran\u00e7as ind\u00edgenas. Estudantes da Universidade do Estado de Mato Grosso (UNEMAT), por exemplo, j\u00e1 desenvolvem trabalhos de conclus\u00e3o de curso sobre a cadeia da castanha na Terra Ind\u00edgena Apiak\u00e1-Kayabi.<\/p>\n\n\n\n<p class=\"has-medium-font-size\">A castanha coletada tamb\u00e9m voltar\u00e1, inclusive, \u00e0 mesa das fam\u00edlias, refor\u00e7ando h\u00e1bitos alimentares saud\u00e1veis e a seguran\u00e7a alimentar dos povos. As escolas ind\u00edgenas beneficiadas com o produto tamb\u00e9m se tornam espa\u00e7os de valoriza\u00e7\u00e3o cultural e de conscientiza\u00e7\u00e3o das novas gera\u00e7\u00f5es sobre a import\u00e2ncia da floresta em p\u00e9 e do trabalho de seus pais e av\u00f3s.<\/p>\n\n\n\n<h3 class=\"wp-block-heading has-large-font-size\"><strong>F\u00c1BRICA DE BENEFICIAMENTO DE CASTANHAS&nbsp;<\/strong><\/h3>\n\n\n\n<p class=\"has-medium-font-size\">O Programa REM MT apoia, desde 2022, o projeto Man Gap e em 25 de abril de 2024, o programa inaugurou a f\u00e1brica de beneficiamento de castanha-da-Amaz\u00f4nia da Terra Ind\u00edgena Zor\u00f3, localizada na aldeia Guwa Puxurej, em Rondol\u00e2ndia. O evento reuniu 32 aldeias Zor\u00f3 representadas por seus caciques, al\u00e9m de autoridades da Secretaria de Estado do Meio Ambiente (SEMA), Secretaria de Estado de Agricultura Familiar (SEAF), Secretaria de Estado de Assist\u00eancia Social e Cidadania (SETASC) e Conab.<\/p>\n\n\n\n<figure class=\"wp-block-image size-large\"><img decoding=\"async\" width=\"1024\" height=\"683\" src=\"https:\/\/rem.sema.mt.gov.br\/wp-content\/uploads\/2025\/05\/IMG_1627-1024x683.jpg\" alt=\"\" class=\"wp-image-6624\" srcset=\"https:\/\/rem.sema.mt.gov.br\/wp-content\/uploads\/2025\/05\/IMG_1627-1024x683.jpg 1024w, https:\/\/rem.sema.mt.gov.br\/wp-content\/uploads\/2025\/05\/IMG_1627-300x200.jpg 300w, https:\/\/rem.sema.mt.gov.br\/wp-content\/uploads\/2025\/05\/IMG_1627-768x512.jpg 768w, https:\/\/rem.sema.mt.gov.br\/wp-content\/uploads\/2025\/05\/IMG_1627-1536x1024.jpg 1536w, https:\/\/rem.sema.mt.gov.br\/wp-content\/uploads\/2025\/05\/IMG_1627-2048x1365.jpg 2048w, https:\/\/rem.sema.mt.gov.br\/wp-content\/uploads\/2025\/05\/IMG_1627-18x12.jpg 18w\" sizes=\"(max-width: 1024px) 100vw, 1024px\" \/><\/figure>\n\n\n\n<p>F\u00e1brica constru\u00edda com apoio do Programa REM MT marcou nova fase de autonomia e renda para o povo Zor\u00f3 &#8211; Foto: Priscila Soares\/Programa REM MT<\/p>\n\n\n\n<p class=\"has-medium-font-size\">\u201cO apoio do Programa REM MT foi fundamental para o desenvolvimento desta cadeia de valor nos dois territ\u00f3rios ind\u00edgenas, localizados na regi\u00e3o com o maior maci\u00e7o de floresta amaz\u00f4nica do estado. O que o REM fez foi olhar para dentro das comunidades, a partir da valoriza\u00e7\u00e3o interna, do trabalho das pessoas e da conserva\u00e7\u00e3o dos recursos naturais que s\u00e3o vitais \u00e0 vida desses povos. Por este motivo as comunidades agradecem aos doadores e ao Governo do Estado\u201d, destacou Paulo Nunes.<\/p>\n\n\n\n<p class=\"has-medium-font-size\">Com o sucesso da iniciativa, o Projeto Man Gap se consolida como uma refer\u00eancia para a replica\u00e7\u00e3o de estrat\u00e9gias de valoriza\u00e7\u00e3o da sociobiodiversidade e gera\u00e7\u00e3o de renda em territ\u00f3rios ind\u00edgenas. O apoio do Programa REM MT segue sendo fundamental para fortalecer a autonomia das comunidades, ampliar o alcance do mercado institucional e garantir que mais fam\u00edlias possam viver com dignidade, mantendo vivas suas tradi\u00e7\u00f5es e protegendo as florestas.<\/p>\n\n\n\n<p class=\"has-large-font-size\"><strong>CONHE\u00c7A O REM MT<\/strong><\/p>\n\n\n\n<p class=\"has-medium-font-size\">O <a href=\"https:\/\/rem.sema.mt.gov.br\/en\/\">Programa REM MT <\/a>\u00e9 uma premia\u00e7\u00e3o dos governos da Alemanha e do Reino Unido, por meio do Banco Alem\u00e3o de Desenvolvimento (KfW), ao Estado de Mato Grosso pelos resultados na redu\u00e7\u00e3o do desmatamento.&nbsp;<\/p>\n\n\n\n<p class=\"has-medium-font-size\">Na fase I do Programa REM MT, foram apoiados 157 projetos, beneficiando 144 organiza\u00e7\u00f5es sociais, entre elas, 114 associa\u00e7\u00f5es ou cooperativas. Os projetos abrangem os tr\u00eas biomas de Mato Grosso: Amaz\u00f4nia, Cerrado e Pantanal.<\/p>\n\n\n\n<p class=\"has-medium-font-size\">Dentre os resultados alcan\u00e7ados pelo programa, se destacam as 603 aldeias atendidas, onde vivem 43 povos ind\u00edgenas, os 107 munic\u00edpios mato-grossenses beneficiados, as mais de 35 mil pessoas atendidas e os 160 mil hectares de desmatamento evitados em Mato Grosso por meio da atua\u00e7\u00e3o do REM MT, nos anos de 2021 e 2022.&nbsp;&nbsp;<\/p>\n\n\n\n<p class=\"has-medium-font-size\">O Programa REM MT \u00e9 coordenado pelo Governo do Estado de Mato Grosso, por meio da Secretaria de Estado de Meio Ambiente (SEMA), e tem como gestores financeiros o Fundo Brasileiro para a Biodiversidade (FUNBIO) e a Funda\u00e7\u00e3o Amaz\u00f4nia Sustent\u00e1vel (FAS). Para sugest\u00f5es, reclama\u00e7\u00f5es ou esclarecimentos, fale com a <a href=\"https:\/\/rem.sema.mt.gov.br\/en\/ouvidoria\/\">ouvidoria<\/a> da SEMA pelo telefone: 0800 065 3838 ou <a href=\"https:\/\/wa.me\/556593219997\">(65) 99321-9997<\/a> (<a href=\"https:\/\/wa.me\/556593219997\">WhatsApp) <\/a>.<\/p>\n\n\n\n<p>Por Priscila Soares (REM MT)<\/p>","protected":false},"excerpt":{"rendered":"<p>Iniciativa apoiada pelo REM MT fortalece a cadeia da castanha-da-Amaz\u00f4nia, garante renda justa para povos ind\u00edgenas e promove conserva\u00e7\u00e3o da floresta em Mato Grosso O Projeto Man Gap, apoiado pelo Programa REM MT, teve uma importante conquista com a aprova\u00e7\u00e3o de tr\u00eas projetos no valor de R$4,3 milh\u00f5es pela Companhia Nacional de Abastecimento (Conab), sendo [&hellip;]<\/p>","protected":false},"author":4,"featured_media":6625,"comment_status":"open","ping_status":"open","sticky":false,"template":"","format":"standard","meta":{"_eb_attr":"","ocean_post_layout":"","ocean_both_sidebars_style":"","ocean_both_sidebars_content_width":0,"ocean_both_sidebars_sidebars_width":0,"ocean_sidebar":"","ocean_second_sidebar":"","ocean_disable_margins":"enable","ocean_add_body_class":"","ocean_shortcode_before_top_bar":"","ocean_shortcode_after_top_bar":"","ocean_shortcode_before_header":"","ocean_shortcode_after_header":"","ocean_has_shortcode":"","ocean_shortcode_after_title":"","ocean_shortcode_before_footer_widgets":"","ocean_shortcode_after_footer_widgets":"","ocean_shortcode_before_footer_bottom":"","ocean_shortcode_after_footer_bottom":"","ocean_display_top_bar":"default","ocean_display_header":"default","ocean_header_style":"","ocean_center_header_left_menu":"","ocean_custom_header_template":"","ocean_custom_logo":0,"ocean_custom_retina_logo":0,"ocean_custom_logo_max_width":0,"ocean_custom_logo_tablet_max_width":0,"ocean_custom_logo_mobile_max_width":0,"ocean_custom_logo_max_height":0,"ocean_custom_logo_tablet_max_height":0,"ocean_custom_logo_mobile_max_height":0,"ocean_header_custom_menu":"","ocean_menu_typo_font_family":"","ocean_menu_typo_font_subset":"","ocean_menu_typo_font_size":0,"ocean_menu_typo_font_size_tablet":0,"ocean_menu_typo_font_size_mobile":0,"ocean_menu_typo_font_size_unit":"px","ocean_menu_typo_font_weight":"","ocean_menu_typo_font_weight_tablet":"","ocean_menu_typo_font_weight_mobile":"","ocean_menu_typo_transform":"","ocean_menu_typo_transform_tablet":"","ocean_menu_typo_transform_mobile":"","ocean_menu_typo_line_height":0,"ocean_menu_typo_line_height_tablet":0,"ocean_menu_typo_line_height_mobile":0,"ocean_menu_typo_line_height_unit":"","ocean_menu_typo_spacing":0,"ocean_menu_typo_spacing_tablet":0,"ocean_menu_typo_spacing_mobile":0,"ocean_menu_typo_spacing_unit":"","ocean_menu_link_color":"","ocean_menu_link_color_hover":"","ocean_menu_link_color_active":"","ocean_menu_link_background":"","ocean_menu_link_hover_background":"","ocean_menu_link_active_background":"","ocean_menu_social_links_bg":"","ocean_menu_social_hover_links_bg":"","ocean_menu_social_links_color":"","ocean_menu_social_hover_links_color":"","ocean_disable_title":"default","ocean_disable_heading":"default","ocean_post_title":"","ocean_post_subheading":"","ocean_post_title_style":"","ocean_post_title_background_color":"","ocean_post_title_background":0,"ocean_post_title_bg_image_position":"","ocean_post_title_bg_image_attachment":"","ocean_post_title_bg_image_repeat":"","ocean_post_title_bg_image_size":"","ocean_post_title_height":0,"ocean_post_title_bg_overlay":0.5,"ocean_post_title_bg_overlay_color":"","ocean_disable_breadcrumbs":"default","ocean_breadcrumbs_color":"","ocean_breadcrumbs_separator_color":"","ocean_breadcrumbs_links_color":"","ocean_breadcrumbs_links_hover_color":"","ocean_display_footer_widgets":"default","ocean_display_footer_bottom":"default","ocean_custom_footer_template":"","ocean_post_oembed":"","ocean_post_self_hosted_media":"","ocean_post_video_embed":"","ocean_link_format":"","ocean_link_format_target":"self","ocean_quote_format":"","ocean_quote_format_link":"post","ocean_gallery_link_images":"on","ocean_gallery_id":[],"footnotes":""},"categories":[50,19,49],"tags":[123,87,196,195,90,197,78,75,89,81,73,79,118],"class_list":["post-6622","post","type-post","status-publish","format-standard","has-post-thumbnail","hentry","category-agricultura-familiar","category-noticias","category-territorios-indigenas","tag-agroindustria","tag-cadeias-de-valor","tag-castanha-da-amazonia-2","tag-castanha-da-amazonia","tag-comunidades-tradicionais","tag-conab","tag-mato-grosso","tag-povos-indigenas","tag-povos-tradicionais","tag-preservacao-ambiental","tag-producao-de-castanha","tag-programa-rem-mt","tag-sustentabilidade","entry","has-media"],"yoast_head":"<!-- This site is optimized with the Yoast SEO plugin v27.5 - https:\/\/yoast.com\/product\/yoast-seo-wordpress\/ -->\n<title>Povos ind\u00edgenas de Juara e Rondol\u00e2ndia celebram aprova\u00e7\u00e3o de projetos pela Conab no valor de R$4,3 milh\u00f5es - REM<\/title>\n<meta name=\"description\" content=\"Povos ind\u00edgenas de Juara e Rondol\u00e2ndia celebram aprova\u00e7\u00e3o de projetos pela Conab no valor de R$4,3 milh\u00f5es\" \/>\n<meta name=\"robots\" content=\"index, follow, max-snippet:-1, max-image-preview:large, max-video-preview:-1\" \/>\n<link rel=\"canonical\" href=\"https:\/\/rem.sema.mt.gov.br\/en\/noticias\/povos-indigenas-de-juara-e-rondolandia-celebram-aprovacao-de-projetos-pela-conab-no-valor-de-r43-milhoes\/\" \/>\n<meta property=\"og:locale\" content=\"en_US\" \/>\n<meta property=\"og:type\" content=\"article\" \/>\n<meta property=\"og:title\" content=\"Povos ind\u00edgenas de Juara e Rondol\u00e2ndia celebram aprova\u00e7\u00e3o de projetos pela Conab no valor de R$4,3 milh\u00f5es - REM\" \/>\n<meta property=\"og:description\" content=\"Povos ind\u00edgenas de Juara e Rondol\u00e2ndia celebram aprova\u00e7\u00e3o de projetos pela Conab no valor de R$4,3 milh\u00f5es\" \/>\n<meta property=\"og:url\" content=\"https:\/\/rem.sema.mt.gov.br\/en\/noticias\/povos-indigenas-de-juara-e-rondolandia-celebram-aprovacao-de-projetos-pela-conab-no-valor-de-r43-milhoes\/\" \/>\n<meta property=\"og:site_name\" content=\"REM\" \/>\n<meta property=\"article:published_time\" content=\"2025-05-13T14:59:03+00:00\" \/>\n<meta property=\"article:modified_time\" content=\"2025-05-13T14:59:04+00:00\" \/>\n<meta property=\"og:image\" content=\"https:\/\/rem.sema.mt.gov.br\/wp-content\/uploads\/2025\/05\/DSC_6161-scaled.jpg\" \/>\n\t<meta property=\"og:image:width\" content=\"2560\" \/>\n\t<meta property=\"og:image:height\" content=\"1708\" \/>\n\t<meta property=\"og:image:type\" content=\"image\/jpeg\" \/>\n<meta name=\"author\" content=\"REM MT\" \/>\n<meta name=\"twitter:card\" content=\"summary_large_image\" \/>\n<meta name=\"twitter:label1\" content=\"Written by\" \/>\n\t<meta name=\"twitter:data1\" content=\"REM MT\" \/>\n\t<meta name=\"twitter:label2\" content=\"Est. reading time\" \/>\n\t<meta name=\"twitter:data2\" content=\"7 minutes\" \/>\n<script type=\"application\/ld+json\" class=\"yoast-schema-graph\">{\"@context\":\"https:\\\/\\\/schema.org\",\"@graph\":[{\"@type\":\"WebPage\",\"@id\":\"https:\\\/\\\/rem.sema.mt.gov.br\\\/en\\\/noticias\\\/povos-indigenas-de-juara-e-rondolandia-celebram-aprovacao-de-projetos-pela-conab-no-valor-de-r43-milhoes\\\/\",\"url\":\"https:\\\/\\\/rem.sema.mt.gov.br\\\/en\\\/noticias\\\/povos-indigenas-de-juara-e-rondolandia-celebram-aprovacao-de-projetos-pela-conab-no-valor-de-r43-milhoes\\\/\",\"name\":\"Povos ind\u00edgenas de Juara e Rondol\u00e2ndia celebram aprova\u00e7\u00e3o de projetos pela Conab no valor de R$4,3 milh\u00f5es - REM\",\"isPartOf\":{\"@id\":\"https:\\\/\\\/rem.sema.mt.gov.br\\\/#website\"},\"primaryImageOfPage\":{\"@id\":\"https:\\\/\\\/rem.sema.mt.gov.br\\\/en\\\/noticias\\\/povos-indigenas-de-juara-e-rondolandia-celebram-aprovacao-de-projetos-pela-conab-no-valor-de-r43-milhoes\\\/#primaryimage\"},\"image\":{\"@id\":\"https:\\\/\\\/rem.sema.mt.gov.br\\\/en\\\/noticias\\\/povos-indigenas-de-juara-e-rondolandia-celebram-aprovacao-de-projetos-pela-conab-no-valor-de-r43-milhoes\\\/#primaryimage\"},\"thumbnailUrl\":\"https:\\\/\\\/rem.sema.mt.gov.br\\\/wp-content\\\/uploads\\\/2025\\\/05\\\/DSC_6161-scaled.jpg\",\"datePublished\":\"2025-05-13T14:59:03+00:00\",\"dateModified\":\"2025-05-13T14:59:04+00:00\",\"author\":{\"@id\":\"https:\\\/\\\/rem.sema.mt.gov.br\\\/#\\\/schema\\\/person\\\/d7f162d30bdd095e4a02c2e5f5d4b221\"},\"description\":\"Povos ind\u00edgenas de Juara e Rondol\u00e2ndia celebram aprova\u00e7\u00e3o de projetos pela Conab no valor de R$4,3 milh\u00f5es\",\"breadcrumb\":{\"@id\":\"https:\\\/\\\/rem.sema.mt.gov.br\\\/en\\\/noticias\\\/povos-indigenas-de-juara-e-rondolandia-celebram-aprovacao-de-projetos-pela-conab-no-valor-de-r43-milhoes\\\/#breadcrumb\"},\"inLanguage\":\"en-US\",\"potentialAction\":[{\"@type\":\"ReadAction\",\"target\":[\"https:\\\/\\\/rem.sema.mt.gov.br\\\/en\\\/noticias\\\/povos-indigenas-de-juara-e-rondolandia-celebram-aprovacao-de-projetos-pela-conab-no-valor-de-r43-milhoes\\\/\"]}]},{\"@type\":\"ImageObject\",\"inLanguage\":\"en-US\",\"@id\":\"https:\\\/\\\/rem.sema.mt.gov.br\\\/en\\\/noticias\\\/povos-indigenas-de-juara-e-rondolandia-celebram-aprovacao-de-projetos-pela-conab-no-valor-de-r43-milhoes\\\/#primaryimage\",\"url\":\"https:\\\/\\\/rem.sema.mt.gov.br\\\/wp-content\\\/uploads\\\/2025\\\/05\\\/DSC_6161-scaled.jpg\",\"contentUrl\":\"https:\\\/\\\/rem.sema.mt.gov.br\\\/wp-content\\\/uploads\\\/2025\\\/05\\\/DSC_6161-scaled.jpg\",\"width\":2560,\"height\":1708},{\"@type\":\"BreadcrumbList\",\"@id\":\"https:\\\/\\\/rem.sema.mt.gov.br\\\/en\\\/noticias\\\/povos-indigenas-de-juara-e-rondolandia-celebram-aprovacao-de-projetos-pela-conab-no-valor-de-r43-milhoes\\\/#breadcrumb\",\"itemListElement\":[{\"@type\":\"ListItem\",\"position\":1,\"name\":\"In\u00edcio\",\"item\":\"https:\\\/\\\/rem.sema.mt.gov.br\\\/\"},{\"@type\":\"ListItem\",\"position\":2,\"name\":\"Povos ind\u00edgenas de Juara e Rondol\u00e2ndia celebram aprova\u00e7\u00e3o de projetos pela Conab no valor de R$4,3 milh\u00f5es\"}]},{\"@type\":\"WebSite\",\"@id\":\"https:\\\/\\\/rem.sema.mt.gov.br\\\/#website\",\"url\":\"https:\\\/\\\/rem.sema.mt.gov.br\\\/\",\"name\":\"REM\",\"description\":\"Mato Grosso\",\"potentialAction\":[{\"@type\":\"SearchAction\",\"target\":{\"@type\":\"EntryPoint\",\"urlTemplate\":\"https:\\\/\\\/rem.sema.mt.gov.br\\\/?s={search_term_string}\"},\"query-input\":{\"@type\":\"PropertyValueSpecification\",\"valueRequired\":true,\"valueName\":\"search_term_string\"}}],\"inLanguage\":\"en-US\"}]}<\/script>\n<!-- \/ Yoast SEO plugin. -->","yoast_head_json":{"title":"Povos ind\u00edgenas de Juara e Rondol\u00e2ndia celebram aprova\u00e7\u00e3o de projetos pela Conab no valor de R$4,3 milh\u00f5es - REM","description":"Povos ind\u00edgenas de Juara e Rondol\u00e2ndia celebram aprova\u00e7\u00e3o de projetos pela Conab no valor de R$4,3 milh\u00f5es","robots":{"index":"index","follow":"follow","max-snippet":"max-snippet:-1","max-image-preview":"max-image-preview:large","max-video-preview":"max-video-preview:-1"},"canonical":"https:\/\/rem.sema.mt.gov.br\/en\/noticias\/povos-indigenas-de-juara-e-rondolandia-celebram-aprovacao-de-projetos-pela-conab-no-valor-de-r43-milhoes\/","og_locale":"en_US","og_type":"article","og_title":"Povos ind\u00edgenas de Juara e Rondol\u00e2ndia celebram aprova\u00e7\u00e3o de projetos pela Conab no valor de R$4,3 milh\u00f5es - REM","og_description":"Povos ind\u00edgenas de Juara e Rondol\u00e2ndia celebram aprova\u00e7\u00e3o de projetos pela Conab no valor de R$4,3 milh\u00f5es","og_url":"https:\/\/rem.sema.mt.gov.br\/en\/noticias\/povos-indigenas-de-juara-e-rondolandia-celebram-aprovacao-de-projetos-pela-conab-no-valor-de-r43-milhoes\/","og_site_name":"REM","article_published_time":"2025-05-13T14:59:03+00:00","article_modified_time":"2025-05-13T14:59:04+00:00","og_image":[{"width":2560,"height":1708,"url":"https:\/\/rem.sema.mt.gov.br\/wp-content\/uploads\/2025\/05\/DSC_6161-scaled.jpg","type":"image\/jpeg"}],"author":"REM MT","twitter_card":"summary_large_image","twitter_misc":{"Written by":"REM MT","Est. reading time":"7 minutes"},"schema":{"@context":"https:\/\/schema.org","@graph":[{"@type":"WebPage","@id":"https:\/\/rem.sema.mt.gov.br\/en\/noticias\/povos-indigenas-de-juara-e-rondolandia-celebram-aprovacao-de-projetos-pela-conab-no-valor-de-r43-milhoes\/","url":"https:\/\/rem.sema.mt.gov.br\/en\/noticias\/povos-indigenas-de-juara-e-rondolandia-celebram-aprovacao-de-projetos-pela-conab-no-valor-de-r43-milhoes\/","name":"Povos ind\u00edgenas de Juara e Rondol\u00e2ndia celebram aprova\u00e7\u00e3o de projetos pela Conab no valor de R$4,3 milh\u00f5es - REM","isPartOf":{"@id":"https:\/\/rem.sema.mt.gov.br\/#website"},"primaryImageOfPage":{"@id":"https:\/\/rem.sema.mt.gov.br\/en\/noticias\/povos-indigenas-de-juara-e-rondolandia-celebram-aprovacao-de-projetos-pela-conab-no-valor-de-r43-milhoes\/#primaryimage"},"image":{"@id":"https:\/\/rem.sema.mt.gov.br\/en\/noticias\/povos-indigenas-de-juara-e-rondolandia-celebram-aprovacao-de-projetos-pela-conab-no-valor-de-r43-milhoes\/#primaryimage"},"thumbnailUrl":"https:\/\/rem.sema.mt.gov.br\/wp-content\/uploads\/2025\/05\/DSC_6161-scaled.jpg","datePublished":"2025-05-13T14:59:03+00:00","dateModified":"2025-05-13T14:59:04+00:00","author":{"@id":"https:\/\/rem.sema.mt.gov.br\/#\/schema\/person\/d7f162d30bdd095e4a02c2e5f5d4b221"},"description":"Povos ind\u00edgenas de Juara e Rondol\u00e2ndia celebram aprova\u00e7\u00e3o de projetos pela Conab no valor de R$4,3 milh\u00f5es","breadcrumb":{"@id":"https:\/\/rem.sema.mt.gov.br\/en\/noticias\/povos-indigenas-de-juara-e-rondolandia-celebram-aprovacao-de-projetos-pela-conab-no-valor-de-r43-milhoes\/#breadcrumb"},"inLanguage":"en-US","potentialAction":[{"@type":"ReadAction","target":["https:\/\/rem.sema.mt.gov.br\/en\/noticias\/povos-indigenas-de-juara-e-rondolandia-celebram-aprovacao-de-projetos-pela-conab-no-valor-de-r43-milhoes\/"]}]},{"@type":"ImageObject","inLanguage":"en-US","@id":"https:\/\/rem.sema.mt.gov.br\/en\/noticias\/povos-indigenas-de-juara-e-rondolandia-celebram-aprovacao-de-projetos-pela-conab-no-valor-de-r43-milhoes\/#primaryimage","url":"https:\/\/rem.sema.mt.gov.br\/wp-content\/uploads\/2025\/05\/DSC_6161-scaled.jpg","contentUrl":"https:\/\/rem.sema.mt.gov.br\/wp-content\/uploads\/2025\/05\/DSC_6161-scaled.jpg","width":2560,"height":1708},{"@type":"BreadcrumbList","@id":"https:\/\/rem.sema.mt.gov.br\/en\/noticias\/povos-indigenas-de-juara-e-rondolandia-celebram-aprovacao-de-projetos-pela-conab-no-valor-de-r43-milhoes\/#breadcrumb","itemListElement":[{"@type":"ListItem","position":1,"name":"In\u00edcio","item":"https:\/\/rem.sema.mt.gov.br\/"},{"@type":"ListItem","position":2,"name":"Povos ind\u00edgenas de Juara e Rondol\u00e2ndia celebram aprova\u00e7\u00e3o de projetos pela Conab no valor de R$4,3 milh\u00f5es"}]},{"@type":"WebSite","@id":"https:\/\/rem.sema.mt.gov.br\/#website","url":"https:\/\/rem.sema.mt.gov.br\/","name":"REM","description":"Mato Grosso","potentialAction":[{"@type":"SearchAction","target":{"@type":"EntryPoint","urlTemplate":"https:\/\/rem.sema.mt.gov.br\/?s={search_term_string}"},"query-input":{"@type":"PropertyValueSpecification","valueRequired":true,"valueName":"search_term_string"}}],"inLanguage":"en-US"}]}},"_links":{"self":[{"href":"https:\/\/rem.sema.mt.gov.br\/en\/wp-json\/wp\/v2\/posts\/6622","targetHints":{"allow":["GET"]}}],"collection":[{"href":"https:\/\/rem.sema.mt.gov.br\/en\/wp-json\/wp\/v2\/posts"}],"about":[{"href":"https:\/\/rem.sema.mt.gov.br\/en\/wp-json\/wp\/v2\/types\/post"}],"author":[{"embeddable":true,"href":"https:\/\/rem.sema.mt.gov.br\/en\/wp-json\/wp\/v2\/users\/4"}],"replies":[{"embeddable":true,"href":"https:\/\/rem.sema.mt.gov.br\/en\/wp-json\/wp\/v2\/comments?post=6622"}],"version-history":[{"count":1,"href":"https:\/\/rem.sema.mt.gov.br\/en\/wp-json\/wp\/v2\/posts\/6622\/revisions"}],"predecessor-version":[{"id":6626,"href":"https:\/\/rem.sema.mt.gov.br\/en\/wp-json\/wp\/v2\/posts\/6622\/revisions\/6626"}],"wp:featuredmedia":[{"embeddable":true,"href":"https:\/\/rem.sema.mt.gov.br\/en\/wp-json\/wp\/v2\/media\/6625"}],"wp:attachment":[{"href":"https:\/\/rem.sema.mt.gov.br\/en\/wp-json\/wp\/v2\/media?parent=6622"}],"wp:term":[{"taxonomy":"category","embeddable":true,"href":"https:\/\/rem.sema.mt.gov.br\/en\/wp-json\/wp\/v2\/categories?post=6622"},{"taxonomy":"post_tag","embeddable":true,"href":"https:\/\/rem.sema.mt.gov.br\/en\/wp-json\/wp\/v2\/tags?post=6622"}],"curies":[{"name":"wp","href":"https:\/\/api.w.org\/{rel}","templated":true}]}}