{"id":668,"date":"2023-09-04T12:55:33","date_gmt":"2023-09-04T15:55:33","guid":{"rendered":"https:\/\/devsweb.com.br\/rem_wp\/rem-mt-realiza-seminario-para-discutir-programa-de-formacao-que-vai-fortalecer-a-agricultura-familiar\/"},"modified":"2024-06-23T11:31:47","modified_gmt":"2024-06-23T14:31:47","slug":"rem-mt-realiza-seminario-para-discutir-programa-de-formacao-que-vai-fortalecer-a-agricultura-familiar","status":"publish","type":"post","link":"https:\/\/rem.sema.mt.gov.br\/en\/agricultura-familiar\/rem-mt-realiza-seminario-para-discutir-programa-de-formacao-que-vai-fortalecer-a-agricultura-familiar\/","title":{"rendered":"REM MT realiza semin\u00e1rio para discutir programa de forma\u00e7\u00e3o que vai fortalecer a agricultura familiar"},"content":{"rendered":"<p dir=\"ltr\"><span style=\"font-size: 14pt;\"><span style=\"font-size: 36pt;\"><strong><img fetchpriority=\"high\" decoding=\"async\" style=\"display: block; margin-left: auto; margin-right: auto;\" src=\"https:\/\/anoticiamt.sfo2.digitaloceanspaces.com\/storage\/webdisco\/2023\/09\/05\/original\/ef36c86d78e7ac604d5272199b338da6.jpg\" alt=\"\" width=\"1139\" height=\"638\" \/><\/strong><\/span><\/span><\/p>\n<p dir=\"ltr\" style=\"text-align: justify;\"><span style=\"font-size: 14pt;\"><span style=\"font-size: 36pt;\"><strong>&#8220;E<\/strong><\/span>u existo porque antes de mim, algu\u00e9m existiu\u201d. Citando a l\u00edder quilombola do Maranh\u00e3o, Dona Dij\u00e9, a coordenadora do projeto Muxirum Quilombola, Laura Ferreira, apresentou os desafios que sua comunidade em Livramento enfrenta, durante o Semin\u00e1rio do Programa de Qualifica\u00e7\u00e3o Continuada em Desenvolvimento Sustent\u00e1vel de Mato Grosso, que foi realizado no Parque Estadual Massairo Okamura, em Cuiab\u00e1, nos dias 28 e 29 de setembro.\u00a0<\/span><\/p>\n<p dir=\"ltr\" style=\"text-align: justify;\"><span style=\"font-size: 14pt;\">O semin\u00e1rio visa coletar ideias para elaborar um programa que pretende impulsionar a sustentabilidade, o desenvolvimento socioambiental e a capacita\u00e7\u00e3o de profissionais para trabalhar com a agricultura familiar e comunidades tradicionais em Mato Grosso.<\/span><\/p>\n<p dir=\"ltr\" style=\"text-align: justify;\"><span style=\"font-size: 14pt;\">Apelidado carinhosamente de <a href=\"https:\/\/rem.sema.mt.gov.br\/en\/noticias\/pequis-novo-programa-apoiado-pelo-rem-mt-e-parceiros-vai-impulsionar-a-sustentabilidade-e-qualificar-servicos-tecnicos-oferecidos-a-agricultura-familiar\/\">Programa PEQUIS<\/a>, o programa ainda est\u00e1 em fase de discuss\u00e3o. \u00c9 o que explica o coordenador do Subprograma de Agricultura Familiar e de Povos e Comunidades Tradicionais (AFPCT), Marcos Balbino.<\/span><\/p>\n<p dir=\"ltr\" style=\"text-align: justify;\"><span style=\"font-size: 14pt;\"><img decoding=\"async\" class=\"CToWUd a6T\" style=\"display: block; margin-left: auto; margin-right: auto;\" tabindex=\"0\" src=\"https:\/\/lh5.googleusercontent.com\/idIKv6u-hesPNPohCrlVL3IvoN2-gE6qmRnVEklNfNWGhLQCPVriLka7ejemD0PdJ7ayDpgT-91QhV4UVlnRQEjcz8_DxZXeC-0I9WcKWWWSHT-RIHtCvprO_amDaQVVFIsiayc5M9yTmLHKUeRIrE8\" width=\"602\" height=\"337\" crossorigin=\"\" data-bit=\"iit\" \/><\/span><\/p>\n<p dir=\"ltr\" style=\"text-align: justify;\"><span style=\"font-size: 10pt;\"><strong>Coordenador do Subprograma Agricultura Familiar e de Povos e Comunidades Tradicionais, Marcos Balbino, explica que o Programa PEQUIS vai capacitar produtores e extensionistas (Foto: REM MT)<\/strong><\/span><\/p>\n<blockquote>\n<p dir=\"ltr\" style=\"text-align: justify;\"><span style=\"font-size: 14pt;\">\u201cA ideia \u00e9 que com esse trabalho a gente construa um programa de forma\u00e7\u00e3o continuada para formar t\u00e9cnicos, produtores e l\u00edderes comunit\u00e1rios. Assim, eles v\u00e3o conseguir compreender e trabalhar todos esses temas que temos como desafios, tais quais: a quest\u00e3o de g\u00eanero, olhar pra cadeia de valor e todos seus elos, gest\u00e3o de empreendimentos comunit\u00e1rios, trabalhar a articula\u00e7\u00e3o de parceiros locais e territoriais, e trazer mais t\u00e9cnicas de agroecologia e de baixo carbono\u201d, explica Marcos.<\/span><\/p>\n<\/blockquote>\n<p dir=\"ltr\" style=\"text-align: justify;\"><span style=\"font-size: 18pt;\"><strong>MULTIDISCIPLINARIDADE<\/strong><\/span><\/p>\n<p dir=\"ltr\" style=\"text-align: justify;\"><span style=\"font-size: 14pt;\">Para fortalecer a agricultura familiar mato-grossense, o prot\u00f3tipo do Programa Pequis est\u00e1 sendo desenvolvido em conjunto com representantes das comunidades tradicionais, Minist\u00e9rio do Desenvolvimento Agr\u00e1rio e Agricultura Familiar, Companhia Nacional de Abastecimento (Conab), Universidade Federal de Mato Grosso (UFMT) e Instituto Federal de Mato Grosso (IFMT). A GIZ Brasil (Deutsche Gesellschaft f\u00fcr Internationale Zusammenarbeit) foi respons\u00e1vel por contratar a consultora Devallor, para ajudar o subprograma AFPCT.\u00a0<\/span><\/p>\n<p dir=\"ltr\" style=\"text-align: justify;\"><span style=\"font-size: 14pt;\">A consultora da Devallor, Verena Almeida, pontua que apoiando empreendimentos da agricultura familiar e da rede de estrutura da Assist\u00eancia T\u00e9cnica e Extens\u00e3o Rural (ATER), n\u00e3o s\u00f3 as comunidades ser\u00e3o beneficiadas, mas a popula\u00e7\u00e3o, economia e sustentabilidade como um todo.<\/span><\/p>\n<p dir=\"ltr\"><span style=\"font-size: 14pt;\"><img decoding=\"async\" class=\"CToWUd a6T\" style=\"display: block; margin-left: auto; margin-right: auto;\" tabindex=\"0\" src=\"https:\/\/lh6.googleusercontent.com\/1COkZ2qxjwhZ-hF_sG92JLgb6CHB_Dd0--Ww6RlAlE3GClQ5FQwz5mv4gqoQxoG9xtuuehFCoYzkPA00kxHGm_yODKn99dhw1mPbMCxDAbpI0bk53JWcQ9j1bhydeB2vVTY3kdBcY19vjcqDIBYgWbg\" width=\"602\" height=\"337\" crossorigin=\"\" data-bit=\"iit\" \/><\/span><\/p>\n<p dir=\"ltr\" style=\"text-align: center;\"><span style=\"font-size: 10pt;\"><strong>Consultora da Devallor, Verena Almeida (Foto: REM MT)<\/strong><\/span><\/p>\n<blockquote>\n<p dir=\"ltr\" style=\"text-align: justify;\"><span style=\"font-size: 14pt;\">\u201cH\u00e1 essa perspectiva da gente melhorar essa assist\u00eancia t\u00e9cnica no campo, para produzir um alimento saud\u00e1vel e sustent\u00e1vel, integrando quest\u00f5es tamb\u00e9m relacionadas a g\u00eanero, porque isso tamb\u00e9m fortalece, ajuda a desenvolver e tamb\u00e9m inclui jovens, visando a sustentabilidade das pr\u00f3prias cadeias de valor e de outros produtos da agricultura familiar. A gente pode avan\u00e7ar no desenvolvimento sustent\u00e1vel, e melhorando Mato Grosso e toda a comunidade\u201d, diz Verena.<\/span><\/p>\n<\/blockquote>\n<p dir=\"ltr\" style=\"text-align: justify;\"><span style=\"font-size: 18pt;\"><strong>REALIDADES COMPARTILHADAS<\/strong><\/span><\/p>\n<p dir=\"ltr\" style=\"text-align: justify;\"><span style=\"font-size: 14pt;\">Direto de Luciara, o retireiro Rubem Alves participou do semin\u00e1rio para expor as dificuldades que os produtores da regi\u00e3o do Araguaia enfrentam. Aprendendo a viver conforme a necessidade, ele cita que a regulariza\u00e7\u00e3o fundi\u00e1ria \u00e9 a principal queixa dos retireiros do Araguaia.<\/span><\/p>\n<p dir=\"ltr\"><span style=\"font-size: 14pt;\"><img loading=\"lazy\" decoding=\"async\" class=\"CToWUd a6T\" style=\"display: block; margin-left: auto; margin-right: auto;\" tabindex=\"0\" src=\"https:\/\/lh3.googleusercontent.com\/bAP1wZDp6D9MExcm0o8sCno-P7WYQIsrSvz3mvhWOF9_YOBK5V1857J-zn22fPtB5Wz8ele0OxgFWPR2AbBwI9eQrVT93PrpxA41-WdQNyuJS7PmB5ERCDurO_LrMEfVRV0NBUEDDvpl_VRjhM8evFM\" width=\"602\" height=\"337\" crossorigin=\"\" data-bit=\"iit\" \/><\/span><\/p>\n<p dir=\"ltr\" style=\"text-align: center;\"><span style=\"font-size: 10pt;\"><strong>O retireiro Rubem Alves participou para expor as dificuldades que possui (Foto: REM MT)<\/strong><\/span><\/p>\n<blockquote>\n<p dir=\"ltr\" style=\"text-align: justify;\"><span style=\"font-size: 14pt;\">\u201cMeu tema principal \u00e9 a regulariza\u00e7\u00e3o fundi\u00e1ria dos territ\u00f3rios que j\u00e1 t\u00e3o pendentes, tanto entre os povos tradicionais e ind\u00edgenas e quilombolas na minha regi\u00e3o, e n\u00e3o temos assist\u00eancia no territ\u00f3rio. Ent\u00e3o, a gente vem para levar conhecimento e trazer nossas demandas para as institui\u00e7\u00f5es tomarem provid\u00eancias\u201d, cita.<\/span><\/p>\n<\/blockquote>\n<p dir=\"ltr\" style=\"text-align: justify;\"><span style=\"font-size: 14pt;\">Trabalhando com pecu\u00e1ria nos per\u00edodos da seca e cheia, ele pontua que programas como o REM MT s\u00e3o necess\u00e1rios para que essas iniciativas saiam do papel e comecem a ser praticadas.\u00a0\u00a0<\/span><\/p>\n<blockquote>\n<p dir=\"ltr\" style=\"text-align: justify;\"><span style=\"font-size: 14pt;\">\u201cO importante \u00e9 que o REM chega nas comunidades com muita for\u00e7a e faz a diferen\u00e7a, d\u00e1 a garantia e d\u00e1 um \u00e2nimo nas comunidades. Tem que sair do papel pra gente chegar onde tem que chegar\u201d, disse Rubem.<\/span><\/p>\n<\/blockquote>\n<p dir=\"ltr\" style=\"text-align: justify;\"><span style=\"font-size: 18pt;\"><strong>PERSPECTIVAS<\/strong><\/span><\/p>\n<p dir=\"ltr\"><span style=\"font-size: 14pt;\"><img loading=\"lazy\" decoding=\"async\" class=\"CToWUd a6T\" style=\"display: block; margin-left: auto; margin-right: auto;\" tabindex=\"0\" src=\"https:\/\/lh5.googleusercontent.com\/dLiiGdnlmIQxtz61nMUROU-X8B7c-pWcPtH1hmiKfgcA4lJT-__RnzsZZFqhMF_ZK6L-jt9_9fCXKXKqqkV94QAE9oR9ypmwmtO3MEXbmLHFNt_QI1St_mUP35qryc0WXZ8D9tNzPxA55f2mItCCgV4\" width=\"602\" height=\"337\" crossorigin=\"\" data-bit=\"iit\" \/><\/span><\/p>\n<p dir=\"ltr\" style=\"text-align: center;\"><span style=\"font-size: 10pt;\"><strong>Ana Paula Toledo (Foto: REM MT)<\/strong><\/span><\/p>\n<p dir=\"ltr\" style=\"text-align: justify;\"><span style=\"font-size: 14pt;\">Encarregada do setor que operacionaliza todas as pol\u00edticas p\u00fablicas sociais da\u00a0 Companhia Nacional de Abastecimento (Conab), Ana Paula Toledo, observou atenta a todas as discuss\u00f5es do semin\u00e1rio. Diante do p\u00fablico diversificado, ela cita que o debate permitiu pensar melhor sobre o associativismo e cooperativismo, como forma de encorajar a agricultura familiar no mercado.<\/span><\/p>\n<blockquote>\n<p dir=\"ltr\" style=\"text-align: justify;\"><span style=\"font-size: 14pt;\">&#8220;Foi muito enriquecedor e acho que esse programa vai fortalecer o associativismo e o cooperativismo, porque os agricultores familiares e os povos tradicionais n\u00e3o conseguem ainda enxergar que este \u00e9 o caminho. Porque eles precisam se unir, tanto em termos de produ\u00e7\u00e3o e comercializa\u00e7\u00e3o. \u00c9 muito mais f\u00e1cil, porque quando tem uma comercializa\u00e7\u00e3o em larga escala voc\u00ea consegue por esses dois caminhos, consegue ganhar mercado. E o mais importante: garantir esse mercado, porque individualmente a produ\u00e7\u00e3o \u00e9 muito pequena\u201d, explica Ana Paula.<\/span><\/p>\n<\/blockquote>\n<p dir=\"ltr\" style=\"text-align: center;\"><span style=\"font-size: 14pt;\"><img loading=\"lazy\" decoding=\"async\" class=\"CToWUd a6T\" style=\"display: block; margin-left: auto; margin-right: auto;\" tabindex=\"0\" src=\"https:\/\/lh5.googleusercontent.com\/-fxutJa-p4KzpTd0eZwxZGS2fRPqnc8mYsYG8PSum207C1RVof-uRKf8u2zpwY1e9n11KOHKjqVcX9kp-0KCazFp636KkTHLEpkp0wTb4dejubMAw_6c1csk_XQjpB-gswmA5UrmbbXAUKhtSSYuNWM\" width=\"602\" height=\"337\" crossorigin=\"\" data-bit=\"iit\" \/><span style=\"font-size: 10pt;\"><strong>Do Minist\u00e9rio, Luciana Gallon viu como o Muxirum Quilombola evoluiu ap\u00f3s ter o apoio do REM MT. De acordo com ela, isso \u00e9 fundamental para dar acesso a pol\u00edticas p\u00fablicas.\u00a0<\/strong><\/span><\/span><\/p>\n<p dir=\"ltr\" style=\"text-align: justify;\"><span style=\"font-size: 14pt;\">Do Minist\u00e9rio do Desenvolvimento Agr\u00e1rio e Agricultura Familiar, Luciana Gallon viu como o Muxirum Quilombola evoluiu ap\u00f3s ter o apoio do REM. De acordo com ela, esse apoio \u00e9 fundamental para desenvolver a atividade no estado.\u00a0<\/span><\/p>\n<blockquote>\n<p dir=\"ltr\"><span style=\"font-size: 14pt;\">\u00a0<\/span><\/p>\n<\/blockquote>","protected":false},"excerpt":{"rendered":"<p>&#8220;Eu existo porque antes de mim, algu\u00e9m existiu\u201d. Citando a l\u00edder quilombola do Maranh\u00e3o, Dona Dij\u00e9, a coordenadora do projeto Muxirum Quilombola, Laura Ferreira, apresentou os desafios que sua comunidade em Livramento enfrenta, durante o Semin\u00e1rio do Programa de Qualifica\u00e7\u00e3o Continuada em Desenvolvimento Sustent\u00e1vel de Mato Grosso, que foi realizado no Parque Estadual Massairo Okamura, [&hellip;]<\/p>","protected":false},"author":2,"featured_media":0,"comment_status":"open","ping_status":"open","sticky":false,"template":"","format":"standard","meta":{"_eb_attr":"","ocean_post_layout":"","ocean_both_sidebars_style":"","ocean_both_sidebars_content_width":0,"ocean_both_sidebars_sidebars_width":0,"ocean_sidebar":"","ocean_second_sidebar":"","ocean_disable_margins":"enable","ocean_add_body_class":"","ocean_shortcode_before_top_bar":"","ocean_shortcode_after_top_bar":"","ocean_shortcode_before_header":"","ocean_shortcode_after_header":"","ocean_has_shortcode":"","ocean_shortcode_after_title":"","ocean_shortcode_before_footer_widgets":"","ocean_shortcode_after_footer_widgets":"","ocean_shortcode_before_footer_bottom":"","ocean_shortcode_after_footer_bottom":"","ocean_display_top_bar":"default","ocean_display_header":"default","ocean_header_style":"","ocean_center_header_left_menu":"","ocean_custom_header_template":"","ocean_custom_logo":0,"ocean_custom_retina_logo":0,"ocean_custom_logo_max_width":0,"ocean_custom_logo_tablet_max_width":0,"ocean_custom_logo_mobile_max_width":0,"ocean_custom_logo_max_height":0,"ocean_custom_logo_tablet_max_height":0,"ocean_custom_logo_mobile_max_height":0,"ocean_header_custom_menu":"","ocean_menu_typo_font_family":"","ocean_menu_typo_font_subset":"","ocean_menu_typo_font_size":0,"ocean_menu_typo_font_size_tablet":0,"ocean_menu_typo_font_size_mobile":0,"ocean_menu_typo_font_size_unit":"px","ocean_menu_typo_font_weight":"","ocean_menu_typo_font_weight_tablet":"","ocean_menu_typo_font_weight_mobile":"","ocean_menu_typo_transform":"","ocean_menu_typo_transform_tablet":"","ocean_menu_typo_transform_mobile":"","ocean_menu_typo_line_height":0,"ocean_menu_typo_line_height_tablet":0,"ocean_menu_typo_line_height_mobile":0,"ocean_menu_typo_line_height_unit":"","ocean_menu_typo_spacing":0,"ocean_menu_typo_spacing_tablet":0,"ocean_menu_typo_spacing_mobile":0,"ocean_menu_typo_spacing_unit":"","ocean_menu_link_color":"","ocean_menu_link_color_hover":"","ocean_menu_link_color_active":"","ocean_menu_link_background":"","ocean_menu_link_hover_background":"","ocean_menu_link_active_background":"","ocean_menu_social_links_bg":"","ocean_menu_social_hover_links_bg":"","ocean_menu_social_links_color":"","ocean_menu_social_hover_links_color":"","ocean_disable_title":"default","ocean_disable_heading":"default","ocean_post_title":"","ocean_post_subheading":"","ocean_post_title_style":"","ocean_post_title_background_color":"","ocean_post_title_background":0,"ocean_post_title_bg_image_position":"","ocean_post_title_bg_image_attachment":"","ocean_post_title_bg_image_repeat":"","ocean_post_title_bg_image_size":"","ocean_post_title_height":0,"ocean_post_title_bg_overlay":0.5,"ocean_post_title_bg_overlay_color":"","ocean_disable_breadcrumbs":"default","ocean_breadcrumbs_color":"","ocean_breadcrumbs_separator_color":"","ocean_breadcrumbs_links_color":"","ocean_breadcrumbs_links_hover_color":"","ocean_display_footer_widgets":"default","ocean_display_footer_bottom":"default","ocean_custom_footer_template":"","ocean_post_oembed":"","ocean_post_self_hosted_media":"","ocean_post_video_embed":"","ocean_link_format":"","ocean_link_format_target":"self","ocean_quote_format":"","ocean_quote_format_link":"post","ocean_gallery_link_images":"on","ocean_gallery_id":[],"footnotes":""},"categories":[50,19],"tags":[],"class_list":["post-668","post","type-post","status-publish","format-standard","hentry","category-agricultura-familiar","category-noticias","entry"],"yoast_head":"<!-- This site is optimized with the Yoast SEO plugin v27.5 - https:\/\/yoast.com\/product\/yoast-seo-wordpress\/ -->\n<title>Agricultura Familiar: Sustentabilidade e Desafios em Mato Grosso<\/title>\n<meta name=\"description\" content=\"Agricultura familiar e sustentabilidade no centro das discuss\u00f5es. Conhe\u00e7a os desafios e iniciativas do Programa PEQUIS em Mato Grosso.\" \/>\n<meta name=\"robots\" content=\"index, follow, max-snippet:-1, max-image-preview:large, max-video-preview:-1\" \/>\n<link rel=\"canonical\" href=\"https:\/\/rem.sema.mt.gov.br\/en\/agricultura-familiar\/rem-mt-realiza-seminario-para-discutir-programa-de-formacao-que-vai-fortalecer-a-agricultura-familiar\/\" \/>\n<meta property=\"og:locale\" content=\"en_US\" \/>\n<meta property=\"og:type\" content=\"article\" \/>\n<meta property=\"og:title\" content=\"Agricultura Familiar: Sustentabilidade e Desafios em Mato Grosso\" \/>\n<meta property=\"og:description\" content=\"Agricultura familiar e sustentabilidade no centro das discuss\u00f5es. Conhe\u00e7a os desafios e iniciativas do Programa PEQUIS em Mato Grosso.\" \/>\n<meta property=\"og:url\" content=\"https:\/\/rem.sema.mt.gov.br\/en\/agricultura-familiar\/rem-mt-realiza-seminario-para-discutir-programa-de-formacao-que-vai-fortalecer-a-agricultura-familiar\/\" \/>\n<meta property=\"og:site_name\" content=\"REM\" \/>\n<meta property=\"article:published_time\" content=\"2023-09-04T15:55:33+00:00\" \/>\n<meta property=\"article:modified_time\" content=\"2024-06-23T14:31:47+00:00\" \/>\n<meta property=\"og:image\" content=\"https:\/\/anoticiamt.sfo2.digitaloceanspaces.com\/storage\/webdisco\/2023\/09\/05\/original\/ef36c86d78e7ac604d5272199b338da6.jpg\" \/>\n<meta name=\"author\" content=\"Nvlo\" \/>\n<meta name=\"twitter:card\" content=\"summary_large_image\" \/>\n<meta name=\"twitter:label1\" content=\"Written by\" \/>\n\t<meta name=\"twitter:data1\" content=\"Nvlo\" \/>\n\t<meta name=\"twitter:label2\" content=\"Est. reading time\" \/>\n\t<meta name=\"twitter:data2\" content=\"4 minutes\" \/>\n<script type=\"application\/ld+json\" class=\"yoast-schema-graph\">{\"@context\":\"https:\\\/\\\/schema.org\",\"@graph\":[{\"@type\":\"WebPage\",\"@id\":\"https:\\\/\\\/rem.sema.mt.gov.br\\\/agricultura-familiar\\\/rem-mt-realiza-seminario-para-discutir-programa-de-formacao-que-vai-fortalecer-a-agricultura-familiar\\\/\",\"url\":\"https:\\\/\\\/rem.sema.mt.gov.br\\\/agricultura-familiar\\\/rem-mt-realiza-seminario-para-discutir-programa-de-formacao-que-vai-fortalecer-a-agricultura-familiar\\\/\",\"name\":\"Agricultura Familiar: Sustentabilidade e Desafios em Mato Grosso\",\"isPartOf\":{\"@id\":\"https:\\\/\\\/rem.sema.mt.gov.br\\\/#website\"},\"primaryImageOfPage\":{\"@id\":\"https:\\\/\\\/rem.sema.mt.gov.br\\\/agricultura-familiar\\\/rem-mt-realiza-seminario-para-discutir-programa-de-formacao-que-vai-fortalecer-a-agricultura-familiar\\\/#primaryimage\"},\"image\":{\"@id\":\"https:\\\/\\\/rem.sema.mt.gov.br\\\/agricultura-familiar\\\/rem-mt-realiza-seminario-para-discutir-programa-de-formacao-que-vai-fortalecer-a-agricultura-familiar\\\/#primaryimage\"},\"thumbnailUrl\":\"https:\\\/\\\/anoticiamt.sfo2.digitaloceanspaces.com\\\/storage\\\/webdisco\\\/2023\\\/09\\\/05\\\/original\\\/ef36c86d78e7ac604d5272199b338da6.jpg\",\"datePublished\":\"2023-09-04T15:55:33+00:00\",\"dateModified\":\"2024-06-23T14:31:47+00:00\",\"author\":{\"@id\":\"https:\\\/\\\/rem.sema.mt.gov.br\\\/#\\\/schema\\\/person\\\/c1c87c5fec98c415b7dd9f1c8b5e1d18\"},\"description\":\"Agricultura familiar e sustentabilidade no centro das discuss\u00f5es. Conhe\u00e7a os desafios e iniciativas do Programa PEQUIS em Mato Grosso.\",\"breadcrumb\":{\"@id\":\"https:\\\/\\\/rem.sema.mt.gov.br\\\/agricultura-familiar\\\/rem-mt-realiza-seminario-para-discutir-programa-de-formacao-que-vai-fortalecer-a-agricultura-familiar\\\/#breadcrumb\"},\"inLanguage\":\"en-US\",\"potentialAction\":[{\"@type\":\"ReadAction\",\"target\":[\"https:\\\/\\\/rem.sema.mt.gov.br\\\/agricultura-familiar\\\/rem-mt-realiza-seminario-para-discutir-programa-de-formacao-que-vai-fortalecer-a-agricultura-familiar\\\/\"]}]},{\"@type\":\"ImageObject\",\"inLanguage\":\"en-US\",\"@id\":\"https:\\\/\\\/rem.sema.mt.gov.br\\\/agricultura-familiar\\\/rem-mt-realiza-seminario-para-discutir-programa-de-formacao-que-vai-fortalecer-a-agricultura-familiar\\\/#primaryimage\",\"url\":\"https:\\\/\\\/anoticiamt.sfo2.digitaloceanspaces.com\\\/storage\\\/webdisco\\\/2023\\\/09\\\/05\\\/original\\\/ef36c86d78e7ac604d5272199b338da6.jpg\",\"contentUrl\":\"https:\\\/\\\/anoticiamt.sfo2.digitaloceanspaces.com\\\/storage\\\/webdisco\\\/2023\\\/09\\\/05\\\/original\\\/ef36c86d78e7ac604d5272199b338da6.jpg\"},{\"@type\":\"BreadcrumbList\",\"@id\":\"https:\\\/\\\/rem.sema.mt.gov.br\\\/agricultura-familiar\\\/rem-mt-realiza-seminario-para-discutir-programa-de-formacao-que-vai-fortalecer-a-agricultura-familiar\\\/#breadcrumb\",\"itemListElement\":[{\"@type\":\"ListItem\",\"position\":1,\"name\":\"In\u00edcio\",\"item\":\"https:\\\/\\\/rem.sema.mt.gov.br\\\/\"},{\"@type\":\"ListItem\",\"position\":2,\"name\":\"REM MT realiza semin\u00e1rio para discutir programa de forma\u00e7\u00e3o que vai fortalecer a agricultura familiar\"}]},{\"@type\":\"WebSite\",\"@id\":\"https:\\\/\\\/rem.sema.mt.gov.br\\\/#website\",\"url\":\"https:\\\/\\\/rem.sema.mt.gov.br\\\/\",\"name\":\"REM\",\"description\":\"Mato Grosso\",\"potentialAction\":[{\"@type\":\"SearchAction\",\"target\":{\"@type\":\"EntryPoint\",\"urlTemplate\":\"https:\\\/\\\/rem.sema.mt.gov.br\\\/?s={search_term_string}\"},\"query-input\":{\"@type\":\"PropertyValueSpecification\",\"valueRequired\":true,\"valueName\":\"search_term_string\"}}],\"inLanguage\":\"en-US\"}]}<\/script>\n<!-- \/ Yoast SEO plugin. -->","yoast_head_json":{"title":"Agricultura Familiar: Sustentabilidade e Desafios em Mato Grosso","description":"Agricultura familiar e sustentabilidade no centro das discuss\u00f5es. Conhe\u00e7a os desafios e iniciativas do Programa PEQUIS em Mato Grosso.","robots":{"index":"index","follow":"follow","max-snippet":"max-snippet:-1","max-image-preview":"max-image-preview:large","max-video-preview":"max-video-preview:-1"},"canonical":"https:\/\/rem.sema.mt.gov.br\/en\/agricultura-familiar\/rem-mt-realiza-seminario-para-discutir-programa-de-formacao-que-vai-fortalecer-a-agricultura-familiar\/","og_locale":"en_US","og_type":"article","og_title":"Agricultura Familiar: Sustentabilidade e Desafios em Mato Grosso","og_description":"Agricultura familiar e sustentabilidade no centro das discuss\u00f5es. Conhe\u00e7a os desafios e iniciativas do Programa PEQUIS em Mato Grosso.","og_url":"https:\/\/rem.sema.mt.gov.br\/en\/agricultura-familiar\/rem-mt-realiza-seminario-para-discutir-programa-de-formacao-que-vai-fortalecer-a-agricultura-familiar\/","og_site_name":"REM","article_published_time":"2023-09-04T15:55:33+00:00","article_modified_time":"2024-06-23T14:31:47+00:00","og_image":[{"url":"https:\/\/anoticiamt.sfo2.digitaloceanspaces.com\/storage\/webdisco\/2023\/09\/05\/original\/ef36c86d78e7ac604d5272199b338da6.jpg","type":"","width":"","height":""}],"author":"Nvlo","twitter_card":"summary_large_image","twitter_misc":{"Written by":"Nvlo","Est. reading time":"4 minutes"},"schema":{"@context":"https:\/\/schema.org","@graph":[{"@type":"WebPage","@id":"https:\/\/rem.sema.mt.gov.br\/agricultura-familiar\/rem-mt-realiza-seminario-para-discutir-programa-de-formacao-que-vai-fortalecer-a-agricultura-familiar\/","url":"https:\/\/rem.sema.mt.gov.br\/agricultura-familiar\/rem-mt-realiza-seminario-para-discutir-programa-de-formacao-que-vai-fortalecer-a-agricultura-familiar\/","name":"Agricultura Familiar: Sustentabilidade e Desafios em Mato Grosso","isPartOf":{"@id":"https:\/\/rem.sema.mt.gov.br\/#website"},"primaryImageOfPage":{"@id":"https:\/\/rem.sema.mt.gov.br\/agricultura-familiar\/rem-mt-realiza-seminario-para-discutir-programa-de-formacao-que-vai-fortalecer-a-agricultura-familiar\/#primaryimage"},"image":{"@id":"https:\/\/rem.sema.mt.gov.br\/agricultura-familiar\/rem-mt-realiza-seminario-para-discutir-programa-de-formacao-que-vai-fortalecer-a-agricultura-familiar\/#primaryimage"},"thumbnailUrl":"https:\/\/anoticiamt.sfo2.digitaloceanspaces.com\/storage\/webdisco\/2023\/09\/05\/original\/ef36c86d78e7ac604d5272199b338da6.jpg","datePublished":"2023-09-04T15:55:33+00:00","dateModified":"2024-06-23T14:31:47+00:00","author":{"@id":"https:\/\/rem.sema.mt.gov.br\/#\/schema\/person\/c1c87c5fec98c415b7dd9f1c8b5e1d18"},"description":"Agricultura familiar e sustentabilidade no centro das discuss\u00f5es. Conhe\u00e7a os desafios e iniciativas do Programa PEQUIS em Mato Grosso.","breadcrumb":{"@id":"https:\/\/rem.sema.mt.gov.br\/agricultura-familiar\/rem-mt-realiza-seminario-para-discutir-programa-de-formacao-que-vai-fortalecer-a-agricultura-familiar\/#breadcrumb"},"inLanguage":"en-US","potentialAction":[{"@type":"ReadAction","target":["https:\/\/rem.sema.mt.gov.br\/agricultura-familiar\/rem-mt-realiza-seminario-para-discutir-programa-de-formacao-que-vai-fortalecer-a-agricultura-familiar\/"]}]},{"@type":"ImageObject","inLanguage":"en-US","@id":"https:\/\/rem.sema.mt.gov.br\/agricultura-familiar\/rem-mt-realiza-seminario-para-discutir-programa-de-formacao-que-vai-fortalecer-a-agricultura-familiar\/#primaryimage","url":"https:\/\/anoticiamt.sfo2.digitaloceanspaces.com\/storage\/webdisco\/2023\/09\/05\/original\/ef36c86d78e7ac604d5272199b338da6.jpg","contentUrl":"https:\/\/anoticiamt.sfo2.digitaloceanspaces.com\/storage\/webdisco\/2023\/09\/05\/original\/ef36c86d78e7ac604d5272199b338da6.jpg"},{"@type":"BreadcrumbList","@id":"https:\/\/rem.sema.mt.gov.br\/agricultura-familiar\/rem-mt-realiza-seminario-para-discutir-programa-de-formacao-que-vai-fortalecer-a-agricultura-familiar\/#breadcrumb","itemListElement":[{"@type":"ListItem","position":1,"name":"In\u00edcio","item":"https:\/\/rem.sema.mt.gov.br\/"},{"@type":"ListItem","position":2,"name":"REM MT realiza semin\u00e1rio para discutir programa de forma\u00e7\u00e3o que vai fortalecer a agricultura familiar"}]},{"@type":"WebSite","@id":"https:\/\/rem.sema.mt.gov.br\/#website","url":"https:\/\/rem.sema.mt.gov.br\/","name":"REM","description":"Mato Grosso","potentialAction":[{"@type":"SearchAction","target":{"@type":"EntryPoint","urlTemplate":"https:\/\/rem.sema.mt.gov.br\/?s={search_term_string}"},"query-input":{"@type":"PropertyValueSpecification","valueRequired":true,"valueName":"search_term_string"}}],"inLanguage":"en-US"}]}},"_links":{"self":[{"href":"https:\/\/rem.sema.mt.gov.br\/en\/wp-json\/wp\/v2\/posts\/668","targetHints":{"allow":["GET"]}}],"collection":[{"href":"https:\/\/rem.sema.mt.gov.br\/en\/wp-json\/wp\/v2\/posts"}],"about":[{"href":"https:\/\/rem.sema.mt.gov.br\/en\/wp-json\/wp\/v2\/types\/post"}],"author":[{"embeddable":true,"href":"https:\/\/rem.sema.mt.gov.br\/en\/wp-json\/wp\/v2\/users\/2"}],"replies":[{"embeddable":true,"href":"https:\/\/rem.sema.mt.gov.br\/en\/wp-json\/wp\/v2\/comments?post=668"}],"version-history":[{"count":2,"href":"https:\/\/rem.sema.mt.gov.br\/en\/wp-json\/wp\/v2\/posts\/668\/revisions"}],"predecessor-version":[{"id":4327,"href":"https:\/\/rem.sema.mt.gov.br\/en\/wp-json\/wp\/v2\/posts\/668\/revisions\/4327"}],"wp:attachment":[{"href":"https:\/\/rem.sema.mt.gov.br\/en\/wp-json\/wp\/v2\/media?parent=668"}],"wp:term":[{"taxonomy":"category","embeddable":true,"href":"https:\/\/rem.sema.mt.gov.br\/en\/wp-json\/wp\/v2\/categories?post=668"},{"taxonomy":"post_tag","embeddable":true,"href":"https:\/\/rem.sema.mt.gov.br\/en\/wp-json\/wp\/v2\/tags?post=668"}],"curies":[{"name":"wp","href":"https:\/\/api.w.org\/{rel}","templated":true}]}}