{"id":678,"date":"2023-10-16T11:58:24","date_gmt":"2023-10-16T14:58:24","guid":{"rendered":"https:\/\/devsweb.com.br\/rem_wp\/calor-extremo-e-inseguranca-hidrica-das-mudancas-climaticas-impactam-agronegocio-diz-co-fundador-do-ipam\/"},"modified":"2024-06-27T08:13:35","modified_gmt":"2024-06-27T11:13:35","slug":"calor-extremo-e-inseguranca-hidrica-das-mudancas-climaticas-impactam-agronegocio-diz-co-fundador-do-ipam","status":"publish","type":"post","link":"https:\/\/rem.sema.mt.gov.br\/en\/noticias\/calor-extremo-e-inseguranca-hidrica-das-mudancas-climaticas-impactam-agronegocio-diz-co-fundador-do-ipam\/","title":{"rendered":"Calor extremo e inseguran\u00e7a h\u00eddrica das mudan\u00e7as clim\u00e1ticas impactam agroneg\u00f3cio, diz co-fundador do IPAM"},"content":{"rendered":"<p dir=\"ltr\"><span style=\"font-size: 14pt;\"><img fetchpriority=\"high\" decoding=\"async\" class=\"CToWUd a6T\" style=\"display: block; margin-left: auto; margin-right: auto;\" tabindex=\"0\" src=\"https:\/\/lh4.googleusercontent.com\/_OHvVCdH6eG9Zgyi1ScKmm0cHE5PVqoCjxt4AyADeQav4LCHSeemERMoQkq6GdmSNMvHInW_DXF3f8Uz9ChKkRHiZZhYofrwHL_G037NS79VCt3oBOfIJ73kVYDWSDQCMXRxlAfaFHI6SLpCMW-ZW_8\" width=\"602\" height=\"337\" crossorigin=\"\" data-bit=\"iit\" \/><\/span><\/p>\n<p dir=\"ltr\" style=\"text-align: justify;\"><span style=\"font-size: 14pt;\"><span style=\"font-size: 36pt;\"><strong>O<\/strong><\/span> rel\u00f3gio clim\u00e1tico continua a avan\u00e7ar a passos largos e os sinais de que o nosso planeta est\u00e1 enfrentando uma crise clim\u00e1tica crescente s\u00e3o ineg\u00e1veis. Temperaturas recordes e inseguran\u00e7a h\u00eddrica nos levam a repensar formas de repensar a produ\u00e7\u00e3o atual e evitar o desmatamento ilegal. Em vista disso, o <a href=\"https:\/\/remmt.com.br\/\">Programa REM MT<\/a> realizou o &#8220;Semin\u00e1rio Pol\u00edticas P\u00fablicas Inovadoras, Comando e Controle e Mudan\u00e7as Clim\u00e1ticas&#8221;, com a presen\u00e7a do profissional s\u00eanior e co-fundador do Instituto de Pesquisa Ambiental da Amaz\u00f4nia (IPAM), Paulo Moutinho, para trocar experi\u00eancias e discutir solu\u00e7\u00f5es estrat\u00e9gicas.<\/span><\/p>\n<p dir=\"ltr\" style=\"text-align: justify;\"><span style=\"font-size: 14pt;\">O semin\u00e1rio ocorreu nos dias 10 e 11 de outubro, no Hotel Delmond, em Cuiab\u00e1. A coordenadora do Subprograma Fortalecimento Institucional e Pol\u00edticas P\u00fablicas Estruturantes (Fippe), Francieli Nascimento, cita que Mato Grosso apresentou bom resultado de fiscaliza\u00e7\u00e3o, segundo o \u00faltimo Prodes. No entanto, h\u00e1 ainda muito que melhorar na mitiga\u00e7\u00e3o das mudan\u00e7as clim\u00e1ticas.\u00a0<\/span><\/p>\n<blockquote>\n<p dir=\"ltr\" style=\"text-align: justify;\"><span style=\"font-size: 14pt;\">\u201cMato Grosso tem bons resultados no combate \u00e0 fiscaliza\u00e7\u00e3o, n\u00f3s alcan\u00e7amos uma redu\u00e7\u00e3o de 13%, conforme no \u00faltimo Prodes, mas ainda o desafio \u00e9 muito grande, precisamos evoluir muito, pra isso a gente tra\u00e7a novas estrat\u00e9gias para ter novos resultados. E a experi\u00eancia de casos de sucesso de outros \u00f3rg\u00e3os fora de Mato Grosso s\u00e3o inspira\u00e7\u00f5es a serem adotados aqui tamb\u00e9m. Com isso, ouvindo eles e os detalhes pr\u00e1ticos de como ocorreram as opera\u00e7\u00f5es, quais foram as dificuldades, o que deu certo, diminui a linha de aprendizado tamb\u00e9m do estado de Mato Grosso\u201d, pontua Francieli.<\/span><\/p>\n<\/blockquote>\n<p dir=\"ltr\"><span style=\"font-size: 14pt;\"><img decoding=\"async\" class=\"CToWUd a6T\" style=\"display: block; margin-left: auto; margin-right: auto;\" tabindex=\"0\" src=\"https:\/\/lh4.googleusercontent.com\/4njTKuBNhEFzE74f681ZoZHvrUFW-R359AowfJxZ7ygE5Rbc9CqpCUYGboqQ9bOpz_KCAj7bLAPeu1SUUa_2EJbkXlSLK-HihIEzpSiwCSh2gNkx6cls4F86_peDmYLvPVWp37I3xzESZsuob_A-SvE\" width=\"602\" height=\"337\" crossorigin=\"\" data-bit=\"iit\" \/><\/span><\/p>\n<p dir=\"ltr\" style=\"text-align: justify;\"><span style=\"font-size: 18pt;\"><strong>ACELERA\u00c7\u00c3O DAS MUDAN\u00c7AS CLIM\u00c1TICAS<\/strong><\/span><\/p>\n<p dir=\"ltr\" style=\"text-align: justify;\"><span style=\"font-size: 14pt;\">Segundo o pesquisador s\u00eanior e co-fundador do Ipam, Paulo Moutinho, o calor extremo que o pa\u00eds vivenciou nos \u00faltimos meses corresponde \u00e0 chegada cada vez mais pr\u00f3xima das mudan\u00e7as clim\u00e1ticas.\u00a0<\/span><\/p>\n<blockquote>\n<p dir=\"ltr\" style=\"text-align: justify;\"><span style=\"font-size: 14pt;\">\u201cA mudan\u00e7a clim\u00e1tica vem se acelerando, porque n\u00f3s n\u00e3o estamos cumprindo nosso dever de casa como humanidade, que \u00e9 a redu\u00e7\u00e3o das emiss\u00f5es de gases de efeito estufa que aquecem o planeta, seja por queima de combust\u00edvel f\u00f3ssil, seja por derrubada de florestas, principalmente as florestas densas tropicais, como \u00e9 o caso da amaz\u00f4nia. Ao n\u00e3o fazer isso, voc\u00ea tem um aumento cada vez maior de frequ\u00eancia e intensidade de eventos extremos, alguns deles a gente est\u00e1 vendo o pren\u00fancio, principalmente neste ano, dessa seca que a gente est\u00e1 vivendo\u201d, relata.<\/span><\/p>\n<\/blockquote>\n<p dir=\"ltr\" style=\"text-align: justify;\"><span style=\"font-size: 14pt;\">Outra situa\u00e7\u00e3o extrema vivenciada cada vez mais \u00e9 a inseguran\u00e7a h\u00eddrica. \u201cO grande problema \u00e9 quando voc\u00ea soma essa quest\u00e3o global da mudan\u00e7a do clima com o desmatamento, especialmente em florestas altas como a Amaz\u00f4nia, a floresta \u00e9 \u00e1gua e carbono, se voc\u00ea derruba, voc\u00ea deixa de ter \u00e1gua e deixa de ter as emiss\u00f5es controladas\u201d, explica o especialista.<\/span><\/p>\n<p dir=\"ltr\" style=\"text-align: justify;\"><span style=\"font-size: 14pt;\">Ali\u00e1s, de acordo com Paulo, as mudan\u00e7as clim\u00e1ticas ir\u00e3o influenciar o agroneg\u00f3cio, visto que a falta de \u00e1gua e chuva v\u00e3o impactar diretamente na produ\u00e7\u00e3o da agricultura e pecu\u00e1ria. Ou seja, a preserva\u00e7\u00e3o vai al\u00e9m de uma quest\u00e3o ambiental, se tornando um problema econ\u00f4mico que os produtores precisam enxergar.<\/span><\/p>\n<p dir=\"ltr\" style=\"text-align: justify;\"><span style=\"font-size: 14pt;\">Tido como o \u201cceleiro do mundo\u201d, Mato Grosso tem a oportunidade de se tornar um exemplo de produ\u00e7\u00e3o aliada \u00e0 sustentabilidade. A alian\u00e7a entre o agroneg\u00f3cio e a preserva\u00e7\u00e3o dos biomas em Mato Grosso \u00e9 uma estrat\u00e9gia inteligente para enfrentar as mudan\u00e7as clim\u00e1ticas, manter a biodiversidade e garantir um futuro sustent\u00e1vel.\u00a0<\/span><\/p>\n<p dir=\"ltr\" style=\"text-align: justify;\"><span style=\"font-size: 14pt;\">Essa abordagem exige coopera\u00e7\u00e3o entre o governo, a ind\u00fastria agr\u00edcola, a sociedade civil e a comunidade internacional para criar um ambiente em que o crescimento econ\u00f4mico esteja em harmonia com a conserva\u00e7\u00e3o ambiental.<\/span><\/p>\n<blockquote>\n<p dir=\"ltr\" style=\"text-align: justify;\"><span style=\"font-size: 14pt;\">\u201cEstamos vendo a queda de produtividade em alguns lugares, especialmente em anos como esse, onde voc\u00ea tem um problema s\u00e9rio de al\u00e9m da quest\u00e3o da mudan\u00e7a que o El ni\u00f1o e outros grandes eventos trazem, voc\u00ea n\u00e3o consegue manter a \u00e1gua, porque a paisagem \u00e9 desmatada. As apps est\u00e3o desmatadas, ent\u00e3o essa quest\u00e3o da sa\u00fade h\u00eddrica e da atmosfera \u00e9 fundamental pra produ\u00e7\u00e3o. N\u00e3o existe pa\u00eds que vai manter a produ\u00e7\u00e3o de alimentos se n\u00e3o entender agora que ele precisa conciliar as duas coisas, e qui\u00e7\u00e1 a gente tenha no Mato Grosso fontes de exemplo para isso\u201d, alerta Paulo.\u00a0<\/span><\/p>\n<\/blockquote>\n<p dir=\"ltr\" style=\"text-align: justify;\"><span style=\"font-size: 14pt;\">Por conta da sua biodiversidade, Mato Grosso desempenha um papel fundamental na mitiga\u00e7\u00e3o das mudan\u00e7as clim\u00e1ticas e na conserva\u00e7\u00e3o da biodiversidade devido \u00e0 sua vasta extens\u00e3o territorial e \u00e0 presen\u00e7a de tr\u00eas importantes biomas: o Cerrado, a Amaz\u00f4nia e o Pantanal.<\/span><\/p>\n<p dir=\"ltr\" style=\"text-align: justify;\"><span style=\"font-size: 14pt;\">Paulo visualiza o trabalho do Programa REM MT como essencial na manuten\u00e7\u00e3o da floresta em p\u00e9.\u00a0<\/span><\/p>\n<blockquote>\n<p dir=\"ltr\" style=\"text-align: justify;\"><span style=\"font-size: 14pt;\">\u201c\u00c9 quase que um or\u00e1culo de boas ideias que est\u00e3o sendo testadas no ch\u00e3o e que podem servir para algo mais global, vamos dizer assim. A tend\u00eancia \u00e9 que pela conven\u00e7\u00e3o de clima, pelo andar da carruagem em termos de risco clim\u00e1tico, pa\u00edses do mundo inteiro v\u00e3o poder investir em preserva\u00e7\u00e3o de floresta e como eu disse antes, sem perder o protagonismo na produ\u00e7\u00e3o de alimentos. Ent\u00e3o, o REM MT d\u00e1 os insights pra isso, a esperan\u00e7a e motiva\u00e7\u00e3o\u201d, reflete.<\/span><\/p>\n<\/blockquote>\n<p dir=\"ltr\" style=\"text-align: justify;\"><span style=\"font-size: 14pt;\">Tamb\u00e9m fizeram parte do semin\u00e1rio:<\/span><\/p>\n<p dir=\"ltr\" style=\"text-align: justify;\"><span style=\"font-size: 14pt;\">&#8211; O secret\u00e1rio executivo da Sema-MT, Alex Marega, para falar sobre o PPCDIF\/MT e estrat\u00e9gias inovadoras;<\/span><br \/>\n<span style=\"font-size: 14pt;\">&#8211; A Assessora T\u00e9cnica do Comit\u00ea de Monitoramento e Planejamento Estrat\u00e9gico para Fiscaliza\u00e7\u00e3o (CFISC) da SEMA-PA, Andrea Coelho, para falar sobre Selo Verde e monitoramento ambiental;<\/span><br \/>\n<span style=\"font-size: 14pt;\">&#8211; A coordenadora-Geral de Fiscaliza\u00e7\u00e3o IBAMA, Carolina Bastos, para falar sobre Casos inovadores e de sucesso do IBAMA nacional;<\/span><br \/>\n<span style=\"font-size: 14pt;\">&#8211;\u00a0 A T\u00e9cnica em Gest\u00e3o de Meio Ambiente da Assessoria Especial de Intelig\u00eancia e Seguran\u00e7a Corporativa (AISC) da SEMA-PA, Hellem Cristina Teixeira Rodrigues, para falar sobre intelig\u00eancia ambiental.\u00a0<\/span><\/p>","protected":false},"excerpt":{"rendered":"<p>O rel\u00f3gio clim\u00e1tico continua a avan\u00e7ar a passos largos e os sinais de que o nosso planeta est\u00e1 enfrentando uma crise clim\u00e1tica crescente s\u00e3o ineg\u00e1veis. Temperaturas recordes e inseguran\u00e7a h\u00eddrica nos levam a repensar formas de repensar a produ\u00e7\u00e3o atual e evitar o desmatamento ilegal. Em vista disso, o Programa REM MT realizou o &#8220;Semin\u00e1rio [&hellip;]<\/p>","protected":false},"author":2,"featured_media":0,"comment_status":"open","ping_status":"open","sticky":false,"template":"","format":"standard","meta":{"_eb_attr":"","ocean_post_layout":"","ocean_both_sidebars_style":"","ocean_both_sidebars_content_width":0,"ocean_both_sidebars_sidebars_width":0,"ocean_sidebar":"","ocean_second_sidebar":"","ocean_disable_margins":"enable","ocean_add_body_class":"","ocean_shortcode_before_top_bar":"","ocean_shortcode_after_top_bar":"","ocean_shortcode_before_header":"","ocean_shortcode_after_header":"","ocean_has_shortcode":"","ocean_shortcode_after_title":"","ocean_shortcode_before_footer_widgets":"","ocean_shortcode_after_footer_widgets":"","ocean_shortcode_before_footer_bottom":"","ocean_shortcode_after_footer_bottom":"","ocean_display_top_bar":"default","ocean_display_header":"default","ocean_header_style":"","ocean_center_header_left_menu":"","ocean_custom_header_template":"","ocean_custom_logo":0,"ocean_custom_retina_logo":0,"ocean_custom_logo_max_width":0,"ocean_custom_logo_tablet_max_width":0,"ocean_custom_logo_mobile_max_width":0,"ocean_custom_logo_max_height":0,"ocean_custom_logo_tablet_max_height":0,"ocean_custom_logo_mobile_max_height":0,"ocean_header_custom_menu":"","ocean_menu_typo_font_family":"","ocean_menu_typo_font_subset":"","ocean_menu_typo_font_size":0,"ocean_menu_typo_font_size_tablet":0,"ocean_menu_typo_font_size_mobile":0,"ocean_menu_typo_font_size_unit":"px","ocean_menu_typo_font_weight":"","ocean_menu_typo_font_weight_tablet":"","ocean_menu_typo_font_weight_mobile":"","ocean_menu_typo_transform":"","ocean_menu_typo_transform_tablet":"","ocean_menu_typo_transform_mobile":"","ocean_menu_typo_line_height":0,"ocean_menu_typo_line_height_tablet":0,"ocean_menu_typo_line_height_mobile":0,"ocean_menu_typo_line_height_unit":"","ocean_menu_typo_spacing":0,"ocean_menu_typo_spacing_tablet":0,"ocean_menu_typo_spacing_mobile":0,"ocean_menu_typo_spacing_unit":"","ocean_menu_link_color":"","ocean_menu_link_color_hover":"","ocean_menu_link_color_active":"","ocean_menu_link_background":"","ocean_menu_link_hover_background":"","ocean_menu_link_active_background":"","ocean_menu_social_links_bg":"","ocean_menu_social_hover_links_bg":"","ocean_menu_social_links_color":"","ocean_menu_social_hover_links_color":"","ocean_disable_title":"default","ocean_disable_heading":"default","ocean_post_title":"","ocean_post_subheading":"","ocean_post_title_style":"","ocean_post_title_background_color":"","ocean_post_title_background":0,"ocean_post_title_bg_image_position":"","ocean_post_title_bg_image_attachment":"","ocean_post_title_bg_image_repeat":"","ocean_post_title_bg_image_size":"","ocean_post_title_height":0,"ocean_post_title_bg_overlay":0.5,"ocean_post_title_bg_overlay_color":"","ocean_disable_breadcrumbs":"default","ocean_breadcrumbs_color":"","ocean_breadcrumbs_separator_color":"","ocean_breadcrumbs_links_color":"","ocean_breadcrumbs_links_hover_color":"","ocean_display_footer_widgets":"default","ocean_display_footer_bottom":"default","ocean_custom_footer_template":"","ocean_post_oembed":"","ocean_post_self_hosted_media":"","ocean_post_video_embed":"","ocean_link_format":"","ocean_link_format_target":"self","ocean_quote_format":"","ocean_quote_format_link":"post","ocean_gallery_link_images":"on","ocean_gallery_id":[],"footnotes":""},"categories":[19],"tags":[],"class_list":["post-678","post","type-post","status-publish","format-standard","hentry","category-noticias","entry"],"yoast_head":"<!-- This site is optimized with the Yoast SEO plugin v27.5 - https:\/\/yoast.com\/product\/yoast-seo-wordpress\/ -->\n<title>Inseguran\u00e7a H\u00eddrica em Debate no Semin\u00e1rio REM MT<\/title>\n<meta name=\"description\" content=\"Temperaturas recordes e inseguran\u00e7a h\u00eddrica exigem novas estrat\u00e9gias de produ\u00e7\u00e3o e combate ao desmatamento, diz semin\u00e1rio REM MT.\" \/>\n<meta name=\"robots\" content=\"index, follow, max-snippet:-1, max-image-preview:large, max-video-preview:-1\" \/>\n<link rel=\"canonical\" href=\"https:\/\/rem.sema.mt.gov.br\/en\/noticias\/calor-extremo-e-inseguranca-hidrica-das-mudancas-climaticas-impactam-agronegocio-diz-co-fundador-do-ipam\/\" \/>\n<meta property=\"og:locale\" content=\"en_US\" \/>\n<meta property=\"og:type\" content=\"article\" \/>\n<meta property=\"og:title\" content=\"Inseguran\u00e7a H\u00eddrica em Debate no Semin\u00e1rio REM MT\" \/>\n<meta property=\"og:description\" content=\"Temperaturas recordes e inseguran\u00e7a h\u00eddrica exigem novas estrat\u00e9gias de produ\u00e7\u00e3o e combate ao desmatamento, diz semin\u00e1rio REM MT.\" \/>\n<meta property=\"og:url\" content=\"https:\/\/rem.sema.mt.gov.br\/en\/noticias\/calor-extremo-e-inseguranca-hidrica-das-mudancas-climaticas-impactam-agronegocio-diz-co-fundador-do-ipam\/\" \/>\n<meta property=\"og:site_name\" content=\"REM\" \/>\n<meta property=\"article:published_time\" content=\"2023-10-16T14:58:24+00:00\" \/>\n<meta property=\"article:modified_time\" content=\"2024-06-27T11:13:35+00:00\" \/>\n<meta property=\"og:image\" content=\"https:\/\/lh4.googleusercontent.com\/_OHvVCdH6eG9Zgyi1ScKmm0cHE5PVqoCjxt4AyADeQav4LCHSeemERMoQkq6GdmSNMvHInW_DXF3f8Uz9ChKkRHiZZhYofrwHL_G037NS79VCt3oBOfIJ73kVYDWSDQCMXRxlAfaFHI6SLpCMW-ZW_8\" \/>\n<meta name=\"author\" content=\"Nvlo\" \/>\n<meta name=\"twitter:card\" content=\"summary_large_image\" \/>\n<meta name=\"twitter:label1\" content=\"Written by\" \/>\n\t<meta name=\"twitter:data1\" content=\"Nvlo\" \/>\n\t<meta name=\"twitter:label2\" content=\"Est. reading time\" \/>\n\t<meta name=\"twitter:data2\" content=\"4 minutes\" \/>\n<script type=\"application\/ld+json\" class=\"yoast-schema-graph\">{\"@context\":\"https:\\\/\\\/schema.org\",\"@graph\":[{\"@type\":\"WebPage\",\"@id\":\"https:\\\/\\\/rem.sema.mt.gov.br\\\/en\\\/noticias\\\/calor-extremo-e-inseguranca-hidrica-das-mudancas-climaticas-impactam-agronegocio-diz-co-fundador-do-ipam\\\/\",\"url\":\"https:\\\/\\\/rem.sema.mt.gov.br\\\/en\\\/noticias\\\/calor-extremo-e-inseguranca-hidrica-das-mudancas-climaticas-impactam-agronegocio-diz-co-fundador-do-ipam\\\/\",\"name\":\"Inseguran\u00e7a H\u00eddrica em Debate no Semin\u00e1rio REM MT\",\"isPartOf\":{\"@id\":\"https:\\\/\\\/rem.sema.mt.gov.br\\\/#website\"},\"primaryImageOfPage\":{\"@id\":\"https:\\\/\\\/rem.sema.mt.gov.br\\\/en\\\/noticias\\\/calor-extremo-e-inseguranca-hidrica-das-mudancas-climaticas-impactam-agronegocio-diz-co-fundador-do-ipam\\\/#primaryimage\"},\"image\":{\"@id\":\"https:\\\/\\\/rem.sema.mt.gov.br\\\/en\\\/noticias\\\/calor-extremo-e-inseguranca-hidrica-das-mudancas-climaticas-impactam-agronegocio-diz-co-fundador-do-ipam\\\/#primaryimage\"},\"thumbnailUrl\":\"https:\\\/\\\/lh4.googleusercontent.com\\\/_OHvVCdH6eG9Zgyi1ScKmm0cHE5PVqoCjxt4AyADeQav4LCHSeemERMoQkq6GdmSNMvHInW_DXF3f8Uz9ChKkRHiZZhYofrwHL_G037NS79VCt3oBOfIJ73kVYDWSDQCMXRxlAfaFHI6SLpCMW-ZW_8\",\"datePublished\":\"2023-10-16T14:58:24+00:00\",\"dateModified\":\"2024-06-27T11:13:35+00:00\",\"author\":{\"@id\":\"https:\\\/\\\/rem.sema.mt.gov.br\\\/#\\\/schema\\\/person\\\/c1c87c5fec98c415b7dd9f1c8b5e1d18\"},\"description\":\"Temperaturas recordes e inseguran\u00e7a h\u00eddrica exigem novas estrat\u00e9gias de produ\u00e7\u00e3o e combate ao desmatamento, diz semin\u00e1rio REM MT.\",\"breadcrumb\":{\"@id\":\"https:\\\/\\\/rem.sema.mt.gov.br\\\/en\\\/noticias\\\/calor-extremo-e-inseguranca-hidrica-das-mudancas-climaticas-impactam-agronegocio-diz-co-fundador-do-ipam\\\/#breadcrumb\"},\"inLanguage\":\"en-US\",\"potentialAction\":[{\"@type\":\"ReadAction\",\"target\":[\"https:\\\/\\\/rem.sema.mt.gov.br\\\/en\\\/noticias\\\/calor-extremo-e-inseguranca-hidrica-das-mudancas-climaticas-impactam-agronegocio-diz-co-fundador-do-ipam\\\/\"]}]},{\"@type\":\"ImageObject\",\"inLanguage\":\"en-US\",\"@id\":\"https:\\\/\\\/rem.sema.mt.gov.br\\\/en\\\/noticias\\\/calor-extremo-e-inseguranca-hidrica-das-mudancas-climaticas-impactam-agronegocio-diz-co-fundador-do-ipam\\\/#primaryimage\",\"url\":\"https:\\\/\\\/lh4.googleusercontent.com\\\/_OHvVCdH6eG9Zgyi1ScKmm0cHE5PVqoCjxt4AyADeQav4LCHSeemERMoQkq6GdmSNMvHInW_DXF3f8Uz9ChKkRHiZZhYofrwHL_G037NS79VCt3oBOfIJ73kVYDWSDQCMXRxlAfaFHI6SLpCMW-ZW_8\",\"contentUrl\":\"https:\\\/\\\/lh4.googleusercontent.com\\\/_OHvVCdH6eG9Zgyi1ScKmm0cHE5PVqoCjxt4AyADeQav4LCHSeemERMoQkq6GdmSNMvHInW_DXF3f8Uz9ChKkRHiZZhYofrwHL_G037NS79VCt3oBOfIJ73kVYDWSDQCMXRxlAfaFHI6SLpCMW-ZW_8\"},{\"@type\":\"BreadcrumbList\",\"@id\":\"https:\\\/\\\/rem.sema.mt.gov.br\\\/en\\\/noticias\\\/calor-extremo-e-inseguranca-hidrica-das-mudancas-climaticas-impactam-agronegocio-diz-co-fundador-do-ipam\\\/#breadcrumb\",\"itemListElement\":[{\"@type\":\"ListItem\",\"position\":1,\"name\":\"In\u00edcio\",\"item\":\"https:\\\/\\\/rem.sema.mt.gov.br\\\/\"},{\"@type\":\"ListItem\",\"position\":2,\"name\":\"Calor extremo e inseguran\u00e7a h\u00eddrica das mudan\u00e7as clim\u00e1ticas impactam agroneg\u00f3cio, diz co-fundador do IPAM\"}]},{\"@type\":\"WebSite\",\"@id\":\"https:\\\/\\\/rem.sema.mt.gov.br\\\/#website\",\"url\":\"https:\\\/\\\/rem.sema.mt.gov.br\\\/\",\"name\":\"REM\",\"description\":\"Mato Grosso\",\"potentialAction\":[{\"@type\":\"SearchAction\",\"target\":{\"@type\":\"EntryPoint\",\"urlTemplate\":\"https:\\\/\\\/rem.sema.mt.gov.br\\\/?s={search_term_string}\"},\"query-input\":{\"@type\":\"PropertyValueSpecification\",\"valueRequired\":true,\"valueName\":\"search_term_string\"}}],\"inLanguage\":\"en-US\"}]}<\/script>\n<!-- \/ Yoast SEO plugin. -->","yoast_head_json":{"title":"Inseguran\u00e7a H\u00eddrica em Debate no Semin\u00e1rio REM MT","description":"Temperaturas recordes e inseguran\u00e7a h\u00eddrica exigem novas estrat\u00e9gias de produ\u00e7\u00e3o e combate ao desmatamento, diz semin\u00e1rio REM MT.","robots":{"index":"index","follow":"follow","max-snippet":"max-snippet:-1","max-image-preview":"max-image-preview:large","max-video-preview":"max-video-preview:-1"},"canonical":"https:\/\/rem.sema.mt.gov.br\/en\/noticias\/calor-extremo-e-inseguranca-hidrica-das-mudancas-climaticas-impactam-agronegocio-diz-co-fundador-do-ipam\/","og_locale":"en_US","og_type":"article","og_title":"Inseguran\u00e7a H\u00eddrica em Debate no Semin\u00e1rio REM MT","og_description":"Temperaturas recordes e inseguran\u00e7a h\u00eddrica exigem novas estrat\u00e9gias de produ\u00e7\u00e3o e combate ao desmatamento, diz semin\u00e1rio REM MT.","og_url":"https:\/\/rem.sema.mt.gov.br\/en\/noticias\/calor-extremo-e-inseguranca-hidrica-das-mudancas-climaticas-impactam-agronegocio-diz-co-fundador-do-ipam\/","og_site_name":"REM","article_published_time":"2023-10-16T14:58:24+00:00","article_modified_time":"2024-06-27T11:13:35+00:00","og_image":[{"url":"https:\/\/lh4.googleusercontent.com\/_OHvVCdH6eG9Zgyi1ScKmm0cHE5PVqoCjxt4AyADeQav4LCHSeemERMoQkq6GdmSNMvHInW_DXF3f8Uz9ChKkRHiZZhYofrwHL_G037NS79VCt3oBOfIJ73kVYDWSDQCMXRxlAfaFHI6SLpCMW-ZW_8","type":"","width":"","height":""}],"author":"Nvlo","twitter_card":"summary_large_image","twitter_misc":{"Written by":"Nvlo","Est. reading time":"4 minutes"},"schema":{"@context":"https:\/\/schema.org","@graph":[{"@type":"WebPage","@id":"https:\/\/rem.sema.mt.gov.br\/en\/noticias\/calor-extremo-e-inseguranca-hidrica-das-mudancas-climaticas-impactam-agronegocio-diz-co-fundador-do-ipam\/","url":"https:\/\/rem.sema.mt.gov.br\/en\/noticias\/calor-extremo-e-inseguranca-hidrica-das-mudancas-climaticas-impactam-agronegocio-diz-co-fundador-do-ipam\/","name":"Inseguran\u00e7a H\u00eddrica em Debate no Semin\u00e1rio REM MT","isPartOf":{"@id":"https:\/\/rem.sema.mt.gov.br\/#website"},"primaryImageOfPage":{"@id":"https:\/\/rem.sema.mt.gov.br\/en\/noticias\/calor-extremo-e-inseguranca-hidrica-das-mudancas-climaticas-impactam-agronegocio-diz-co-fundador-do-ipam\/#primaryimage"},"image":{"@id":"https:\/\/rem.sema.mt.gov.br\/en\/noticias\/calor-extremo-e-inseguranca-hidrica-das-mudancas-climaticas-impactam-agronegocio-diz-co-fundador-do-ipam\/#primaryimage"},"thumbnailUrl":"https:\/\/lh4.googleusercontent.com\/_OHvVCdH6eG9Zgyi1ScKmm0cHE5PVqoCjxt4AyADeQav4LCHSeemERMoQkq6GdmSNMvHInW_DXF3f8Uz9ChKkRHiZZhYofrwHL_G037NS79VCt3oBOfIJ73kVYDWSDQCMXRxlAfaFHI6SLpCMW-ZW_8","datePublished":"2023-10-16T14:58:24+00:00","dateModified":"2024-06-27T11:13:35+00:00","author":{"@id":"https:\/\/rem.sema.mt.gov.br\/#\/schema\/person\/c1c87c5fec98c415b7dd9f1c8b5e1d18"},"description":"Temperaturas recordes e inseguran\u00e7a h\u00eddrica exigem novas estrat\u00e9gias de produ\u00e7\u00e3o e combate ao desmatamento, diz semin\u00e1rio REM MT.","breadcrumb":{"@id":"https:\/\/rem.sema.mt.gov.br\/en\/noticias\/calor-extremo-e-inseguranca-hidrica-das-mudancas-climaticas-impactam-agronegocio-diz-co-fundador-do-ipam\/#breadcrumb"},"inLanguage":"en-US","potentialAction":[{"@type":"ReadAction","target":["https:\/\/rem.sema.mt.gov.br\/en\/noticias\/calor-extremo-e-inseguranca-hidrica-das-mudancas-climaticas-impactam-agronegocio-diz-co-fundador-do-ipam\/"]}]},{"@type":"ImageObject","inLanguage":"en-US","@id":"https:\/\/rem.sema.mt.gov.br\/en\/noticias\/calor-extremo-e-inseguranca-hidrica-das-mudancas-climaticas-impactam-agronegocio-diz-co-fundador-do-ipam\/#primaryimage","url":"https:\/\/lh4.googleusercontent.com\/_OHvVCdH6eG9Zgyi1ScKmm0cHE5PVqoCjxt4AyADeQav4LCHSeemERMoQkq6GdmSNMvHInW_DXF3f8Uz9ChKkRHiZZhYofrwHL_G037NS79VCt3oBOfIJ73kVYDWSDQCMXRxlAfaFHI6SLpCMW-ZW_8","contentUrl":"https:\/\/lh4.googleusercontent.com\/_OHvVCdH6eG9Zgyi1ScKmm0cHE5PVqoCjxt4AyADeQav4LCHSeemERMoQkq6GdmSNMvHInW_DXF3f8Uz9ChKkRHiZZhYofrwHL_G037NS79VCt3oBOfIJ73kVYDWSDQCMXRxlAfaFHI6SLpCMW-ZW_8"},{"@type":"BreadcrumbList","@id":"https:\/\/rem.sema.mt.gov.br\/en\/noticias\/calor-extremo-e-inseguranca-hidrica-das-mudancas-climaticas-impactam-agronegocio-diz-co-fundador-do-ipam\/#breadcrumb","itemListElement":[{"@type":"ListItem","position":1,"name":"In\u00edcio","item":"https:\/\/rem.sema.mt.gov.br\/"},{"@type":"ListItem","position":2,"name":"Calor extremo e inseguran\u00e7a h\u00eddrica das mudan\u00e7as clim\u00e1ticas impactam agroneg\u00f3cio, diz co-fundador do IPAM"}]},{"@type":"WebSite","@id":"https:\/\/rem.sema.mt.gov.br\/#website","url":"https:\/\/rem.sema.mt.gov.br\/","name":"REM","description":"Mato Grosso","potentialAction":[{"@type":"SearchAction","target":{"@type":"EntryPoint","urlTemplate":"https:\/\/rem.sema.mt.gov.br\/?s={search_term_string}"},"query-input":{"@type":"PropertyValueSpecification","valueRequired":true,"valueName":"search_term_string"}}],"inLanguage":"en-US"}]}},"_links":{"self":[{"href":"https:\/\/rem.sema.mt.gov.br\/en\/wp-json\/wp\/v2\/posts\/678","targetHints":{"allow":["GET"]}}],"collection":[{"href":"https:\/\/rem.sema.mt.gov.br\/en\/wp-json\/wp\/v2\/posts"}],"about":[{"href":"https:\/\/rem.sema.mt.gov.br\/en\/wp-json\/wp\/v2\/types\/post"}],"author":[{"embeddable":true,"href":"https:\/\/rem.sema.mt.gov.br\/en\/wp-json\/wp\/v2\/users\/2"}],"replies":[{"embeddable":true,"href":"https:\/\/rem.sema.mt.gov.br\/en\/wp-json\/wp\/v2\/comments?post=678"}],"version-history":[{"count":1,"href":"https:\/\/rem.sema.mt.gov.br\/en\/wp-json\/wp\/v2\/posts\/678\/revisions"}],"predecessor-version":[{"id":4302,"href":"https:\/\/rem.sema.mt.gov.br\/en\/wp-json\/wp\/v2\/posts\/678\/revisions\/4302"}],"wp:attachment":[{"href":"https:\/\/rem.sema.mt.gov.br\/en\/wp-json\/wp\/v2\/media?parent=678"}],"wp:term":[{"taxonomy":"category","embeddable":true,"href":"https:\/\/rem.sema.mt.gov.br\/en\/wp-json\/wp\/v2\/categories?post=678"},{"taxonomy":"post_tag","embeddable":true,"href":"https:\/\/rem.sema.mt.gov.br\/en\/wp-json\/wp\/v2\/tags?post=678"}],"curies":[{"name":"wp","href":"https:\/\/api.w.org\/{rel}","templated":true}]}}