{"id":697,"date":"2023-11-28T16:31:46","date_gmt":"2023-11-28T19:31:46","guid":{"rendered":"https:\/\/devsweb.com.br\/rem_wp\/diante-da-onda-de-calor-e-seca-na-amazonia-o-que-esperar-da-cop-28\/"},"modified":"2024-06-27T08:13:35","modified_gmt":"2024-06-27T11:13:35","slug":"diante-da-onda-de-calor-e-seca-na-amazonia-o-que-esperar-da-cop-28","status":"publish","type":"post","link":"https:\/\/rem.sema.mt.gov.br\/en\/noticias\/diante-da-onda-de-calor-e-seca-na-amazonia-o-que-esperar-da-cop-28\/","title":{"rendered":"Diante da onda de calor e seca na Amaz\u00f4nia, o que esperar da COP 28?"},"content":{"rendered":"<p><span style=\"font-weight: 400; font-size: 14pt;\"><span style=\"font-size: 36pt;\"><strong><img fetchpriority=\"high\" decoding=\"async\" class=\"size-full wp-image-696\" style=\"display: block; margin-left: auto; margin-right: auto;\" src=\"https:\/\/rem.sema.mt.gov.br\/wp-content\/uploads\/2023\/11\/COP28-a85.jpg\" alt=\"\" width=\"1205\" height=\"762\" srcset=\"https:\/\/rem.sema.mt.gov.br\/wp-content\/uploads\/2023\/11\/COP28-a85.jpg 1205w, https:\/\/rem.sema.mt.gov.br\/wp-content\/uploads\/2023\/11\/COP28-a85-300x190.jpg 300w, https:\/\/rem.sema.mt.gov.br\/wp-content\/uploads\/2023\/11\/COP28-a85-1024x648.jpg 1024w, https:\/\/rem.sema.mt.gov.br\/wp-content\/uploads\/2023\/11\/COP28-a85-768x486.jpg 768w\" sizes=\"(max-width: 1205px) 100vw, 1205px\" \/><\/strong><\/span><\/span><\/p>\n<p style=\"text-align: justify;\"><span style=\"font-weight: 400; font-size: 14pt;\"><span style=\"font-size: 36pt;\"><strong>A<\/strong><\/span> COP 28, que est\u00e1 na sua 28\u00aa edi\u00e7\u00e3o da Confer\u00eancia de Mudan\u00e7as Clim\u00e1ticas da Organiza\u00e7\u00e3o das Na\u00e7\u00f5es Unidas (COP, na sigla em ingl\u00eas) se aproxima, com data marcada para os dias 30 de novembro a 12 de dezembro, em Dubai, nos Emirados \u00c1rabes Unidos. O Programa REM MT, com seu compromisso de manter a floresta em p\u00e9 e fortalecer povos ind\u00edgenas e comunidades tradicionais tamb\u00e9m marcar\u00e1 presen\u00e7a no evento, para apresentar os principais resultados da primeira fase.<\/span><\/p>\n<p style=\"text-align: justify;\"><span style=\"font-weight: 400; font-size: 14pt;\">Mas, o que esperar da COP 28, que re\u00fane todos os pa\u00edses membros da ONU? A confer\u00eancia desempenha um papel crucial na abordagem global das quest\u00f5es relacionadas \u00e0s mudan\u00e7as clim\u00e1ticas, al\u00e9m de discutir e negociar estrat\u00e9gias conjuntas de combate.<\/span><\/p>\n<p style=\"text-align: justify;\"><span style=\"font-weight: 400; font-size: 14pt;\">Falando em mudan\u00e7as clim\u00e1ticas, este ano uma onda de calor assolou o pa\u00eds \u2013 assunto que n\u00e3o vai passar despercebido. Somente este ano, o pa\u00eds passou por uma forte onda de calor, seca nas regi\u00f5es amaz\u00f4nicas, enchentes no Sul e apag\u00e3o em S\u00e3o Paulo. Diante do colapso clim\u00e1tico iminente, a troca de solu\u00e7\u00f5es para frear ser\u00e1 de grande valor no evento.\u00a0<\/span><\/p>\n<p style=\"text-align: justify;\"><span style=\"font-weight: 400; font-size: 14pt;\">Uma das maiores conquistas hist\u00f3ricas da COP foi o Acordo de Paris, alcan\u00e7ado em 2015. Este acordo estabeleceu metas ambiciosas para limitar o aumento da temperatura global e compromete os pa\u00edses a tomar medidas significativas para reduzir as emiss\u00f5es de gases de efeito estufa. A revis\u00e3o e a implementa\u00e7\u00e3o cont\u00ednua desses compromissos est\u00e3o no cerne das discuss\u00f5es durante a confer\u00eancia.<\/span><\/p>\n<p style=\"text-align: justify;\"><span style=\"font-size: 18pt;\"><b>PRODU\u00c7\u00c3O AGR\u00cdCOLA DO BRASIL E SOLU\u00c7\u00d5ES DE PRESERVA\u00c7\u00c3O<\/b><\/span><\/p>\n<p style=\"text-align: justify;\"><span style=\"font-weight: 400; font-size: 14pt;\">Como um dos maiores produtores de alimentos do mundo, o Brasil estar\u00e1 em foco na COP 28. Somente produzir n\u00e3o basta: \u00e9 necess\u00e1rio investir em t\u00e9cnicas de produ\u00e7\u00e3o que n\u00e3o agridam o meio ambiente e que contribuam para a preserva\u00e7\u00e3o dos recursos naturais.<\/span><\/p>\n<p style=\"text-align: justify;\"><span style=\"font-weight: 400; font-size: 14pt;\">O governo brasileiro tamb\u00e9m chegar\u00e1 \u00e0 COP 28 defendendo o protagonismo de pa\u00edses com florestas tropicais na discuss\u00e3o de solu\u00e7\u00f5es para os problemas desses biomas.<\/span><\/p>\n<p style=\"text-align: justify;\"><span style=\"font-size: 18pt;\"><b>PROGRAMA REM MT<\/b><\/span><\/p>\n<p style=\"text-align: justify;\"><span style=\"font-weight: 400; font-size: 14pt;\">Assim como nos anos anteriores, o <a href=\"https:\/\/remmt.com.br\/\">Programa REM MT<\/a> (REDD para Pioneiros) desembarca em Dubai para acompanhar a confer\u00eancia. Nesta edi\u00e7\u00e3o, ser\u00e1 apresentado o relat\u00f3rio executivo do programa, com os principais resultados na Fase 1 do REM MT.\u00a0<\/span><\/p>\n<p style=\"text-align: justify;\"><span style=\"font-weight: 400; font-size: 14pt;\">O programa \u00e9 uma premia\u00e7\u00e3o dos governos da Alemanha e do Reino Unido, por meio do Banco Alem\u00e3o de Desenvolvimento (KFW), ao Estado do Mato Grosso pelos resultados na redu\u00e7\u00e3o do desmatamento nos \u00faltimos anos (2004-2014).\u00a0<\/span><\/p>\n<p style=\"text-align: justify;\"><span style=\"font-weight: 400; font-size: 14pt;\">O REM MT beneficia aqueles que contribuem com a\u00e7\u00f5es de conserva\u00e7\u00e3o da floresta, como os agricultores familiares, as comunidades tradicionais e os povos ind\u00edgenas, e fomentar iniciativas que estimulam a agricultura de baixo carbono e a redu\u00e7\u00e3o do desmatamento, a fim de reduzir as emiss\u00f5es de CO\u00b2 no planeta.\u00a0<\/span><\/p>\n<p style=\"text-align: justify;\"><span style=\"font-weight: 400; font-size: 14pt;\">O relat\u00f3rio apresenta os n\u00fameros dos resultados alcan\u00e7ados desde o in\u00edcio da execu\u00e7\u00e3o do programa at\u00e9 o momento atual.<\/span><\/p>\n<p style=\"text-align: justify;\"><span style=\"font-size: 14pt;\"><span style=\"font-weight: 400;\">Para conhecer mais sobre os resultados do Programa REM MT e seus 4 subprogramas \u2013 Agricultura Familiar e de Povos e Comunidades Tradicionais, Territ\u00f3rios Ind\u00edgenas, Produ\u00e7\u00e3o, Inova\u00e7\u00e3o e Mercados Sustent\u00e1veis e Fortalecimento Institucional e Pol\u00edticas P\u00fablicas Estruturantes &#8211; acesse o relat\u00f3rio digital <\/span><a href=\"https:\/\/www.youtube.com\/watch?v=hA03gLnNtS8\"><span style=\"font-weight: 400;\">aqui<\/span><\/a><span style=\"font-weight: 400;\">.<\/span><\/span><\/p>","protected":false},"excerpt":{"rendered":"<p>A COP 28, que est\u00e1 na sua 28\u00aa edi\u00e7\u00e3o da Confer\u00eancia de Mudan\u00e7as Clim\u00e1ticas da Organiza\u00e7\u00e3o das Na\u00e7\u00f5es Unidas (COP, na sigla em ingl\u00eas) se aproxima, com data marcada para os dias 30 de novembro a 12 de dezembro, em Dubai, nos Emirados \u00c1rabes Unidos. O Programa REM MT, com seu compromisso de manter a [&hellip;]<\/p>","protected":false},"author":2,"featured_media":696,"comment_status":"open","ping_status":"open","sticky":false,"template":"","format":"standard","meta":{"_eb_attr":"","ocean_post_layout":"","ocean_both_sidebars_style":"","ocean_both_sidebars_content_width":0,"ocean_both_sidebars_sidebars_width":0,"ocean_sidebar":"","ocean_second_sidebar":"","ocean_disable_margins":"enable","ocean_add_body_class":"","ocean_shortcode_before_top_bar":"","ocean_shortcode_after_top_bar":"","ocean_shortcode_before_header":"","ocean_shortcode_after_header":"","ocean_has_shortcode":"","ocean_shortcode_after_title":"","ocean_shortcode_before_footer_widgets":"","ocean_shortcode_after_footer_widgets":"","ocean_shortcode_before_footer_bottom":"","ocean_shortcode_after_footer_bottom":"","ocean_display_top_bar":"default","ocean_display_header":"default","ocean_header_style":"","ocean_center_header_left_menu":"","ocean_custom_header_template":"","ocean_custom_logo":0,"ocean_custom_retina_logo":0,"ocean_custom_logo_max_width":0,"ocean_custom_logo_tablet_max_width":0,"ocean_custom_logo_mobile_max_width":0,"ocean_custom_logo_max_height":0,"ocean_custom_logo_tablet_max_height":0,"ocean_custom_logo_mobile_max_height":0,"ocean_header_custom_menu":"","ocean_menu_typo_font_family":"","ocean_menu_typo_font_subset":"","ocean_menu_typo_font_size":0,"ocean_menu_typo_font_size_tablet":0,"ocean_menu_typo_font_size_mobile":0,"ocean_menu_typo_font_size_unit":"px","ocean_menu_typo_font_weight":"","ocean_menu_typo_font_weight_tablet":"","ocean_menu_typo_font_weight_mobile":"","ocean_menu_typo_transform":"","ocean_menu_typo_transform_tablet":"","ocean_menu_typo_transform_mobile":"","ocean_menu_typo_line_height":0,"ocean_menu_typo_line_height_tablet":0,"ocean_menu_typo_line_height_mobile":0,"ocean_menu_typo_line_height_unit":"","ocean_menu_typo_spacing":0,"ocean_menu_typo_spacing_tablet":0,"ocean_menu_typo_spacing_mobile":0,"ocean_menu_typo_spacing_unit":"","ocean_menu_link_color":"","ocean_menu_link_color_hover":"","ocean_menu_link_color_active":"","ocean_menu_link_background":"","ocean_menu_link_hover_background":"","ocean_menu_link_active_background":"","ocean_menu_social_links_bg":"","ocean_menu_social_hover_links_bg":"","ocean_menu_social_links_color":"","ocean_menu_social_hover_links_color":"","ocean_disable_title":"default","ocean_disable_heading":"default","ocean_post_title":"","ocean_post_subheading":"","ocean_post_title_style":"","ocean_post_title_background_color":"","ocean_post_title_background":0,"ocean_post_title_bg_image_position":"","ocean_post_title_bg_image_attachment":"","ocean_post_title_bg_image_repeat":"","ocean_post_title_bg_image_size":"","ocean_post_title_height":0,"ocean_post_title_bg_overlay":0.5,"ocean_post_title_bg_overlay_color":"","ocean_disable_breadcrumbs":"default","ocean_breadcrumbs_color":"","ocean_breadcrumbs_separator_color":"","ocean_breadcrumbs_links_color":"","ocean_breadcrumbs_links_hover_color":"","ocean_display_footer_widgets":"default","ocean_display_footer_bottom":"default","ocean_custom_footer_template":"","ocean_post_oembed":"","ocean_post_self_hosted_media":"","ocean_post_video_embed":"","ocean_link_format":"","ocean_link_format_target":"self","ocean_quote_format":"","ocean_quote_format_link":"post","ocean_gallery_link_images":"on","ocean_gallery_id":[],"footnotes":""},"categories":[19],"tags":[],"class_list":["post-697","post","type-post","status-publish","format-standard","has-post-thumbnail","hentry","category-noticias","entry","has-media"],"yoast_head":"<!-- This site is optimized with the Yoast SEO plugin v27.5 - https:\/\/yoast.com\/product\/yoast-seo-wordpress\/ -->\n<title>COP 28 Amaz\u00f4nia: Compromisso e resultados sustent\u00e1veis<\/title>\n<meta name=\"description\" content=\"A COP 28 foi 30 de novembro a 12 de dezembro, em Dubai. O Programa REM MT destacar\u00e1 resultados e iniciativas para sustentar a Amaz\u00f4nia.\" \/>\n<meta name=\"robots\" content=\"index, follow, max-snippet:-1, max-image-preview:large, max-video-preview:-1\" \/>\n<link rel=\"canonical\" href=\"https:\/\/rem.sema.mt.gov.br\/en\/noticias\/diante-da-onda-de-calor-e-seca-na-amazonia-o-que-esperar-da-cop-28\/\" \/>\n<meta property=\"og:locale\" content=\"en_US\" \/>\n<meta property=\"og:type\" content=\"article\" \/>\n<meta property=\"og:title\" content=\"COP 28 Amaz\u00f4nia: Compromisso e resultados sustent\u00e1veis\" \/>\n<meta property=\"og:description\" content=\"A COP 28 foi 30 de novembro a 12 de dezembro, em Dubai. O Programa REM MT destacar\u00e1 resultados e iniciativas para sustentar a Amaz\u00f4nia.\" \/>\n<meta property=\"og:url\" content=\"https:\/\/rem.sema.mt.gov.br\/en\/noticias\/diante-da-onda-de-calor-e-seca-na-amazonia-o-que-esperar-da-cop-28\/\" \/>\n<meta property=\"og:site_name\" content=\"REM\" \/>\n<meta property=\"article:published_time\" content=\"2023-11-28T19:31:46+00:00\" \/>\n<meta property=\"article:modified_time\" content=\"2024-06-27T11:13:35+00:00\" \/>\n<meta property=\"og:image\" content=\"https:\/\/rem.sema.mt.gov.br\/wp-content\/uploads\/2023\/11\/COP28-a85.jpg\" \/>\n\t<meta property=\"og:image:width\" content=\"1205\" \/>\n\t<meta property=\"og:image:height\" content=\"762\" \/>\n\t<meta property=\"og:image:type\" content=\"image\/jpeg\" \/>\n<meta name=\"author\" content=\"Nvlo\" \/>\n<meta name=\"twitter:card\" content=\"summary_large_image\" \/>\n<meta name=\"twitter:label1\" content=\"Written by\" \/>\n\t<meta name=\"twitter:data1\" content=\"Nvlo\" \/>\n\t<meta name=\"twitter:label2\" content=\"Est. reading time\" \/>\n\t<meta name=\"twitter:data2\" content=\"4 minutes\" \/>\n<script type=\"application\/ld+json\" class=\"yoast-schema-graph\">{\"@context\":\"https:\\\/\\\/schema.org\",\"@graph\":[{\"@type\":\"WebPage\",\"@id\":\"https:\\\/\\\/rem.sema.mt.gov.br\\\/noticias\\\/diante-da-onda-de-calor-e-seca-na-amazonia-o-que-esperar-da-cop-28\\\/\",\"url\":\"https:\\\/\\\/rem.sema.mt.gov.br\\\/noticias\\\/diante-da-onda-de-calor-e-seca-na-amazonia-o-que-esperar-da-cop-28\\\/\",\"name\":\"COP 28 Amaz\u00f4nia: Compromisso e resultados sustent\u00e1veis\",\"isPartOf\":{\"@id\":\"https:\\\/\\\/rem.sema.mt.gov.br\\\/#website\"},\"primaryImageOfPage\":{\"@id\":\"https:\\\/\\\/rem.sema.mt.gov.br\\\/noticias\\\/diante-da-onda-de-calor-e-seca-na-amazonia-o-que-esperar-da-cop-28\\\/#primaryimage\"},\"image\":{\"@id\":\"https:\\\/\\\/rem.sema.mt.gov.br\\\/noticias\\\/diante-da-onda-de-calor-e-seca-na-amazonia-o-que-esperar-da-cop-28\\\/#primaryimage\"},\"thumbnailUrl\":\"https:\\\/\\\/rem.sema.mt.gov.br\\\/wp-content\\\/uploads\\\/2023\\\/11\\\/COP28-a85.jpg\",\"datePublished\":\"2023-11-28T19:31:46+00:00\",\"dateModified\":\"2024-06-27T11:13:35+00:00\",\"author\":{\"@id\":\"https:\\\/\\\/rem.sema.mt.gov.br\\\/#\\\/schema\\\/person\\\/c1c87c5fec98c415b7dd9f1c8b5e1d18\"},\"description\":\"A COP 28 foi 30 de novembro a 12 de dezembro, em Dubai. O Programa REM MT destacar\u00e1 resultados e iniciativas para sustentar a Amaz\u00f4nia.\",\"breadcrumb\":{\"@id\":\"https:\\\/\\\/rem.sema.mt.gov.br\\\/noticias\\\/diante-da-onda-de-calor-e-seca-na-amazonia-o-que-esperar-da-cop-28\\\/#breadcrumb\"},\"inLanguage\":\"en-US\",\"potentialAction\":[{\"@type\":\"ReadAction\",\"target\":[\"https:\\\/\\\/rem.sema.mt.gov.br\\\/noticias\\\/diante-da-onda-de-calor-e-seca-na-amazonia-o-que-esperar-da-cop-28\\\/\"]}]},{\"@type\":\"ImageObject\",\"inLanguage\":\"en-US\",\"@id\":\"https:\\\/\\\/rem.sema.mt.gov.br\\\/noticias\\\/diante-da-onda-de-calor-e-seca-na-amazonia-o-que-esperar-da-cop-28\\\/#primaryimage\",\"url\":\"https:\\\/\\\/rem.sema.mt.gov.br\\\/wp-content\\\/uploads\\\/2023\\\/11\\\/COP28-a85.jpg\",\"contentUrl\":\"https:\\\/\\\/rem.sema.mt.gov.br\\\/wp-content\\\/uploads\\\/2023\\\/11\\\/COP28-a85.jpg\",\"width\":1205,\"height\":762},{\"@type\":\"BreadcrumbList\",\"@id\":\"https:\\\/\\\/rem.sema.mt.gov.br\\\/noticias\\\/diante-da-onda-de-calor-e-seca-na-amazonia-o-que-esperar-da-cop-28\\\/#breadcrumb\",\"itemListElement\":[{\"@type\":\"ListItem\",\"position\":1,\"name\":\"In\u00edcio\",\"item\":\"https:\\\/\\\/rem.sema.mt.gov.br\\\/\"},{\"@type\":\"ListItem\",\"position\":2,\"name\":\"Diante da onda de calor e seca na Amaz\u00f4nia, o que esperar da COP 28?\"}]},{\"@type\":\"WebSite\",\"@id\":\"https:\\\/\\\/rem.sema.mt.gov.br\\\/#website\",\"url\":\"https:\\\/\\\/rem.sema.mt.gov.br\\\/\",\"name\":\"REM\",\"description\":\"Mato Grosso\",\"potentialAction\":[{\"@type\":\"SearchAction\",\"target\":{\"@type\":\"EntryPoint\",\"urlTemplate\":\"https:\\\/\\\/rem.sema.mt.gov.br\\\/?s={search_term_string}\"},\"query-input\":{\"@type\":\"PropertyValueSpecification\",\"valueRequired\":true,\"valueName\":\"search_term_string\"}}],\"inLanguage\":\"en-US\"}]}<\/script>\n<!-- \/ Yoast SEO plugin. -->","yoast_head_json":{"title":"COP 28 Amaz\u00f4nia: Compromisso e resultados sustent\u00e1veis","description":"A COP 28 foi 30 de novembro a 12 de dezembro, em Dubai. O Programa REM MT destacar\u00e1 resultados e iniciativas para sustentar a Amaz\u00f4nia.","robots":{"index":"index","follow":"follow","max-snippet":"max-snippet:-1","max-image-preview":"max-image-preview:large","max-video-preview":"max-video-preview:-1"},"canonical":"https:\/\/rem.sema.mt.gov.br\/en\/noticias\/diante-da-onda-de-calor-e-seca-na-amazonia-o-que-esperar-da-cop-28\/","og_locale":"en_US","og_type":"article","og_title":"COP 28 Amaz\u00f4nia: Compromisso e resultados sustent\u00e1veis","og_description":"A COP 28 foi 30 de novembro a 12 de dezembro, em Dubai. O Programa REM MT destacar\u00e1 resultados e iniciativas para sustentar a Amaz\u00f4nia.","og_url":"https:\/\/rem.sema.mt.gov.br\/en\/noticias\/diante-da-onda-de-calor-e-seca-na-amazonia-o-que-esperar-da-cop-28\/","og_site_name":"REM","article_published_time":"2023-11-28T19:31:46+00:00","article_modified_time":"2024-06-27T11:13:35+00:00","og_image":[{"width":1205,"height":762,"url":"https:\/\/rem.sema.mt.gov.br\/wp-content\/uploads\/2023\/11\/COP28-a85.jpg","type":"image\/jpeg"}],"author":"Nvlo","twitter_card":"summary_large_image","twitter_misc":{"Written by":"Nvlo","Est. reading time":"4 minutes"},"schema":{"@context":"https:\/\/schema.org","@graph":[{"@type":"WebPage","@id":"https:\/\/rem.sema.mt.gov.br\/noticias\/diante-da-onda-de-calor-e-seca-na-amazonia-o-que-esperar-da-cop-28\/","url":"https:\/\/rem.sema.mt.gov.br\/noticias\/diante-da-onda-de-calor-e-seca-na-amazonia-o-que-esperar-da-cop-28\/","name":"COP 28 Amaz\u00f4nia: Compromisso e resultados sustent\u00e1veis","isPartOf":{"@id":"https:\/\/rem.sema.mt.gov.br\/#website"},"primaryImageOfPage":{"@id":"https:\/\/rem.sema.mt.gov.br\/noticias\/diante-da-onda-de-calor-e-seca-na-amazonia-o-que-esperar-da-cop-28\/#primaryimage"},"image":{"@id":"https:\/\/rem.sema.mt.gov.br\/noticias\/diante-da-onda-de-calor-e-seca-na-amazonia-o-que-esperar-da-cop-28\/#primaryimage"},"thumbnailUrl":"https:\/\/rem.sema.mt.gov.br\/wp-content\/uploads\/2023\/11\/COP28-a85.jpg","datePublished":"2023-11-28T19:31:46+00:00","dateModified":"2024-06-27T11:13:35+00:00","author":{"@id":"https:\/\/rem.sema.mt.gov.br\/#\/schema\/person\/c1c87c5fec98c415b7dd9f1c8b5e1d18"},"description":"A COP 28 foi 30 de novembro a 12 de dezembro, em Dubai. O Programa REM MT destacar\u00e1 resultados e iniciativas para sustentar a Amaz\u00f4nia.","breadcrumb":{"@id":"https:\/\/rem.sema.mt.gov.br\/noticias\/diante-da-onda-de-calor-e-seca-na-amazonia-o-que-esperar-da-cop-28\/#breadcrumb"},"inLanguage":"en-US","potentialAction":[{"@type":"ReadAction","target":["https:\/\/rem.sema.mt.gov.br\/noticias\/diante-da-onda-de-calor-e-seca-na-amazonia-o-que-esperar-da-cop-28\/"]}]},{"@type":"ImageObject","inLanguage":"en-US","@id":"https:\/\/rem.sema.mt.gov.br\/noticias\/diante-da-onda-de-calor-e-seca-na-amazonia-o-que-esperar-da-cop-28\/#primaryimage","url":"https:\/\/rem.sema.mt.gov.br\/wp-content\/uploads\/2023\/11\/COP28-a85.jpg","contentUrl":"https:\/\/rem.sema.mt.gov.br\/wp-content\/uploads\/2023\/11\/COP28-a85.jpg","width":1205,"height":762},{"@type":"BreadcrumbList","@id":"https:\/\/rem.sema.mt.gov.br\/noticias\/diante-da-onda-de-calor-e-seca-na-amazonia-o-que-esperar-da-cop-28\/#breadcrumb","itemListElement":[{"@type":"ListItem","position":1,"name":"In\u00edcio","item":"https:\/\/rem.sema.mt.gov.br\/"},{"@type":"ListItem","position":2,"name":"Diante da onda de calor e seca na Amaz\u00f4nia, o que esperar da COP 28?"}]},{"@type":"WebSite","@id":"https:\/\/rem.sema.mt.gov.br\/#website","url":"https:\/\/rem.sema.mt.gov.br\/","name":"REM","description":"Mato Grosso","potentialAction":[{"@type":"SearchAction","target":{"@type":"EntryPoint","urlTemplate":"https:\/\/rem.sema.mt.gov.br\/?s={search_term_string}"},"query-input":{"@type":"PropertyValueSpecification","valueRequired":true,"valueName":"search_term_string"}}],"inLanguage":"en-US"}]}},"_links":{"self":[{"href":"https:\/\/rem.sema.mt.gov.br\/en\/wp-json\/wp\/v2\/posts\/697","targetHints":{"allow":["GET"]}}],"collection":[{"href":"https:\/\/rem.sema.mt.gov.br\/en\/wp-json\/wp\/v2\/posts"}],"about":[{"href":"https:\/\/rem.sema.mt.gov.br\/en\/wp-json\/wp\/v2\/types\/post"}],"author":[{"embeddable":true,"href":"https:\/\/rem.sema.mt.gov.br\/en\/wp-json\/wp\/v2\/users\/2"}],"replies":[{"embeddable":true,"href":"https:\/\/rem.sema.mt.gov.br\/en\/wp-json\/wp\/v2\/comments?post=697"}],"version-history":[{"count":1,"href":"https:\/\/rem.sema.mt.gov.br\/en\/wp-json\/wp\/v2\/posts\/697\/revisions"}],"predecessor-version":[{"id":4236,"href":"https:\/\/rem.sema.mt.gov.br\/en\/wp-json\/wp\/v2\/posts\/697\/revisions\/4236"}],"wp:featuredmedia":[{"embeddable":true,"href":"https:\/\/rem.sema.mt.gov.br\/en\/wp-json\/wp\/v2\/media\/696"}],"wp:attachment":[{"href":"https:\/\/rem.sema.mt.gov.br\/en\/wp-json\/wp\/v2\/media?parent=697"}],"wp:term":[{"taxonomy":"category","embeddable":true,"href":"https:\/\/rem.sema.mt.gov.br\/en\/wp-json\/wp\/v2\/categories?post=697"},{"taxonomy":"post_tag","embeddable":true,"href":"https:\/\/rem.sema.mt.gov.br\/en\/wp-json\/wp\/v2\/tags?post=697"}],"curies":[{"name":"wp","href":"https:\/\/api.w.org\/{rel}","templated":true}]}}