{"id":698,"date":"2023-11-29T11:46:25","date_gmt":"2023-11-29T14:46:25","guid":{"rendered":"https:\/\/devsweb.com.br\/rem_wp\/para-proteger-o-territorio-de-atividades-ilegais-rem-mt-compra-equipamentos-tecnologicos-para-comunidades-indigenas-do-xingu\/"},"modified":"2024-07-31T13:01:07","modified_gmt":"2024-07-31T16:01:07","slug":"para-proteger-o-territorio-de-atividades-ilegais-rem-mt-compra-equipamentos-tecnologicos-para-comunidades-indigenas-do-xingu","status":"publish","type":"post","link":"https:\/\/rem.sema.mt.gov.br\/en\/noticias\/para-proteger-o-territorio-de-atividades-ilegais-rem-mt-compra-equipamentos-tecnologicos-para-comunidades-indigenas-do-xingu\/","title":{"rendered":"Para proteger o territ\u00f3rio de atividades ilegais, REM MT compra equipamentos tecnol\u00f3gicos para comunidades ind\u00edgenas do Xingu"},"content":{"rendered":"<p><img fetchpriority=\"high\" decoding=\"async\" style=\"margin-left: auto;margin-right: auto\" src=\"https:\/\/trello.com\/1\/cards\/652ea4fdf943521afedc4964\/attachments\/652ea4fdf943521afedc4cc9\/previews\/652ea4fdf943521afedc4ccf\/download\/foto_de_entregues_dos_equipamentos_(6).jpg\" alt=\"foto de entregues dos equipamentos (6).jpg\" width=\"681\" height=\"908\" \/><\/p>\n<p style=\"text-align: center\"><span style=\"font-size: 10pt\"><b>Equipamentos v\u00e3o otimizar o monitoramento do territ\u00f3rio do Xingu (Foto: Reprodu\u00e7\u00e3o)<\/b><\/span><\/p>\n<p style=\"text-align: justify\"><span style=\"font-weight: 400;font-size: 14pt\"><span style=\"font-size: 36pt\"><strong>N<\/strong><\/span>a vastid\u00e3o da regi\u00e3o do territ\u00f3rio Xingu, 16 povos ind\u00edgenas t\u00eam desempenhado um papel crucial para proteger e preservar n\u00e3o apenas de suas culturas, mas tamb\u00e9m da biodiversidade de seu territ\u00f3rio. Para proteger o territ\u00f3rio de atividades ilegais de invasores, eles precisam contar com tecnologias para auxiliar na vigil\u00e2ncia. Considerando isso, o Programa REM MT apoiou a compra de equipamentos, como: drone, gerador e r\u00e1dio para otimizar o monitoramento.<\/span><\/p>\n<p style=\"text-align: justify\"><span style=\"font-weight: 400;font-size: 14pt\">No baixo Xingu, duas etnias \u2013 Kawaiwet\u00e9 e Yudj\u00e1 \u2013 j\u00e1 fazem a vigil\u00e2ncia da regi\u00e3o de forma aut\u00f4noma. Entretanto, o local tem v\u00e1rios bra\u00e7os de rios, que desaguam no Rio Xingu. E s\u00e3o nesses pontos que invasores procuram passar para adentrar nos territ\u00f3rios, praticando pesca, ca\u00e7a e extra\u00e7\u00e3o de madeira ilegal.<\/span><\/p>\n<blockquote>\n<p style=\"text-align: justify\"><span style=\"font-weight: 400;font-size: 14pt\">O coordenador do projeto Infraestrutura dos p\u00f3los Regionais, prote\u00e7\u00e3o territorial e alternativas econ\u00f4micas do Territ\u00f3rio Ind\u00edgena do Xingu (TIX), Douglas Pereira, explica que esses locais tamb\u00e9m dividem territ\u00f3rio com fazendas. \u201cMuitas vezes esses rios s\u00e3o o ponto, o meio de acesso onde os infratores entram, de barco pra retirar madeira, lasca, pra pescar, pra ca\u00e7ar, fazer alguma atividade ilegal dentro da terra ind\u00edgena, porque \u00e9 mais f\u00e1cil descer de barco no rio, n\u00e3o tem estradas nessas regi\u00f5es\u201d, explica.<\/span><\/p>\n<\/blockquote>\n<p><span style=\"font-weight: 400;font-size: 14pt\"><img decoding=\"async\" style=\"margin-left: auto;margin-right: auto\" src=\"https:\/\/trello.com\/1\/cards\/652ea4fdf943521afedc4964\/attachments\/652ea4fdf943521afedc4cdb\/previews\/652ea4fdf943521afedc4ce2\/download\/foto_de_entregues_dos_equipamentos_(11).jpg\" alt=\"foto de entregues dos equipamentos (11).jpg\" width=\"847\" height=\"635\" \/><\/span><\/p>\n<p style=\"text-align: justify\"><span style=\"font-weight: 400;font-size: 14pt\">A entrada dessas pessoas para praticar crimes ambientais prejudica a regi\u00e3o do Xingu como um todo, porque os ind\u00edgenas dependem da natureza para se alimentar, al\u00e9m de incentivar a destrui\u00e7\u00e3o ambiental dos biomas.<\/span><\/p>\n<blockquote>\n<p style=\"text-align: justify\"><span style=\"font-weight: 400;font-size: 14pt\">Por isso \u00e9 t\u00e3o importante a exist\u00eancia de bases de vigil\u00e2ncia. \u201cEles sabem da import\u00e2ncia de ter o rio seguro, porque o peixe \u00e9 o alimento, de ter a floresta em p\u00e9, porque a gente precisa da floresta para construir casa, de buscar rem\u00e9dio e de ter os animais que eles ca\u00e7am. Ent\u00e3o, eles entendem a import\u00e2ncia disso, de ter essas \u00e1reas preservadas e seguras\u201d, relata Douglas.<\/span><\/p>\n<\/blockquote>\n<p style=\"text-align: justify\"><span style=\"font-size: 18pt\"><b>BASES DE VIGIL\u00c2NCIA BEM EQUIPADAS<\/b><\/span><\/p>\n<p style=\"text-align: justify\"><span style=\"font-weight: 400;font-size: 14pt\">Douglas explica ainda que por ser regi\u00e3o de mata, as equipes de vigil\u00e2ncia precisam montar os acampamentos quando v\u00e3o fazer as rondas. Pois, muitas vezes, quando observam uma atividade ilegal em algum ponto, podem demorar dias para retornar at\u00e9 \u00e0s aldeias.<\/span><\/p>\n<p><span style=\"font-weight: 400;font-size: 14pt\"><img decoding=\"async\" style=\"margin-left: auto;margin-right: auto\" src=\"https:\/\/trello.com\/1\/cards\/652ea4fdf943521afedc4964\/attachments\/652ea4fdf943521afedc4cd2\/previews\/652ea4fdf943521afedc4cd8\/download\/foto_de_entregues_dos_equipamentos_(5).jpg\" alt=\"foto de entregues dos equipamentos (5).jpg\" width=\"718\" height=\"957\" \/><\/span><\/p>\n<p style=\"text-align: center\"><span style=\"font-size: 10pt\"><b>Reuni\u00e3o para definir como ser\u00e3o usados os equipamentos (Foto: Reprodu\u00e7\u00e3o)<\/b><\/span><\/p>\n<p style=\"text-align: justify\"><span style=\"font-weight: 400;font-size: 14pt\">O coordenador detalha a import\u00e2ncia de ter uma base de vigil\u00e2ncia bem equipada para proteger o territ\u00f3rio Xingu, com energia e equipamentos de comunica\u00e7\u00e3o.<\/span><\/p>\n<blockquote>\n<p style=\"text-align: justify\"><span style=\"font-weight: 400;font-size: 14pt\">\u201cCom o drone, isso otimiza e melhora a vigil\u00e2ncia, porque consegue cobrir uma \u00e1rea maior. Com o treinamento de geoprocessamento, voc\u00ea consegue identificar onde voc\u00ea est\u00e1, at\u00e9 mesmo para fazer as den\u00fancias. Ent\u00e3o, ter um notebook, um r\u00e1dio facilita, \u00e0s vezes, voc\u00ea est\u00e1 l\u00e1 no rio a dois dias de dist\u00e2ncia da comunidade e l\u00e1 voc\u00ea se depara com um conflito. Como voc\u00ea avisa sua comunidade, se n\u00e3o tem internet, r\u00e1dio? No m\u00ednimo com um r\u00e1dio, voc\u00ea consegue avisar a comunidade e as institui\u00e7\u00f5es respons\u00e1veis\u201d, exemplifica.<\/span><\/p>\n<\/blockquote>\n<p style=\"text-align: justify\"><span style=\"font-weight: 400;font-size: 14pt\">Al\u00e9m do drone, foi adquirido um motor de popa, notebook, barco de alum\u00ednio, gerador e r\u00e1dio. Uma reuni\u00e3o foi realizada para definir os respons\u00e1veis dos equipamentos, assim como o local para constru\u00e7\u00e3o das bases de vigil\u00e2ncia.\u00a0<\/span><\/p>\n<p style=\"text-align: justify\"><span style=\"font-weight: 400;font-size: 14pt\">Segundo a profissional s\u00eanior do Subprograma Territ\u00f3rios Ind\u00edgenas (STI), Paula Vanucci, a import\u00e2ncia de fortalecer as a\u00e7\u00f5es de gest\u00e3o ambiental e territorial nos territ\u00f3rios ind\u00edgenas est\u00e1 preconizada na Pol\u00edtica Nacional de Gest\u00e3o Ambiental e Territorial de Terras Ind\u00edgenas &#8211; PNGATI, institu\u00edda em 2012.<\/span><\/p>\n<p style=\"text-align: justify\"><span style=\"font-weight: 400;font-size: 14pt\">O <a href=\"https:\/\/remmt.com.br\/\">REM MT<\/a>, por meio do STI, busca fortalecer o apoio aos povos, para assegurar melhores condi\u00e7\u00f5es de vida, garantindo a manuten\u00e7\u00e3o de seus territ\u00f3rios, culturas e a rica biodiversidade que os ind\u00edgenas salvaguardam e preservam.\u00a0<\/span><\/p>\n<blockquote>\n<p style=\"text-align: justify\"><span style=\"font-size: 14pt\"><b>\u201c<\/b><span style=\"font-weight: 400\">Num contexto de mudan\u00e7as clim\u00e1ticas radicais, como estamos vivendo, as popula\u00e7\u00f5es ind\u00edgenas s\u00e3o os verdadeiros guardi\u00f5es desse patrim\u00f4nio ambiental, que beneficia a toda humanidade. Nesse sentido,\u00a0 apoiar a\u00e7\u00f5es que instrumentalizem essas popula\u00e7\u00f5es, para o monitoramento e a vigil\u00e2ncia de seus territ\u00f3rios, \u00e9 um benef\u00edcio n\u00e3o apenas para as popula\u00e7\u00f5es diretamente envolvidas, mas a todos n\u00f3s que usufru\u00edmos dessa prote\u00e7\u00e3o\u201d, pontua.\u00a0\u00a0<\/span><\/span><\/p>\n<\/blockquote>","protected":false},"excerpt":{"rendered":"<p>Equipamentos v\u00e3o otimizar o monitoramento do territ\u00f3rio do Xingu (Foto: Reprodu\u00e7\u00e3o) Na vastid\u00e3o da regi\u00e3o do territ\u00f3rio Xingu, 16 povos ind\u00edgenas t\u00eam desempenhado um papel crucial para proteger e preservar n\u00e3o apenas de suas culturas, mas tamb\u00e9m da biodiversidade de seu territ\u00f3rio. Para proteger o territ\u00f3rio de atividades ilegais de invasores, eles precisam contar com [&hellip;]<\/p>","protected":false},"author":2,"featured_media":0,"comment_status":"open","ping_status":"open","sticky":false,"template":"","format":"standard","meta":{"_eb_attr":"","ocean_post_layout":"","ocean_both_sidebars_style":"","ocean_both_sidebars_content_width":0,"ocean_both_sidebars_sidebars_width":0,"ocean_sidebar":"","ocean_second_sidebar":"","ocean_disable_margins":"enable","ocean_add_body_class":"","ocean_shortcode_before_top_bar":"","ocean_shortcode_after_top_bar":"","ocean_shortcode_before_header":"","ocean_shortcode_after_header":"","ocean_has_shortcode":"","ocean_shortcode_after_title":"","ocean_shortcode_before_footer_widgets":"","ocean_shortcode_after_footer_widgets":"","ocean_shortcode_before_footer_bottom":"","ocean_shortcode_after_footer_bottom":"","ocean_display_top_bar":"default","ocean_display_header":"default","ocean_header_style":"","ocean_center_header_left_menu":"","ocean_custom_header_template":"","ocean_custom_logo":0,"ocean_custom_retina_logo":0,"ocean_custom_logo_max_width":0,"ocean_custom_logo_tablet_max_width":0,"ocean_custom_logo_mobile_max_width":0,"ocean_custom_logo_max_height":0,"ocean_custom_logo_tablet_max_height":0,"ocean_custom_logo_mobile_max_height":0,"ocean_header_custom_menu":"","ocean_menu_typo_font_family":"","ocean_menu_typo_font_subset":"","ocean_menu_typo_font_size":0,"ocean_menu_typo_font_size_tablet":0,"ocean_menu_typo_font_size_mobile":0,"ocean_menu_typo_font_size_unit":"px","ocean_menu_typo_font_weight":"","ocean_menu_typo_font_weight_tablet":"","ocean_menu_typo_font_weight_mobile":"","ocean_menu_typo_transform":"","ocean_menu_typo_transform_tablet":"","ocean_menu_typo_transform_mobile":"","ocean_menu_typo_line_height":0,"ocean_menu_typo_line_height_tablet":0,"ocean_menu_typo_line_height_mobile":0,"ocean_menu_typo_line_height_unit":"","ocean_menu_typo_spacing":0,"ocean_menu_typo_spacing_tablet":0,"ocean_menu_typo_spacing_mobile":0,"ocean_menu_typo_spacing_unit":"","ocean_menu_link_color":"","ocean_menu_link_color_hover":"","ocean_menu_link_color_active":"","ocean_menu_link_background":"","ocean_menu_link_hover_background":"","ocean_menu_link_active_background":"","ocean_menu_social_links_bg":"","ocean_menu_social_hover_links_bg":"","ocean_menu_social_links_color":"","ocean_menu_social_hover_links_color":"","ocean_disable_title":"default","ocean_disable_heading":"default","ocean_post_title":"","ocean_post_subheading":"","ocean_post_title_style":"","ocean_post_title_background_color":"","ocean_post_title_background":0,"ocean_post_title_bg_image_position":"","ocean_post_title_bg_image_attachment":"","ocean_post_title_bg_image_repeat":"","ocean_post_title_bg_image_size":"","ocean_post_title_height":0,"ocean_post_title_bg_overlay":0.5,"ocean_post_title_bg_overlay_color":"","ocean_disable_breadcrumbs":"default","ocean_breadcrumbs_color":"","ocean_breadcrumbs_separator_color":"","ocean_breadcrumbs_links_color":"","ocean_breadcrumbs_links_hover_color":"","ocean_display_footer_widgets":"default","ocean_display_footer_bottom":"default","ocean_custom_footer_template":"","ocean_post_oembed":"","ocean_post_self_hosted_media":"","ocean_post_video_embed":"","ocean_link_format":"","ocean_link_format_target":"self","ocean_quote_format":"","ocean_quote_format_link":"post","ocean_gallery_link_images":"on","ocean_gallery_id":[],"footnotes":""},"categories":[19,49],"tags":[],"class_list":["post-698","post","type-post","status-publish","format-standard","hentry","category-noticias","category-territorios-indigenas","entry"],"yoast_head":"<!-- This site is optimized with the Yoast SEO plugin v27.5 - https:\/\/yoast.com\/product\/yoast-seo-wordpress\/ -->\n<title>Proteger Territ\u00f3rio Xingu: Tecnologia e Vigil\u00e2ncia Eficientes<\/title>\n<meta name=\"description\" content=\"Proteger o territ\u00f3rio Xingu com tecnologia e vigil\u00e2ncia eficientes, apoiadas pelo Programa REM MT para combater atividades ilegais.\" \/>\n<meta name=\"robots\" content=\"index, follow, max-snippet:-1, max-image-preview:large, max-video-preview:-1\" \/>\n<link rel=\"canonical\" href=\"https:\/\/rem.sema.mt.gov.br\/en\/noticias\/para-proteger-o-territorio-de-atividades-ilegais-rem-mt-compra-equipamentos-tecnologicos-para-comunidades-indigenas-do-xingu\/\" \/>\n<meta property=\"og:locale\" content=\"en_US\" \/>\n<meta property=\"og:type\" content=\"article\" \/>\n<meta property=\"og:title\" content=\"Proteger Territ\u00f3rio Xingu: Tecnologia e Vigil\u00e2ncia Eficientes\" \/>\n<meta property=\"og:description\" content=\"Proteger o territ\u00f3rio Xingu com tecnologia e vigil\u00e2ncia eficientes, apoiadas pelo Programa REM MT para combater atividades ilegais.\" \/>\n<meta property=\"og:url\" content=\"https:\/\/rem.sema.mt.gov.br\/en\/noticias\/para-proteger-o-territorio-de-atividades-ilegais-rem-mt-compra-equipamentos-tecnologicos-para-comunidades-indigenas-do-xingu\/\" \/>\n<meta property=\"og:site_name\" content=\"REM\" \/>\n<meta property=\"article:published_time\" content=\"2023-11-29T14:46:25+00:00\" \/>\n<meta property=\"article:modified_time\" content=\"2024-07-31T16:01:07+00:00\" \/>\n<meta property=\"og:image\" content=\"https:\/\/trello.com\/1\/cards\/652ea4fdf943521afedc4964\/attachments\/652ea4fdf943521afedc4cc9\/previews\/652ea4fdf943521afedc4ccf\/download\/foto_de_entregues_dos_equipamentos_(6).jpg\" \/>\n<meta name=\"author\" content=\"Nvlo\" \/>\n<meta name=\"twitter:card\" content=\"summary_large_image\" \/>\n<meta name=\"twitter:label1\" content=\"Written by\" \/>\n\t<meta name=\"twitter:data1\" content=\"Nvlo\" \/>\n\t<meta name=\"twitter:label2\" content=\"Est. reading time\" \/>\n\t<meta name=\"twitter:data2\" content=\"3 minutes\" \/>\n<script type=\"application\/ld+json\" class=\"yoast-schema-graph\">{\"@context\":\"https:\\\/\\\/schema.org\",\"@graph\":[{\"@type\":\"WebPage\",\"@id\":\"https:\\\/\\\/rem.sema.mt.gov.br\\\/noticias\\\/para-proteger-o-territorio-de-atividades-ilegais-rem-mt-compra-equipamentos-tecnologicos-para-comunidades-indigenas-do-xingu\\\/\",\"url\":\"https:\\\/\\\/rem.sema.mt.gov.br\\\/noticias\\\/para-proteger-o-territorio-de-atividades-ilegais-rem-mt-compra-equipamentos-tecnologicos-para-comunidades-indigenas-do-xingu\\\/\",\"name\":\"Proteger Territ\u00f3rio Xingu: Tecnologia e Vigil\u00e2ncia Eficientes\",\"isPartOf\":{\"@id\":\"https:\\\/\\\/rem.sema.mt.gov.br\\\/#website\"},\"primaryImageOfPage\":{\"@id\":\"https:\\\/\\\/rem.sema.mt.gov.br\\\/noticias\\\/para-proteger-o-territorio-de-atividades-ilegais-rem-mt-compra-equipamentos-tecnologicos-para-comunidades-indigenas-do-xingu\\\/#primaryimage\"},\"image\":{\"@id\":\"https:\\\/\\\/rem.sema.mt.gov.br\\\/noticias\\\/para-proteger-o-territorio-de-atividades-ilegais-rem-mt-compra-equipamentos-tecnologicos-para-comunidades-indigenas-do-xingu\\\/#primaryimage\"},\"thumbnailUrl\":\"https:\\\/\\\/trello.com\\\/1\\\/cards\\\/652ea4fdf943521afedc4964\\\/attachments\\\/652ea4fdf943521afedc4cc9\\\/previews\\\/652ea4fdf943521afedc4ccf\\\/download\\\/foto_de_entregues_dos_equipamentos_(6).jpg\",\"datePublished\":\"2023-11-29T14:46:25+00:00\",\"dateModified\":\"2024-07-31T16:01:07+00:00\",\"author\":{\"@id\":\"https:\\\/\\\/rem.sema.mt.gov.br\\\/#\\\/schema\\\/person\\\/c1c87c5fec98c415b7dd9f1c8b5e1d18\"},\"description\":\"Proteger o territ\u00f3rio Xingu com tecnologia e vigil\u00e2ncia eficientes, apoiadas pelo Programa REM MT para combater atividades ilegais.\",\"breadcrumb\":{\"@id\":\"https:\\\/\\\/rem.sema.mt.gov.br\\\/noticias\\\/para-proteger-o-territorio-de-atividades-ilegais-rem-mt-compra-equipamentos-tecnologicos-para-comunidades-indigenas-do-xingu\\\/#breadcrumb\"},\"inLanguage\":\"en-US\",\"potentialAction\":[{\"@type\":\"ReadAction\",\"target\":[\"https:\\\/\\\/rem.sema.mt.gov.br\\\/noticias\\\/para-proteger-o-territorio-de-atividades-ilegais-rem-mt-compra-equipamentos-tecnologicos-para-comunidades-indigenas-do-xingu\\\/\"]}]},{\"@type\":\"ImageObject\",\"inLanguage\":\"en-US\",\"@id\":\"https:\\\/\\\/rem.sema.mt.gov.br\\\/noticias\\\/para-proteger-o-territorio-de-atividades-ilegais-rem-mt-compra-equipamentos-tecnologicos-para-comunidades-indigenas-do-xingu\\\/#primaryimage\",\"url\":\"https:\\\/\\\/trello.com\\\/1\\\/cards\\\/652ea4fdf943521afedc4964\\\/attachments\\\/652ea4fdf943521afedc4cc9\\\/previews\\\/652ea4fdf943521afedc4ccf\\\/download\\\/foto_de_entregues_dos_equipamentos_(6).jpg\",\"contentUrl\":\"https:\\\/\\\/trello.com\\\/1\\\/cards\\\/652ea4fdf943521afedc4964\\\/attachments\\\/652ea4fdf943521afedc4cc9\\\/previews\\\/652ea4fdf943521afedc4ccf\\\/download\\\/foto_de_entregues_dos_equipamentos_(6).jpg\"},{\"@type\":\"BreadcrumbList\",\"@id\":\"https:\\\/\\\/rem.sema.mt.gov.br\\\/noticias\\\/para-proteger-o-territorio-de-atividades-ilegais-rem-mt-compra-equipamentos-tecnologicos-para-comunidades-indigenas-do-xingu\\\/#breadcrumb\",\"itemListElement\":[{\"@type\":\"ListItem\",\"position\":1,\"name\":\"In\u00edcio\",\"item\":\"https:\\\/\\\/rem.sema.mt.gov.br\\\/\"},{\"@type\":\"ListItem\",\"position\":2,\"name\":\"Para proteger o territ\u00f3rio de atividades ilegais, REM MT compra equipamentos tecnol\u00f3gicos para comunidades ind\u00edgenas do Xingu\"}]},{\"@type\":\"WebSite\",\"@id\":\"https:\\\/\\\/rem.sema.mt.gov.br\\\/#website\",\"url\":\"https:\\\/\\\/rem.sema.mt.gov.br\\\/\",\"name\":\"REM\",\"description\":\"Mato Grosso\",\"potentialAction\":[{\"@type\":\"SearchAction\",\"target\":{\"@type\":\"EntryPoint\",\"urlTemplate\":\"https:\\\/\\\/rem.sema.mt.gov.br\\\/?s={search_term_string}\"},\"query-input\":{\"@type\":\"PropertyValueSpecification\",\"valueRequired\":true,\"valueName\":\"search_term_string\"}}],\"inLanguage\":\"en-US\"}]}<\/script>\n<!-- \/ Yoast SEO plugin. -->","yoast_head_json":{"title":"Proteger Territ\u00f3rio Xingu: Tecnologia e Vigil\u00e2ncia Eficientes","description":"Proteger o territ\u00f3rio Xingu com tecnologia e vigil\u00e2ncia eficientes, apoiadas pelo Programa REM MT para combater atividades ilegais.","robots":{"index":"index","follow":"follow","max-snippet":"max-snippet:-1","max-image-preview":"max-image-preview:large","max-video-preview":"max-video-preview:-1"},"canonical":"https:\/\/rem.sema.mt.gov.br\/en\/noticias\/para-proteger-o-territorio-de-atividades-ilegais-rem-mt-compra-equipamentos-tecnologicos-para-comunidades-indigenas-do-xingu\/","og_locale":"en_US","og_type":"article","og_title":"Proteger Territ\u00f3rio Xingu: Tecnologia e Vigil\u00e2ncia Eficientes","og_description":"Proteger o territ\u00f3rio Xingu com tecnologia e vigil\u00e2ncia eficientes, apoiadas pelo Programa REM MT para combater atividades ilegais.","og_url":"https:\/\/rem.sema.mt.gov.br\/en\/noticias\/para-proteger-o-territorio-de-atividades-ilegais-rem-mt-compra-equipamentos-tecnologicos-para-comunidades-indigenas-do-xingu\/","og_site_name":"REM","article_published_time":"2023-11-29T14:46:25+00:00","article_modified_time":"2024-07-31T16:01:07+00:00","og_image":[{"url":"https:\/\/trello.com\/1\/cards\/652ea4fdf943521afedc4964\/attachments\/652ea4fdf943521afedc4cc9\/previews\/652ea4fdf943521afedc4ccf\/download\/foto_de_entregues_dos_equipamentos_(6).jpg","type":"","width":"","height":""}],"author":"Nvlo","twitter_card":"summary_large_image","twitter_misc":{"Written by":"Nvlo","Est. reading time":"3 minutes"},"schema":{"@context":"https:\/\/schema.org","@graph":[{"@type":"WebPage","@id":"https:\/\/rem.sema.mt.gov.br\/noticias\/para-proteger-o-territorio-de-atividades-ilegais-rem-mt-compra-equipamentos-tecnologicos-para-comunidades-indigenas-do-xingu\/","url":"https:\/\/rem.sema.mt.gov.br\/noticias\/para-proteger-o-territorio-de-atividades-ilegais-rem-mt-compra-equipamentos-tecnologicos-para-comunidades-indigenas-do-xingu\/","name":"Proteger Territ\u00f3rio Xingu: Tecnologia e Vigil\u00e2ncia Eficientes","isPartOf":{"@id":"https:\/\/rem.sema.mt.gov.br\/#website"},"primaryImageOfPage":{"@id":"https:\/\/rem.sema.mt.gov.br\/noticias\/para-proteger-o-territorio-de-atividades-ilegais-rem-mt-compra-equipamentos-tecnologicos-para-comunidades-indigenas-do-xingu\/#primaryimage"},"image":{"@id":"https:\/\/rem.sema.mt.gov.br\/noticias\/para-proteger-o-territorio-de-atividades-ilegais-rem-mt-compra-equipamentos-tecnologicos-para-comunidades-indigenas-do-xingu\/#primaryimage"},"thumbnailUrl":"https:\/\/trello.com\/1\/cards\/652ea4fdf943521afedc4964\/attachments\/652ea4fdf943521afedc4cc9\/previews\/652ea4fdf943521afedc4ccf\/download\/foto_de_entregues_dos_equipamentos_(6).jpg","datePublished":"2023-11-29T14:46:25+00:00","dateModified":"2024-07-31T16:01:07+00:00","author":{"@id":"https:\/\/rem.sema.mt.gov.br\/#\/schema\/person\/c1c87c5fec98c415b7dd9f1c8b5e1d18"},"description":"Proteger o territ\u00f3rio Xingu com tecnologia e vigil\u00e2ncia eficientes, apoiadas pelo Programa REM MT para combater atividades ilegais.","breadcrumb":{"@id":"https:\/\/rem.sema.mt.gov.br\/noticias\/para-proteger-o-territorio-de-atividades-ilegais-rem-mt-compra-equipamentos-tecnologicos-para-comunidades-indigenas-do-xingu\/#breadcrumb"},"inLanguage":"en-US","potentialAction":[{"@type":"ReadAction","target":["https:\/\/rem.sema.mt.gov.br\/noticias\/para-proteger-o-territorio-de-atividades-ilegais-rem-mt-compra-equipamentos-tecnologicos-para-comunidades-indigenas-do-xingu\/"]}]},{"@type":"ImageObject","inLanguage":"en-US","@id":"https:\/\/rem.sema.mt.gov.br\/noticias\/para-proteger-o-territorio-de-atividades-ilegais-rem-mt-compra-equipamentos-tecnologicos-para-comunidades-indigenas-do-xingu\/#primaryimage","url":"https:\/\/trello.com\/1\/cards\/652ea4fdf943521afedc4964\/attachments\/652ea4fdf943521afedc4cc9\/previews\/652ea4fdf943521afedc4ccf\/download\/foto_de_entregues_dos_equipamentos_(6).jpg","contentUrl":"https:\/\/trello.com\/1\/cards\/652ea4fdf943521afedc4964\/attachments\/652ea4fdf943521afedc4cc9\/previews\/652ea4fdf943521afedc4ccf\/download\/foto_de_entregues_dos_equipamentos_(6).jpg"},{"@type":"BreadcrumbList","@id":"https:\/\/rem.sema.mt.gov.br\/noticias\/para-proteger-o-territorio-de-atividades-ilegais-rem-mt-compra-equipamentos-tecnologicos-para-comunidades-indigenas-do-xingu\/#breadcrumb","itemListElement":[{"@type":"ListItem","position":1,"name":"In\u00edcio","item":"https:\/\/rem.sema.mt.gov.br\/"},{"@type":"ListItem","position":2,"name":"Para proteger o territ\u00f3rio de atividades ilegais, REM MT compra equipamentos tecnol\u00f3gicos para comunidades ind\u00edgenas do Xingu"}]},{"@type":"WebSite","@id":"https:\/\/rem.sema.mt.gov.br\/#website","url":"https:\/\/rem.sema.mt.gov.br\/","name":"REM","description":"Mato Grosso","potentialAction":[{"@type":"SearchAction","target":{"@type":"EntryPoint","urlTemplate":"https:\/\/rem.sema.mt.gov.br\/?s={search_term_string}"},"query-input":{"@type":"PropertyValueSpecification","valueRequired":true,"valueName":"search_term_string"}}],"inLanguage":"en-US"}]}},"_links":{"self":[{"href":"https:\/\/rem.sema.mt.gov.br\/en\/wp-json\/wp\/v2\/posts\/698","targetHints":{"allow":["GET"]}}],"collection":[{"href":"https:\/\/rem.sema.mt.gov.br\/en\/wp-json\/wp\/v2\/posts"}],"about":[{"href":"https:\/\/rem.sema.mt.gov.br\/en\/wp-json\/wp\/v2\/types\/post"}],"author":[{"embeddable":true,"href":"https:\/\/rem.sema.mt.gov.br\/en\/wp-json\/wp\/v2\/users\/2"}],"replies":[{"embeddable":true,"href":"https:\/\/rem.sema.mt.gov.br\/en\/wp-json\/wp\/v2\/comments?post=698"}],"version-history":[{"count":2,"href":"https:\/\/rem.sema.mt.gov.br\/en\/wp-json\/wp\/v2\/posts\/698\/revisions"}],"predecessor-version":[{"id":5435,"href":"https:\/\/rem.sema.mt.gov.br\/en\/wp-json\/wp\/v2\/posts\/698\/revisions\/5435"}],"wp:attachment":[{"href":"https:\/\/rem.sema.mt.gov.br\/en\/wp-json\/wp\/v2\/media?parent=698"}],"wp:term":[{"taxonomy":"category","embeddable":true,"href":"https:\/\/rem.sema.mt.gov.br\/en\/wp-json\/wp\/v2\/categories?post=698"},{"taxonomy":"post_tag","embeddable":true,"href":"https:\/\/rem.sema.mt.gov.br\/en\/wp-json\/wp\/v2\/tags?post=698"}],"curies":[{"name":"wp","href":"https:\/\/api.w.org\/{rel}","templated":true}]}}