{"id":712,"date":"2024-01-16T11:48:10","date_gmt":"2024-01-16T14:48:10","guid":{"rendered":"https:\/\/devsweb.com.br\/rem_wp\/oficina-capacita-monitores-comunitarios-para-atuarem-junto-as-associacoes-e-cooperativas-apoiadas-pelo-programa-rem\/"},"modified":"2024-06-22T10:09:28","modified_gmt":"2024-06-22T13:09:28","slug":"oficina-capacita-monitores-comunitarios-para-atuarem-junto-as-associacoes-e-cooperativas-apoiadas-pelo-programa-rem","status":"publish","type":"post","link":"https:\/\/rem.sema.mt.gov.br\/en\/noticias\/oficina-capacita-monitores-comunitarios-para-atuarem-junto-as-associacoes-e-cooperativas-apoiadas-pelo-programa-rem\/","title":{"rendered":"Oficina capacita monitores comunit\u00e1rios para atuarem junto \u00e0s associa\u00e7\u00f5es e cooperativas apoiadas pelo Programa REM"},"content":{"rendered":"<p dir=\"ltr\"><span style=\"font-size: 14pt;\"><img fetchpriority=\"high\" decoding=\"async\" class=\"CToWUd a6T\" style=\"display: block; margin-left: auto; margin-right: auto;\" tabindex=\"0\" src=\"https:\/\/lh7-us.googleusercontent.com\/ZGD0r2PYnpcQNCJrmaTY2XWZZ6vSfwsnv0VUheMoPQR8tgNZuvQu4iGvc-BoWtNW93cA4HsJLlkQhq7hPLvSTmTkCfH-ii0HPfot5Ddm3ztE3jXACPHJPoYoMZ5PgN0JVJUqO5oZL4sFra1XCPItnyU\" width=\"602\" height=\"337\" crossorigin=\"\" data-bit=\"iit\" \/><\/span><\/p>\n<p dir=\"ltr\" style=\"text-align: justify;\"><span style=\"font-size: 14pt;\"><span style=\"font-size: 36pt;\"><strong>N<\/strong><\/span>o intuito de fortalecer a gest\u00e3o sustent\u00e1vel das cadeias de valor da sociobiodiversidade, o Programa REM MT contratou uma empresa para fazer o monitoramento e treinamento da Oficina de Monitores dos Planos de Gest\u00e3o das Cadeias de Valor. Esta iniciativa tem como objetivo capacitar profissionais para atuar diretamente com agricultores, povos e comunidades tradicionais, visando impulsionar pr\u00e1ticas agr\u00edcolas sustent\u00e1veis, promover a conserva\u00e7\u00e3o da biodiversidade e valorizar o trabalho e autonomia dos povos tradicionais.<\/span><\/p>\n<p dir=\"ltr\" style=\"text-align: justify;\"><span style=\"font-size: 14pt;\">A oficina, que ocorreu nos dias 10 a 12 de janeiro e foi realizada pela Consultoria Devallor, proporcionou aos monitores uma capacita\u00e7\u00e3o abrangente sobre os planos de gest\u00e3o em que o REM MT atua no estado, que se encerram neste ano.<\/span><\/p>\n<p dir=\"ltr\" style=\"text-align: justify;\"><span style=\"font-size: 14pt;\">Ao todo, 16 candidatos participaram da capacita\u00e7\u00e3o, mas apenas 12 ser\u00e3o selecionados. No entanto, segundo o diretor executivo de Devallor,\u00a0\u00a0<\/span><span style=\"font-size: 14pt;\">Fragoso J\u00fanior, o treinamento s\u00f3 favorece os agricultores familiares atendidos.<\/span><\/p>\n<p dir=\"ltr\"><span style=\"font-size: 14pt;\"><img decoding=\"async\" class=\"CToWUd a6T\" style=\"display: block; margin-left: auto; margin-right: auto;\" tabindex=\"0\" src=\"https:\/\/lh7-us.googleusercontent.com\/fXbVCIoJK8ktRFZVHQzCvzuLVoYc9WexlOuTommDvLXgxkKz18bQaBm1kBxAmksf5CZTHzS00JZo7HxUbNqE04yJatBALjAw8r8pu7mMwuRKM4Br8aW2RvMxTwJVOvaennln7vvAWE9MbNxYkPMzyoE\" width=\"602\" height=\"601\" crossorigin=\"\" data-bit=\"iit\" \/><\/span><\/p>\n<blockquote>\n<p dir=\"ltr\" style=\"text-align: justify;\"><span style=\"font-size: 14pt;\">\u201cTrabalhamos com diferentes cadeias de valor e empreendimentos. Ent\u00e3o, estamos aqui hoje com 16 pessoas que foram pra essa segunda fase de sele\u00e7\u00e3o, e nesse encontro temos um elemento de treinamento tamb\u00e9m. Porque o REM acredita que tem um legado que se deixa de transforma\u00e7\u00e3o no territ\u00f3rio, de instalar compet\u00eancias para esses territ\u00f3rios, e essas pessoas mesmo n\u00e3o sendo selecionadas, elas fazem parte da agricultura familiar e de povos e comunidades tradicionais, elas atuam com esses empreendimentos\u201d, pontua.\u00a0<\/span><\/p>\n<\/blockquote>\n<p dir=\"ltr\" style=\"text-align: justify;\"><span style=\"font-size: 14pt;\">O Programa REM MT tem se destacado como um catalisador para a implementa\u00e7\u00e3o de pr\u00e1ticas sustent\u00e1veis no estado de Mato Grosso, contribuindo ainda para o fortalecimento da economia dessas comunidades.<\/span><\/p>\n<p dir=\"ltr\" style=\"text-align: justify;\"><span style=\"font-size: 14pt;\">Al\u00e9m de explicar como funciona o programa, a oficina busca incentivar a cria\u00e7\u00e3o de redes de monitoramento que conectem os diversos agentes envolvidos nas cadeias de valor da sociobiodiversidade, promovendo uma abordagem integrada e colaborativa para os desafios enfrentados por essas comunidades.<\/span><\/p>\n<p dir=\"ltr\" style=\"text-align: justify;\"><span style=\"font-size: 14pt;\">O ponto focal do subprograma de Agricultura Familiar e de Povos e Comunidades Tradicionais (AFPCT), Leonardo Vivaldini, explicou para os participantes o que \u00e9 o subprograma.<\/span><\/p>\n<p dir=\"ltr\"><span style=\"font-size: 14pt;\"><img decoding=\"async\" class=\"CToWUd a6T\" style=\"display: block; margin-left: auto; margin-right: auto;\" tabindex=\"0\" src=\"https:\/\/lh7-us.googleusercontent.com\/j79_2dIJVO2jmV5pkdWXNEOQmRtXaj2xzx-UfiviMXx17RkrhK8fNVLY5stl25UxqHkUjMbEW6LwBAWk9UUTgxiOH7Nob0XWy5cqSi2iS54hKf8W3vq9rCUjQlYmqvkl_kr0dAihm6TFpKdfSBn5Md0\" width=\"602\" height=\"337\" crossorigin=\"\" data-bit=\"iit\" \/><\/span><\/p>\n<blockquote>\n<p dir=\"ltr\" style=\"text-align: justify;\"><span style=\"font-size: 14pt;\">\u201cO subprograma \u00e9 voltado para cadeias de valor, de apoio \u00e0s organiza\u00e7\u00f5es da agricultura familiar e de povos e comunidades tradicionais. Ele traz uma mensagem mais ampla do programa, que traz a quest\u00e3o da valoriza\u00e7\u00e3o das florestas. Todo esse arcabou\u00e7o que foi reestruturado, desde a capta\u00e7\u00e3o desse recurso at\u00e9 esse recurso de fato chegar nas organiza\u00e7\u00f5es, cooperativas e associa\u00e7\u00f5es, ele passa por essa grande mensagem que o estado de Mato Grosso teve uma redu\u00e7\u00e3o do desmatamento\u201d, cita.\u00a0<\/span><\/p>\n<\/blockquote>\n<p dir=\"ltr\" style=\"text-align: justify;\"><span style=\"font-size: 14pt;\">A engenheira agr\u00f4noma, P\u00e2mella Magalh\u00e3es, \u00e9 uma das candidatas \u00e0 vaga de monitora comunit\u00e1ria e j\u00e1 atua com agricultores familiares na regi\u00e3o da baixada cuiabana que atuam com a olericultura e fruticultura, sendo a banana e mandioca os carros-chefes da produ\u00e7\u00e3o.<\/span><\/p>\n<p dir=\"ltr\" style=\"text-align: justify;\"><span style=\"font-size: 14pt;\">Ela presta assist\u00eancia t\u00e9cnica para as fam\u00edlias, assim como a parte de ger\u00eancia. \u201cA parte t\u00e9cnica tanto da produ\u00e7\u00e3o, no manejo integrado de praga, na \u00e9poca de plantio, manejo de irriga\u00e7\u00e3o e na parte gerencial, quanto verificando os custos de despesa e na parte de documenta\u00e7\u00e3o de acesso a projetos e aquisi\u00e7\u00e3o de alimentos\u201d, explica.<\/span><\/p>\n<blockquote>\n<p dir=\"ltr\" style=\"text-align: justify;\"><span style=\"font-size: 14pt;\">Com a capacita\u00e7\u00e3o, ela tem a expectativa de melhorar o acompanhamento. \u201cOs produtores rurais que a gente est\u00e1 acompanhando aqui na baixada cuiabana, est\u00e3o inseridos no programa REM MT, ent\u00e3o nossa expectativa \u00e9 entender um pouco melhor do projeto para estar auxiliando os produtores no dia a dia, a cumprir todos os prazos, tarefas e obter o sucesso nesse projeto, e que traga melhorias para todas as fam\u00edlias\u201d, celebra.\u00a0\u00a0<\/span><\/p>\n<\/blockquote>","protected":false},"excerpt":{"rendered":"<p>No intuito de fortalecer a gest\u00e3o sustent\u00e1vel das cadeias de valor da sociobiodiversidade, o Programa REM MT contratou uma empresa para fazer o monitoramento e treinamento da Oficina de Monitores dos Planos de Gest\u00e3o das Cadeias de Valor. Esta iniciativa tem como objetivo capacitar profissionais para atuar diretamente com agricultores, povos e comunidades tradicionais, visando [&hellip;]<\/p>","protected":false},"author":2,"featured_media":0,"comment_status":"open","ping_status":"open","sticky":false,"template":"","format":"standard","meta":{"_eb_attr":"","ocean_post_layout":"","ocean_both_sidebars_style":"","ocean_both_sidebars_content_width":0,"ocean_both_sidebars_sidebars_width":0,"ocean_sidebar":"","ocean_second_sidebar":"","ocean_disable_margins":"enable","ocean_add_body_class":"","ocean_shortcode_before_top_bar":"","ocean_shortcode_after_top_bar":"","ocean_shortcode_before_header":"","ocean_shortcode_after_header":"","ocean_has_shortcode":"","ocean_shortcode_after_title":"","ocean_shortcode_before_footer_widgets":"","ocean_shortcode_after_footer_widgets":"","ocean_shortcode_before_footer_bottom":"","ocean_shortcode_after_footer_bottom":"","ocean_display_top_bar":"default","ocean_display_header":"default","ocean_header_style":"","ocean_center_header_left_menu":"","ocean_custom_header_template":"","ocean_custom_logo":0,"ocean_custom_retina_logo":0,"ocean_custom_logo_max_width":0,"ocean_custom_logo_tablet_max_width":0,"ocean_custom_logo_mobile_max_width":0,"ocean_custom_logo_max_height":0,"ocean_custom_logo_tablet_max_height":0,"ocean_custom_logo_mobile_max_height":0,"ocean_header_custom_menu":"","ocean_menu_typo_font_family":"","ocean_menu_typo_font_subset":"","ocean_menu_typo_font_size":0,"ocean_menu_typo_font_size_tablet":0,"ocean_menu_typo_font_size_mobile":0,"ocean_menu_typo_font_size_unit":"px","ocean_menu_typo_font_weight":"","ocean_menu_typo_font_weight_tablet":"","ocean_menu_typo_font_weight_mobile":"","ocean_menu_typo_transform":"","ocean_menu_typo_transform_tablet":"","ocean_menu_typo_transform_mobile":"","ocean_menu_typo_line_height":0,"ocean_menu_typo_line_height_tablet":0,"ocean_menu_typo_line_height_mobile":0,"ocean_menu_typo_line_height_unit":"","ocean_menu_typo_spacing":0,"ocean_menu_typo_spacing_tablet":0,"ocean_menu_typo_spacing_mobile":0,"ocean_menu_typo_spacing_unit":"","ocean_menu_link_color":"","ocean_menu_link_color_hover":"","ocean_menu_link_color_active":"","ocean_menu_link_background":"","ocean_menu_link_hover_background":"","ocean_menu_link_active_background":"","ocean_menu_social_links_bg":"","ocean_menu_social_hover_links_bg":"","ocean_menu_social_links_color":"","ocean_menu_social_hover_links_color":"","ocean_disable_title":"default","ocean_disable_heading":"default","ocean_post_title":"","ocean_post_subheading":"","ocean_post_title_style":"","ocean_post_title_background_color":"","ocean_post_title_background":0,"ocean_post_title_bg_image_position":"","ocean_post_title_bg_image_attachment":"","ocean_post_title_bg_image_repeat":"","ocean_post_title_bg_image_size":"","ocean_post_title_height":0,"ocean_post_title_bg_overlay":0.5,"ocean_post_title_bg_overlay_color":"","ocean_disable_breadcrumbs":"default","ocean_breadcrumbs_color":"","ocean_breadcrumbs_separator_color":"","ocean_breadcrumbs_links_color":"","ocean_breadcrumbs_links_hover_color":"","ocean_display_footer_widgets":"default","ocean_display_footer_bottom":"default","ocean_custom_footer_template":"","ocean_post_oembed":"","ocean_post_self_hosted_media":"","ocean_post_video_embed":"","ocean_link_format":"","ocean_link_format_target":"self","ocean_quote_format":"","ocean_quote_format_link":"post","ocean_gallery_link_images":"on","ocean_gallery_id":[],"footnotes":""},"categories":[50,19],"tags":[],"class_list":["post-712","post","type-post","status-publish","format-standard","hentry","category-agricultura-familiar","category-noticias","entry"],"yoast_head":"<!-- This site is optimized with the Yoast SEO plugin v27.5 - https:\/\/yoast.com\/product\/yoast-seo-wordpress\/ -->\n<title>Oficina Monitores REM MT: Gest\u00e3o Sustent\u00e1vel<\/title>\n<meta name=\"description\" content=\"Oficina capacita monitores comunit\u00e1rios do REM MT para gest\u00e3o sustent\u00e1vel, visando pr\u00e1ticas agr\u00edcolas e valoriza\u00e7\u00e3o de povos tradicionais.\" \/>\n<meta name=\"robots\" content=\"index, follow, max-snippet:-1, max-image-preview:large, max-video-preview:-1\" \/>\n<link rel=\"canonical\" href=\"https:\/\/rem.sema.mt.gov.br\/en\/noticias\/oficina-capacita-monitores-comunitarios-para-atuarem-junto-as-associacoes-e-cooperativas-apoiadas-pelo-programa-rem\/\" \/>\n<meta property=\"og:locale\" content=\"en_US\" \/>\n<meta property=\"og:type\" content=\"article\" \/>\n<meta property=\"og:title\" content=\"Oficina Monitores REM MT: Gest\u00e3o Sustent\u00e1vel\" \/>\n<meta property=\"og:description\" content=\"Oficina capacita monitores comunit\u00e1rios do REM MT para gest\u00e3o sustent\u00e1vel, visando pr\u00e1ticas agr\u00edcolas e valoriza\u00e7\u00e3o de povos tradicionais.\" \/>\n<meta property=\"og:url\" content=\"https:\/\/rem.sema.mt.gov.br\/en\/noticias\/oficina-capacita-monitores-comunitarios-para-atuarem-junto-as-associacoes-e-cooperativas-apoiadas-pelo-programa-rem\/\" \/>\n<meta property=\"og:site_name\" content=\"REM\" \/>\n<meta property=\"article:published_time\" content=\"2024-01-16T14:48:10+00:00\" \/>\n<meta property=\"article:modified_time\" content=\"2024-06-22T13:09:28+00:00\" \/>\n<meta property=\"og:image\" content=\"https:\/\/lh7-us.googleusercontent.com\/ZGD0r2PYnpcQNCJrmaTY2XWZZ6vSfwsnv0VUheMoPQR8tgNZuvQu4iGvc-BoWtNW93cA4HsJLlkQhq7hPLvSTmTkCfH-ii0HPfot5Ddm3ztE3jXACPHJPoYoMZ5PgN0JVJUqO5oZL4sFra1XCPItnyU\" \/>\n<meta name=\"author\" content=\"Nvlo\" \/>\n<meta name=\"twitter:card\" content=\"summary_large_image\" \/>\n<meta name=\"twitter:label1\" content=\"Written by\" \/>\n\t<meta name=\"twitter:data1\" content=\"Nvlo\" \/>\n\t<meta name=\"twitter:label2\" content=\"Est. reading time\" \/>\n\t<meta name=\"twitter:data2\" content=\"3 minutes\" \/>\n<script type=\"application\/ld+json\" class=\"yoast-schema-graph\">{\"@context\":\"https:\\\/\\\/schema.org\",\"@graph\":[{\"@type\":\"WebPage\",\"@id\":\"https:\\\/\\\/rem.sema.mt.gov.br\\\/noticias\\\/oficina-capacita-monitores-comunitarios-para-atuarem-junto-as-associacoes-e-cooperativas-apoiadas-pelo-programa-rem\\\/\",\"url\":\"https:\\\/\\\/rem.sema.mt.gov.br\\\/noticias\\\/oficina-capacita-monitores-comunitarios-para-atuarem-junto-as-associacoes-e-cooperativas-apoiadas-pelo-programa-rem\\\/\",\"name\":\"Oficina Monitores REM MT: Gest\u00e3o Sustent\u00e1vel\",\"isPartOf\":{\"@id\":\"https:\\\/\\\/rem.sema.mt.gov.br\\\/#website\"},\"primaryImageOfPage\":{\"@id\":\"https:\\\/\\\/rem.sema.mt.gov.br\\\/noticias\\\/oficina-capacita-monitores-comunitarios-para-atuarem-junto-as-associacoes-e-cooperativas-apoiadas-pelo-programa-rem\\\/#primaryimage\"},\"image\":{\"@id\":\"https:\\\/\\\/rem.sema.mt.gov.br\\\/noticias\\\/oficina-capacita-monitores-comunitarios-para-atuarem-junto-as-associacoes-e-cooperativas-apoiadas-pelo-programa-rem\\\/#primaryimage\"},\"thumbnailUrl\":\"https:\\\/\\\/lh7-us.googleusercontent.com\\\/ZGD0r2PYnpcQNCJrmaTY2XWZZ6vSfwsnv0VUheMoPQR8tgNZuvQu4iGvc-BoWtNW93cA4HsJLlkQhq7hPLvSTmTkCfH-ii0HPfot5Ddm3ztE3jXACPHJPoYoMZ5PgN0JVJUqO5oZL4sFra1XCPItnyU\",\"datePublished\":\"2024-01-16T14:48:10+00:00\",\"dateModified\":\"2024-06-22T13:09:28+00:00\",\"author\":{\"@id\":\"https:\\\/\\\/rem.sema.mt.gov.br\\\/#\\\/schema\\\/person\\\/c1c87c5fec98c415b7dd9f1c8b5e1d18\"},\"description\":\"Oficina capacita monitores comunit\u00e1rios do REM MT para gest\u00e3o sustent\u00e1vel, visando pr\u00e1ticas agr\u00edcolas e valoriza\u00e7\u00e3o de povos tradicionais.\",\"breadcrumb\":{\"@id\":\"https:\\\/\\\/rem.sema.mt.gov.br\\\/noticias\\\/oficina-capacita-monitores-comunitarios-para-atuarem-junto-as-associacoes-e-cooperativas-apoiadas-pelo-programa-rem\\\/#breadcrumb\"},\"inLanguage\":\"en-US\",\"potentialAction\":[{\"@type\":\"ReadAction\",\"target\":[\"https:\\\/\\\/rem.sema.mt.gov.br\\\/noticias\\\/oficina-capacita-monitores-comunitarios-para-atuarem-junto-as-associacoes-e-cooperativas-apoiadas-pelo-programa-rem\\\/\"]}]},{\"@type\":\"ImageObject\",\"inLanguage\":\"en-US\",\"@id\":\"https:\\\/\\\/rem.sema.mt.gov.br\\\/noticias\\\/oficina-capacita-monitores-comunitarios-para-atuarem-junto-as-associacoes-e-cooperativas-apoiadas-pelo-programa-rem\\\/#primaryimage\",\"url\":\"https:\\\/\\\/lh7-us.googleusercontent.com\\\/ZGD0r2PYnpcQNCJrmaTY2XWZZ6vSfwsnv0VUheMoPQR8tgNZuvQu4iGvc-BoWtNW93cA4HsJLlkQhq7hPLvSTmTkCfH-ii0HPfot5Ddm3ztE3jXACPHJPoYoMZ5PgN0JVJUqO5oZL4sFra1XCPItnyU\",\"contentUrl\":\"https:\\\/\\\/lh7-us.googleusercontent.com\\\/ZGD0r2PYnpcQNCJrmaTY2XWZZ6vSfwsnv0VUheMoPQR8tgNZuvQu4iGvc-BoWtNW93cA4HsJLlkQhq7hPLvSTmTkCfH-ii0HPfot5Ddm3ztE3jXACPHJPoYoMZ5PgN0JVJUqO5oZL4sFra1XCPItnyU\"},{\"@type\":\"BreadcrumbList\",\"@id\":\"https:\\\/\\\/rem.sema.mt.gov.br\\\/noticias\\\/oficina-capacita-monitores-comunitarios-para-atuarem-junto-as-associacoes-e-cooperativas-apoiadas-pelo-programa-rem\\\/#breadcrumb\",\"itemListElement\":[{\"@type\":\"ListItem\",\"position\":1,\"name\":\"In\u00edcio\",\"item\":\"https:\\\/\\\/rem.sema.mt.gov.br\\\/\"},{\"@type\":\"ListItem\",\"position\":2,\"name\":\"Oficina capacita monitores comunit\u00e1rios para atuarem junto \u00e0s associa\u00e7\u00f5es e cooperativas apoiadas pelo Programa REM\"}]},{\"@type\":\"WebSite\",\"@id\":\"https:\\\/\\\/rem.sema.mt.gov.br\\\/#website\",\"url\":\"https:\\\/\\\/rem.sema.mt.gov.br\\\/\",\"name\":\"REM\",\"description\":\"Mato Grosso\",\"potentialAction\":[{\"@type\":\"SearchAction\",\"target\":{\"@type\":\"EntryPoint\",\"urlTemplate\":\"https:\\\/\\\/rem.sema.mt.gov.br\\\/?s={search_term_string}\"},\"query-input\":{\"@type\":\"PropertyValueSpecification\",\"valueRequired\":true,\"valueName\":\"search_term_string\"}}],\"inLanguage\":\"en-US\"}]}<\/script>\n<!-- \/ Yoast SEO plugin. -->","yoast_head_json":{"title":"Oficina Monitores REM MT: Gest\u00e3o Sustent\u00e1vel","description":"Oficina capacita monitores comunit\u00e1rios do REM MT para gest\u00e3o sustent\u00e1vel, visando pr\u00e1ticas agr\u00edcolas e valoriza\u00e7\u00e3o de povos tradicionais.","robots":{"index":"index","follow":"follow","max-snippet":"max-snippet:-1","max-image-preview":"max-image-preview:large","max-video-preview":"max-video-preview:-1"},"canonical":"https:\/\/rem.sema.mt.gov.br\/en\/noticias\/oficina-capacita-monitores-comunitarios-para-atuarem-junto-as-associacoes-e-cooperativas-apoiadas-pelo-programa-rem\/","og_locale":"en_US","og_type":"article","og_title":"Oficina Monitores REM MT: Gest\u00e3o Sustent\u00e1vel","og_description":"Oficina capacita monitores comunit\u00e1rios do REM MT para gest\u00e3o sustent\u00e1vel, visando pr\u00e1ticas agr\u00edcolas e valoriza\u00e7\u00e3o de povos tradicionais.","og_url":"https:\/\/rem.sema.mt.gov.br\/en\/noticias\/oficina-capacita-monitores-comunitarios-para-atuarem-junto-as-associacoes-e-cooperativas-apoiadas-pelo-programa-rem\/","og_site_name":"REM","article_published_time":"2024-01-16T14:48:10+00:00","article_modified_time":"2024-06-22T13:09:28+00:00","og_image":[{"url":"https:\/\/lh7-us.googleusercontent.com\/ZGD0r2PYnpcQNCJrmaTY2XWZZ6vSfwsnv0VUheMoPQR8tgNZuvQu4iGvc-BoWtNW93cA4HsJLlkQhq7hPLvSTmTkCfH-ii0HPfot5Ddm3ztE3jXACPHJPoYoMZ5PgN0JVJUqO5oZL4sFra1XCPItnyU","type":"","width":"","height":""}],"author":"Nvlo","twitter_card":"summary_large_image","twitter_misc":{"Written by":"Nvlo","Est. reading time":"3 minutes"},"schema":{"@context":"https:\/\/schema.org","@graph":[{"@type":"WebPage","@id":"https:\/\/rem.sema.mt.gov.br\/noticias\/oficina-capacita-monitores-comunitarios-para-atuarem-junto-as-associacoes-e-cooperativas-apoiadas-pelo-programa-rem\/","url":"https:\/\/rem.sema.mt.gov.br\/noticias\/oficina-capacita-monitores-comunitarios-para-atuarem-junto-as-associacoes-e-cooperativas-apoiadas-pelo-programa-rem\/","name":"Oficina Monitores REM MT: Gest\u00e3o Sustent\u00e1vel","isPartOf":{"@id":"https:\/\/rem.sema.mt.gov.br\/#website"},"primaryImageOfPage":{"@id":"https:\/\/rem.sema.mt.gov.br\/noticias\/oficina-capacita-monitores-comunitarios-para-atuarem-junto-as-associacoes-e-cooperativas-apoiadas-pelo-programa-rem\/#primaryimage"},"image":{"@id":"https:\/\/rem.sema.mt.gov.br\/noticias\/oficina-capacita-monitores-comunitarios-para-atuarem-junto-as-associacoes-e-cooperativas-apoiadas-pelo-programa-rem\/#primaryimage"},"thumbnailUrl":"https:\/\/lh7-us.googleusercontent.com\/ZGD0r2PYnpcQNCJrmaTY2XWZZ6vSfwsnv0VUheMoPQR8tgNZuvQu4iGvc-BoWtNW93cA4HsJLlkQhq7hPLvSTmTkCfH-ii0HPfot5Ddm3ztE3jXACPHJPoYoMZ5PgN0JVJUqO5oZL4sFra1XCPItnyU","datePublished":"2024-01-16T14:48:10+00:00","dateModified":"2024-06-22T13:09:28+00:00","author":{"@id":"https:\/\/rem.sema.mt.gov.br\/#\/schema\/person\/c1c87c5fec98c415b7dd9f1c8b5e1d18"},"description":"Oficina capacita monitores comunit\u00e1rios do REM MT para gest\u00e3o sustent\u00e1vel, visando pr\u00e1ticas agr\u00edcolas e valoriza\u00e7\u00e3o de povos tradicionais.","breadcrumb":{"@id":"https:\/\/rem.sema.mt.gov.br\/noticias\/oficina-capacita-monitores-comunitarios-para-atuarem-junto-as-associacoes-e-cooperativas-apoiadas-pelo-programa-rem\/#breadcrumb"},"inLanguage":"en-US","potentialAction":[{"@type":"ReadAction","target":["https:\/\/rem.sema.mt.gov.br\/noticias\/oficina-capacita-monitores-comunitarios-para-atuarem-junto-as-associacoes-e-cooperativas-apoiadas-pelo-programa-rem\/"]}]},{"@type":"ImageObject","inLanguage":"en-US","@id":"https:\/\/rem.sema.mt.gov.br\/noticias\/oficina-capacita-monitores-comunitarios-para-atuarem-junto-as-associacoes-e-cooperativas-apoiadas-pelo-programa-rem\/#primaryimage","url":"https:\/\/lh7-us.googleusercontent.com\/ZGD0r2PYnpcQNCJrmaTY2XWZZ6vSfwsnv0VUheMoPQR8tgNZuvQu4iGvc-BoWtNW93cA4HsJLlkQhq7hPLvSTmTkCfH-ii0HPfot5Ddm3ztE3jXACPHJPoYoMZ5PgN0JVJUqO5oZL4sFra1XCPItnyU","contentUrl":"https:\/\/lh7-us.googleusercontent.com\/ZGD0r2PYnpcQNCJrmaTY2XWZZ6vSfwsnv0VUheMoPQR8tgNZuvQu4iGvc-BoWtNW93cA4HsJLlkQhq7hPLvSTmTkCfH-ii0HPfot5Ddm3ztE3jXACPHJPoYoMZ5PgN0JVJUqO5oZL4sFra1XCPItnyU"},{"@type":"BreadcrumbList","@id":"https:\/\/rem.sema.mt.gov.br\/noticias\/oficina-capacita-monitores-comunitarios-para-atuarem-junto-as-associacoes-e-cooperativas-apoiadas-pelo-programa-rem\/#breadcrumb","itemListElement":[{"@type":"ListItem","position":1,"name":"In\u00edcio","item":"https:\/\/rem.sema.mt.gov.br\/"},{"@type":"ListItem","position":2,"name":"Oficina capacita monitores comunit\u00e1rios para atuarem junto \u00e0s associa\u00e7\u00f5es e cooperativas apoiadas pelo Programa REM"}]},{"@type":"WebSite","@id":"https:\/\/rem.sema.mt.gov.br\/#website","url":"https:\/\/rem.sema.mt.gov.br\/","name":"REM","description":"Mato Grosso","potentialAction":[{"@type":"SearchAction","target":{"@type":"EntryPoint","urlTemplate":"https:\/\/rem.sema.mt.gov.br\/?s={search_term_string}"},"query-input":{"@type":"PropertyValueSpecification","valueRequired":true,"valueName":"search_term_string"}}],"inLanguage":"en-US"}]}},"_links":{"self":[{"href":"https:\/\/rem.sema.mt.gov.br\/en\/wp-json\/wp\/v2\/posts\/712","targetHints":{"allow":["GET"]}}],"collection":[{"href":"https:\/\/rem.sema.mt.gov.br\/en\/wp-json\/wp\/v2\/posts"}],"about":[{"href":"https:\/\/rem.sema.mt.gov.br\/en\/wp-json\/wp\/v2\/types\/post"}],"author":[{"embeddable":true,"href":"https:\/\/rem.sema.mt.gov.br\/en\/wp-json\/wp\/v2\/users\/2"}],"replies":[{"embeddable":true,"href":"https:\/\/rem.sema.mt.gov.br\/en\/wp-json\/wp\/v2\/comments?post=712"}],"version-history":[{"count":2,"href":"https:\/\/rem.sema.mt.gov.br\/en\/wp-json\/wp\/v2\/posts\/712\/revisions"}],"predecessor-version":[{"id":4213,"href":"https:\/\/rem.sema.mt.gov.br\/en\/wp-json\/wp\/v2\/posts\/712\/revisions\/4213"}],"wp:attachment":[{"href":"https:\/\/rem.sema.mt.gov.br\/en\/wp-json\/wp\/v2\/media?parent=712"}],"wp:term":[{"taxonomy":"category","embeddable":true,"href":"https:\/\/rem.sema.mt.gov.br\/en\/wp-json\/wp\/v2\/categories?post=712"},{"taxonomy":"post_tag","embeddable":true,"href":"https:\/\/rem.sema.mt.gov.br\/en\/wp-json\/wp\/v2\/tags?post=712"}],"curies":[{"name":"wp","href":"https:\/\/api.w.org\/{rel}","templated":true}]}}